{"id":23444,"date":"2020-07-07T10:32:23","date_gmt":"2020-07-07T13:32:23","guid":{"rendered":"https:\/\/radiofobia.com.br\/podcast\/?p=23444"},"modified":"2022-05-01T22:24:01","modified_gmt":"2022-05-02T01:24:01","slug":"texto-sentido-026-estrada-de-terra","status":"publish","type":"post","link":"https:\/\/radiofobia.com.br\/podcast\/2020\/07\/texto-sentido-026-estrada-de-terra\/","title":{"rendered":"TEXTO SENTIDO 026 &#8211; Estrada de terra"},"content":{"rendered":"<p><iframe src=\"https:\/\/omny.fm\/shows\/texto-sentido\/texto-sentido-026-estrada-de-terra\/embed\" allow=\"autoplay; clipboard-write\" width=\"100%\" height=\"180\" frameborder=\"0\" title=\"TEXTO SENTIDO 026 \u2013 Estrada de terra\"><\/iframe><\/p>\n<p>A compara\u00e7\u00e3o de nossas vidas a uma simples estrada de terra: reflex\u00e3o de <strong>Ant\u00f4nio Viviani<\/strong> que apresentamos neste epis\u00f3dio do Podcast Texto Sentido, que sempre conta com as trilhas sonoras de <strong>Marcelo Gagliotti<\/strong>.<\/p>\n<p>Vamos ouvir?<\/p>\n<p>Vamos sentir?<\/p>\n<p>Se voc\u00ea tem algo escrito de sua autoria ou de algu\u00e9m que concorde que seja publicado aqui, envie para o e-mail: <a href=\"mailto:podcasttextosentido@gmail.com\" target=\"_blank\" rel=\"noopener noreferrer\"><strong>podcasttextosentido@gmail.com<\/strong><\/a>.<\/p>\n<p>&nbsp;<\/p>\n<p><em><span style=\"text-decoration: underline;\"><strong>Estrada de terra<\/strong><\/span><\/em><\/p>\n<p><strong><em>Somos todos como uma estrada de terra ou, como se diz l\u00e1 no interiorz\u00e3o, estrada de ch\u00e3o batido.<\/em><\/strong><\/p>\n<p><strong><em>Sujeitos ao sol, \u00e0 chuva, ao vento&#8230;<\/em><\/strong><\/p>\n<p><strong><em>Enfim, muito mais influenciados pelas intemp\u00e9ries externas do que pelas internas.<\/em><\/strong><\/p>\n<p><strong><em>Um dia surge um buraco ali e noutros surge uma pedra, uma po\u00e7a, ficamos mais ou menos poeirentos,<\/em><\/strong><\/p>\n<p><strong><em>enlameados, amassados por quem pisa ou passa sobre a estrada. \u00c0s vezes fica tudo lisinho.<\/em><\/strong><\/p>\n<p><strong><em>S\u00f3 uma coisa \u00e9 certa. N\u00e3o h\u00e1 um dia sequer que a estrada seja como no dia anterior<\/em><\/strong><\/p>\n<p><strong><em>e certamente n\u00e3o ser\u00e1 a mesma no dia seguinte.<\/em><\/strong><\/p>\n<p><strong><em>\u00c9 tudo muito din\u00e2mico e, por mais que a gente queira, tem coisas que n\u00e3o conseguimos dominar.<\/em><\/strong><\/p>\n<p><strong><em>S\u00f3 uma coisa podemos fazer. Impormos, pela for\u00e7a de vontade, a dire\u00e7\u00e3o que esta estrada deve tomar<\/em><\/strong><\/p>\n<p><strong><em>com o m\u00ednimo de bifurca\u00e7\u00f5es poss\u00edvel rumo ao nosso objetivo.<\/em><\/strong><\/p>\n<p><strong><em>A&#8217;Viv<\/em><\/strong><br \/>\n<strong><em>22Ago2015<\/em><\/strong><br \/>\n<strong><em>11h56<\/em><\/strong><\/p>\n","protected":false},"excerpt":{"rendered":"<p>A compara\u00e7\u00e3o de nossas vidas a uma simples estrada de terra: reflex\u00e3o de Ant\u00f4nio Viviani que apresentamos neste epis\u00f3dio do Podcast Texto Sentido.<\/p>\n","protected":false},"author":2,"featured_media":23446,"comment_status":"open","ping_status":"closed","sticky":false,"template":"","format":"standard","meta":{"footnotes":""},"categories":[13,1971],"tags":[675,607,14,1974,1975,1972,116],"class_list":["post-23444","post","type-post","status-publish","format-standard","has-post-thumbnail","hentry","category-podcast","category-texto_sentido","tag-antonio-viviani","tag-locucao","tag-podcast","tag-poema","tag-poesia","tag-texto-sentido","tag-textos"],"_links":{"self":[{"href":"https:\/\/radiofobia.com.br\/podcast\/wp-json\/wp\/v2\/posts\/23444","targetHints":{"allow":["GET"]}}],"collection":[{"href":"https:\/\/radiofobia.com.br\/podcast\/wp-json\/wp\/v2\/posts"}],"about":[{"href":"https:\/\/radiofobia.com.br\/podcast\/wp-json\/wp\/v2\/types\/post"}],"author":[{"embeddable":true,"href":"https:\/\/radiofobia.com.br\/podcast\/wp-json\/wp\/v2\/users\/2"}],"replies":[{"embeddable":true,"href":"https:\/\/radiofobia.com.br\/podcast\/wp-json\/wp\/v2\/comments?post=23444"}],"version-history":[{"count":2,"href":"https:\/\/radiofobia.com.br\/podcast\/wp-json\/wp\/v2\/posts\/23444\/revisions"}],"predecessor-version":[{"id":27203,"href":"https:\/\/radiofobia.com.br\/podcast\/wp-json\/wp\/v2\/posts\/23444\/revisions\/27203"}],"wp:featuredmedia":[{"embeddable":true,"href":"https:\/\/radiofobia.com.br\/podcast\/wp-json\/wp\/v2\/media\/23446"}],"wp:attachment":[{"href":"https:\/\/radiofobia.com.br\/podcast\/wp-json\/wp\/v2\/media?parent=23444"}],"wp:term":[{"taxonomy":"category","embeddable":true,"href":"https:\/\/radiofobia.com.br\/podcast\/wp-json\/wp\/v2\/categories?post=23444"},{"taxonomy":"post_tag","embeddable":true,"href":"https:\/\/radiofobia.com.br\/podcast\/wp-json\/wp\/v2\/tags?post=23444"}],"curies":[{"name":"wp","href":"https:\/\/api.w.org\/{rel}","templated":true}]}}