{"id":23633,"date":"2020-08-18T10:59:39","date_gmt":"2020-08-18T13:59:39","guid":{"rendered":"https:\/\/radiofobia.com.br\/podcast\/?p=23633"},"modified":"2022-05-01T22:22:37","modified_gmt":"2022-05-02T01:22:37","slug":"texto-sentido-028-as-montanhas-da-minha-infancia","status":"publish","type":"post","link":"https:\/\/radiofobia.com.br\/podcast\/2020\/08\/texto-sentido-028-as-montanhas-da-minha-infancia\/","title":{"rendered":"TEXTO SENTIDO 028 &#8211; As montanhas da minha inf\u00e2ncia"},"content":{"rendered":"<p><iframe src=\"https:\/\/omny.fm\/shows\/texto-sentido\/texto-sentido-028-as-montanhas-da-minha-inf-ncia\/embed\" allow=\"autoplay; clipboard-write\" width=\"100%\" height=\"180\" frameborder=\"0\" title=\"TEXTO SENTIDO 028 \u2013 As montanhas da minha inf\u00e2ncia\"><\/iframe><\/p>\n<p><strong>Fernando Prati<\/strong> \u00e9 um amigo de inf\u00e2ncia de <strong>Ant\u00f4nio Viviani.<\/strong> Moravam na montanhosa Po\u00e7os de Caldas e na Rua Rio Grande do Norte, na \u00e9poca ainda de terra, brincavam quase que diariamente, como verdadeiros irm\u00e3os de inf\u00e2ncia.<\/p>\n<p>O texto do epis\u00f3dio de hoje, escrito por ele, reflete praticamente tudo o que viveram, assim como outros bons amigos que com eles conviveram e vivenciaram os bons momentos das d\u00e9cadas de 1960 e 1970. \u00c9 praticamente o que todos eles sentem ao recordarem suas inf\u00e2ncia e juventude vividas nas montanhas do Sul de Minas Gerais.<\/p>\n<p>Fernando escreveu e convidamos voc\u00ea a ouvir e sentir&#8230;<\/p>\n<p>Se voc\u00ea tem algo escrito de sua autoria ou de algu\u00e9m que concorde que seja publicado aqui, envie para o e-mail: <a href=\"mailto:podcasttextosentido@gmail.com\" target=\"_blank\" rel=\"noopener noreferrer\"><strong>podcasttextosentido@gmail.com<\/strong><\/a>.<\/p>\n<p>&nbsp;<\/p>\n<p><em><span style=\"text-decoration: underline;\"><strong>As montanhas da minha inf\u00e2ncia<\/strong><\/span><\/em><\/p>\n<p><strong><em>Uma coisa que eu gosto de fazer \u00e9 ficar sentado no banco da pra\u00e7a, olhando para aquelas montanhas que rodeiam a minha inf\u00e2ncia.<\/em><\/strong><\/p>\n<p><strong><em>Tem m\u00e1gica neste olhar. Algumas nuvens tomam a forma da minha imagina\u00e7\u00e3o e mostram meus her\u00f3is, potentes avi\u00f5es, cavalos alados,<\/em><\/strong><\/p>\n<p><strong><em>tudo que um dia foi sonhado em tempos de f\u00e9rtil adolesc\u00eancia sem compromisso.<\/em><\/strong><\/p>\n<p><strong><em>Ah! montanhas que tantas vezes subi at\u00e9 o ponto mais alto; hoje, l\u00e1 de cima,<\/em><\/strong><\/p>\n<p><strong><em>vejo os caminhos que andei, os bailes que dancei as escolas que estudei, os amores que n\u00e3o namorei.<\/em><\/strong><\/p>\n<p><strong><em>Este encontro dentro de mim como festa em discoteca faz ter a certeza de que vivendo e sonhando se pode chegar onde cheguei.<\/em><\/strong><\/p>\n<p><strong><em>Que a busca \u00e9 constante e o encontro nem sempre \u00e9 o desejado, mas se bem olhado \u00e9 tudo e muito mais que precisei.<\/em><\/strong><\/p>\n<p><strong><em>Nunca me senti o gauche que o anjo falou para Drummond, e tamb\u00e9m nem me chamo Raimundo.<\/em><\/strong><\/p>\n<p><strong><em>Sou como sempre fui, l\u00e1 do interior das Gerais, do interior de mim mesmo, sou de casa, vou chegando seguindo o cheiro do caf\u00e9 e o calor do p\u00e3o de queijo.<\/em><\/strong><\/p>\n<p><strong><em>Vou sentando querendo um dedo de prosa e dando gargalhadas com as hist\u00f3rias que vivi.<\/em><\/strong><\/p>\n<p><strong><em>E elas continuam l\u00e1, as montanhas que rodeiam a minha inf\u00e2ncia.<\/em><\/strong><\/p>\n<p><strong><em>Fernando Antonio de Mello Prati<\/em><\/strong><\/p>\n","protected":false},"excerpt":{"rendered":"<p>O texto do epis\u00f3dio de hoje reflete praticamente tudo o que os amigos viveram em sua inf\u00e2ncia na montanhosa Po\u00e7os de Caldas.<\/p>\n","protected":false},"author":2,"featured_media":23637,"comment_status":"open","ping_status":"closed","sticky":false,"template":"","format":"standard","meta":{"footnotes":""},"categories":[13,1971],"tags":[675,607,14,1974,1975,1972,116],"class_list":["post-23633","post","type-post","status-publish","format-standard","has-post-thumbnail","hentry","category-podcast","category-texto_sentido","tag-antonio-viviani","tag-locucao","tag-podcast","tag-poema","tag-poesia","tag-texto-sentido","tag-textos"],"_links":{"self":[{"href":"https:\/\/radiofobia.com.br\/podcast\/wp-json\/wp\/v2\/posts\/23633","targetHints":{"allow":["GET"]}}],"collection":[{"href":"https:\/\/radiofobia.com.br\/podcast\/wp-json\/wp\/v2\/posts"}],"about":[{"href":"https:\/\/radiofobia.com.br\/podcast\/wp-json\/wp\/v2\/types\/post"}],"author":[{"embeddable":true,"href":"https:\/\/radiofobia.com.br\/podcast\/wp-json\/wp\/v2\/users\/2"}],"replies":[{"embeddable":true,"href":"https:\/\/radiofobia.com.br\/podcast\/wp-json\/wp\/v2\/comments?post=23633"}],"version-history":[{"count":3,"href":"https:\/\/radiofobia.com.br\/podcast\/wp-json\/wp\/v2\/posts\/23633\/revisions"}],"predecessor-version":[{"id":27201,"href":"https:\/\/radiofobia.com.br\/podcast\/wp-json\/wp\/v2\/posts\/23633\/revisions\/27201"}],"wp:featuredmedia":[{"embeddable":true,"href":"https:\/\/radiofobia.com.br\/podcast\/wp-json\/wp\/v2\/media\/23637"}],"wp:attachment":[{"href":"https:\/\/radiofobia.com.br\/podcast\/wp-json\/wp\/v2\/media?parent=23633"}],"wp:term":[{"taxonomy":"category","embeddable":true,"href":"https:\/\/radiofobia.com.br\/podcast\/wp-json\/wp\/v2\/categories?post=23633"},{"taxonomy":"post_tag","embeddable":true,"href":"https:\/\/radiofobia.com.br\/podcast\/wp-json\/wp\/v2\/tags?post=23633"}],"curies":[{"name":"wp","href":"https:\/\/api.w.org\/{rel}","templated":true}]}}