{"id":23678,"date":"2020-08-31T10:00:41","date_gmt":"2020-08-31T13:00:41","guid":{"rendered":"https:\/\/radiofobia.com.br\/podcast\/?p=23678"},"modified":"2022-05-01T22:21:15","modified_gmt":"2022-05-02T01:21:15","slug":"texto-sentido-030-agostos","status":"publish","type":"post","link":"https:\/\/radiofobia.com.br\/podcast\/2020\/08\/texto-sentido-030-agostos\/","title":{"rendered":"TEXTO SENTIDO 030 &#8211; Agostos"},"content":{"rendered":"<p><iframe src=\"https:\/\/omny.fm\/shows\/texto-sentido\/texto-sentido-030-agostos\/embed\" allow=\"autoplay; clipboard-write\" width=\"100%\" height=\"180\" frameborder=\"0\" title=\"TEXTO SENTIDO 030 \u2013 Agostos\"><\/iframe><\/p>\n<p>Neste epis\u00f3dio trazemos um texto de autoria da educadora infantil <strong>Miryan Lucy de Resende<\/strong>, que, atrav\u00e9s de um pedido de <strong>Irineu Toledo<\/strong>, nos concedeu autoriza\u00e7\u00e3o para grav\u00e1-lo.<\/p>\n<p>Para ouvir e sentir&#8230;<\/p>\n<p>Se voc\u00ea tem algo escrito de sua autoria ou de algu\u00e9m que concorde que seja publicado aqui, envie para o e-mail: <a href=\"mailto:podcasttextosentido@gmail.com\" target=\"_blank\" rel=\"noopener noreferrer\"><strong>podcasttextosentido@gmail.com<\/strong><\/a>.<\/p>\n<p>&nbsp;<\/p>\n<p><em><span style=\"text-decoration: underline;\"><strong>Agostos<\/strong><\/span><\/em><\/p>\n<p><strong><em>\u201cS\u00f3 quem vive bem os agostos \u00e9 merecedor da primavera!<\/em><\/strong><br \/>\n<strong><em>Lembro-me bem. Foi quando julho se foi, que um vento mais gelado, mais destemperado, que arrastava ainda folhas deixadas pelo outono, me disse algumas verdades.<\/em><\/strong><br \/>\n<strong><em>Convenceu-me de que o c\u00e9u come\u00e7aria a apresentar metamorfoses avermelhadas.<\/em><\/strong><br \/>\n<strong><em>Que a poeira levantada por ele daria li\u00e7\u00f5es de que as coisas nem sempre ficam no mesmo lugar<\/em><\/strong><br \/>\n<strong><em>e que \u00e9 preciso aceitar que a poeira s\u00f3 assenta depois que os redemoinhos se v\u00e3o.<\/em><\/strong><br \/>\n<strong><em>Foi quando julho se foi que a minha solid\u00e3o me convidou para uma conversa. E me contou de tempo de esperas. E me disse que o barulho das \u00e1rvores tinha algo a dizer sobre aceita\u00e7\u00e3o.<\/em><\/strong><br \/>\n<strong><em>E eu fiquei pensando como elas, as \u00e1rvores, aceitam as esta\u00e7\u00f5es que, se as estremecem, tamb\u00e9m lhes florescem os galhos. Mas tudo a seu tempo.<\/em><\/strong><br \/>\n<strong><em>Foi em agosto que descobri que os cachorros loucos s\u00e3o, na verdade, os uivos que n\u00e3o lan\u00e7amos ao vento.<\/em><\/strong><br \/>\n<strong><em>S\u00e3o nossos estremecimentos particulares que a nossa rigidez de certezas n\u00e3o nos permite encarar.<\/em><\/strong><br \/>\n<strong><em>O m\u00eas de agosto tem muito a ensinar. Porque agosto \u00e9 m\u00eas jardineiro, \u00e9 dentro dele, ber\u00e7o do inverno, que as sementes dormem.<\/em><\/strong><br \/>\n<strong><em>Aguardam seu tempo de brotar. Agosto \u00e9 guardador da boa-nova, preparador de flores.<\/em><\/strong><br \/>\n<strong><em>Agosto \u00e9 quando a natureza traduz visivelmente o tempo das muta\u00e7\u00f5es.<\/em><\/strong><br \/>\n<strong><em>Mude, diz agosto, em seu recado de sementes. Aceite, diz agosto, com seu jeito frio de vento que levanta poeira e a faz avermelhar o c\u00e9u.<\/em><\/strong><br \/>\n<strong><em>Compartilhe, diz agosto. Agasalhos, sopas quentinhas, caf\u00e9s com chocolate, abra\u00e7os mais apertados \u2013 eles tamb\u00e9m aquecem a alma e aninham o corpo.<\/em><\/strong><br \/>\n<strong><em>Distribua mais afetos, que inverno \u00e9 acolhimento, \u00e9 tempo de preparar setembro.<\/em><\/strong><br \/>\n<strong><em>E, de setembro, todos sabemos o que esperar. Esperamos a arrebenta\u00e7\u00e3o das cores, que com seus mais variados nomes v\u00eam em forma de flores.<\/em><\/strong><br \/>\n<strong><em>Vamos apreciar agosto, receb\u00ea-lo com o espanto feliz de quem n\u00e3o desafia ventos. Que ele desarrume e espalhe suas folhas e levante suas poeiras.<\/em><\/strong><br \/>\n<strong><em>Aceite as esperas, mas coloque floreiras na janela.<\/em><\/strong><br \/>\n<strong><em>S\u00f3 quem vive bem os agostos \u00e9 merecedor da primavera!\u201d<\/em><\/strong><\/p>\n<p><em><strong>Miryan Lucy de Rezende<br \/>\nEscritora e Educadora Infantil<\/strong><\/em><\/p>\n","protected":false},"excerpt":{"rendered":"<p>Neste epis\u00f3dio trazemos um texto de autoria da educadora infantil Miryan Lucy de Resende, atrav\u00e9s da colabora\u00e7\u00e3o do amigo Irineu Toledo!<\/p>\n","protected":false},"author":2,"featured_media":23681,"comment_status":"open","ping_status":"closed","sticky":false,"template":"","format":"standard","meta":{"footnotes":""},"categories":[13,1971],"tags":[675,607,14,1974,1975,1972,116],"class_list":["post-23678","post","type-post","status-publish","format-standard","has-post-thumbnail","hentry","category-podcast","category-texto_sentido","tag-antonio-viviani","tag-locucao","tag-podcast","tag-poema","tag-poesia","tag-texto-sentido","tag-textos"],"_links":{"self":[{"href":"https:\/\/radiofobia.com.br\/podcast\/wp-json\/wp\/v2\/posts\/23678","targetHints":{"allow":["GET"]}}],"collection":[{"href":"https:\/\/radiofobia.com.br\/podcast\/wp-json\/wp\/v2\/posts"}],"about":[{"href":"https:\/\/radiofobia.com.br\/podcast\/wp-json\/wp\/v2\/types\/post"}],"author":[{"embeddable":true,"href":"https:\/\/radiofobia.com.br\/podcast\/wp-json\/wp\/v2\/users\/2"}],"replies":[{"embeddable":true,"href":"https:\/\/radiofobia.com.br\/podcast\/wp-json\/wp\/v2\/comments?post=23678"}],"version-history":[{"count":3,"href":"https:\/\/radiofobia.com.br\/podcast\/wp-json\/wp\/v2\/posts\/23678\/revisions"}],"predecessor-version":[{"id":27199,"href":"https:\/\/radiofobia.com.br\/podcast\/wp-json\/wp\/v2\/posts\/23678\/revisions\/27199"}],"wp:featuredmedia":[{"embeddable":true,"href":"https:\/\/radiofobia.com.br\/podcast\/wp-json\/wp\/v2\/media\/23681"}],"wp:attachment":[{"href":"https:\/\/radiofobia.com.br\/podcast\/wp-json\/wp\/v2\/media?parent=23678"}],"wp:term":[{"taxonomy":"category","embeddable":true,"href":"https:\/\/radiofobia.com.br\/podcast\/wp-json\/wp\/v2\/categories?post=23678"},{"taxonomy":"post_tag","embeddable":true,"href":"https:\/\/radiofobia.com.br\/podcast\/wp-json\/wp\/v2\/tags?post=23678"}],"curies":[{"name":"wp","href":"https:\/\/api.w.org\/{rel}","templated":true}]}}