{"id":23700,"date":"2020-09-11T17:05:10","date_gmt":"2020-09-11T20:05:10","guid":{"rendered":"https:\/\/radiofobia.com.br\/podcast\/?p=23700"},"modified":"2022-03-15T11:50:45","modified_gmt":"2022-03-15T14:50:45","slug":"radiofobia-287-cenario-musical-em-2020","status":"publish","type":"post","link":"https:\/\/radiofobia.com.br\/podcast\/2020\/09\/radiofobia-287-cenario-musical-em-2020\/","title":{"rendered":"RADIOFOBIA 287 &#8211; Cen\u00e1rio musical em 2020"},"content":{"rendered":"<p><iframe title=\"RADIOFOBIA 287 \u2013 Cen\u00e1rio musical em 2020\" src=\"https:\/\/omny.fm\/shows\/radiofobia-podcast\/radiofobia-287-cen-rio-musical-em-2020\/embed\" width=\"100%\" height=\"180\" frameborder=\"0\"><\/iframe><\/p>\n<p><em><strong>Sauda\u00e7\u00f5es musicais, ouvinte desocupado<\/strong><\/em><em><strong>!<\/strong><\/em><\/p>\n<p><span style=\"line-height: 1.5em;\">No programa de hoje <strong><a href=\"https:\/\/twitter.com\/leoradiofobia\" target=\"_blank\" rel=\"noopener noreferrer\">Leo Lopes<\/a> <\/strong>convocou dois dos integrantes-fundadores do podcast &#8211; <a href=\"https:\/\/twitter.com\/marcoslauro\" target=\"_blank\" rel=\"noopener noreferrer\"><strong>Marcos Lauro<\/strong><\/a> (<a href=\"https:\/\/orfeudigital.com.br\/dir\/\" target=\"_blank\" rel=\"noopener noreferrer\">Orfeu Digital<\/a>) e <a href=\"https:\/\/www.instagram.com\/rodrigobillabecia\/\" target=\"_blank\" rel=\"noopener noreferrer\"><strong>Rodrigo &#8220;Bill&#8221; Abecia<\/strong><\/a> (<a href=\"https:\/\/www.sepultura.com.br\/\" target=\"_blank\" rel=\"noopener noreferrer\">Sepultura<\/a> \/ <a href=\"http:\/\/massacration.com.br\/site\/\" target=\"_blank\" rel=\"noopener noreferrer\">Massacration<\/a>) &#8211; al\u00e9m dos amigos <a href=\"https:\/\/twitter.com\/jpgomiero\" target=\"_blank\" rel=\"noopener noreferrer\"><strong>Jo\u00e3o Paulo Gomiero<\/strong><\/a> e <a href=\"https:\/\/twitter.com\/hredsm\" target=\"_blank\" rel=\"noopener noreferrer\"><strong>Henrique Machado<\/strong><\/a> (<a href=\"https:\/\/trocaodisco.com.br\/\" target=\"_blank\" rel=\"noopener noreferrer\">Troca o Disco<\/a>) e do ouvinte, violinista e maestro <a href=\"https:\/\/twitter.com\/d42niel\" target=\"_blank\" rel=\"noopener noreferrer\"><strong>Daniel Lima<\/strong><\/a> pra uma conversa sobre como est\u00e1 o <strong>cen\u00e1rio musical em 2020<\/strong>!<\/span><\/p>\n<p>Neste epis\u00f3dio, al\u00e9m de ouvir como a pandemia afetou a carreira de bandas como <strong>Sepultura<\/strong>, que tinham um ano todo j\u00e1 planejado, desde lan\u00e7amento de \u00e1lbum at\u00e9 turn\u00ea mundial, vamos falar tamb\u00e9m sobre como tem sido o trabalho de ag\u00eancias de m\u00eddia digital voltada para artistas, m\u00fasicos e bandas e tentar entender tamb\u00e9m qual o impacto do momento atual na m\u00fasica cl\u00e1ssica, cujas orquestras re\u00fanem dezenas de m\u00fasicos no palco? E os artistas e bandas que ganham a vida ou complementam sua renda tocando na noite, nos bares e festas? Fazer lives e streaming tem resolvido alguma coisa?<\/p>\n<p>N\u00e3o deixe de <strong>interagir com a gente nas redes sociais<\/strong>, <strong>dar seu feedback sobre o papo e sugerir temas e convidados<\/strong>\u00a0para as pr\u00f3ximas edi\u00e7\u00f5es do nosso podcast, al\u00e9m de\u00a0<strong>deixar seu coment\u00e1rio no post,<\/strong> ok? Voc\u00ea tamb\u00e9m pode agora mandar sua cartinha para a <strong>Caixa Postal 279 &#8211; CEP 13930-970 &#8211; Serra Negra &#8211; SP<\/strong>, e seu e-mail para <strong><a title=\"[GMCP] Compose a new mail to podcast@radiofobia.com.br\" href=\"mailto:podcast@radiofobia.com.br\" target=\"blank\" rel=\"noopener noreferrer\">podcast@radiofobia.com.br<\/a><\/strong>!<\/p>\n<p><strong><span style=\"color: #990000;\">Links citados nas Cartinhas do Tot\u00f4:<\/span><\/strong><br \/>\n&#8211; <a href=\"https:\/\/leolop.es\/radiofobeer016\" target=\"_blank\" rel=\"noopener noreferrer\">R\u00e1diofoBeer #016 \u2013 Estudando cerveja no Canad\u00e1<\/a><br \/>\n&#8211; <a href=\"https:\/\/www.linkedin.com\/feed\/update\/urn:li:activity:6710267651115020288\/\" target=\"_blank\" rel=\"noopener noreferrer\"><strong>You Can Movement<\/strong> &#8211; entre e inscreva-se <strong>GRATUITAMENTE<\/strong> para o evento online de 14 a 18 de setembro<\/a><br \/>\n&#8211; <a href=\"https:\/\/t.me\/radiofobianetwork\" target=\"_blank\" rel=\"noopener noreferrer\">participe do <strong>grupo de produtores, apresentadores e ouvintes dos podcasts da R\u00e1diofobia Podcast Network no Telegram<\/strong><\/a><br \/>\n&#8211; <a href=\"http:\/\/leolop.es\/rfobiayoutube\" target=\"_blank\" rel=\"noopener noreferrer\">assine o canal da <strong>R\u00e1diofobia Podcast Network no YouTube<\/strong>!<\/a><br \/>\n&#8211; <a href=\"https:\/\/www.twitch.tv\/radiofobialive\" target=\"_blank\" rel=\"noopener noreferrer\">assine o canal da <strong>R\u00e1diofobia Podcast Network no Twitch<\/strong>!<\/a><br \/>\n&#8211; <strong><a href=\"http:\/\/leolop.es\/rfpn_itunes\" target=\"_blank\" rel=\"noopener noreferrer\">R\u00e1diofobia Podcast Network no Apple Podcasts<\/a><\/strong><br \/>\n&#8211; <strong><a href=\"https:\/\/open.spotify.com\/show\/4MDAxOhUxwCCfIbevseMOU?si=PhrKhgZ_RDuf3KGHZIvkmQ\" target=\"_blank\" rel=\"noopener noreferrer\">R\u00e1diofobia Podcast Network no Spotify<\/a><\/strong><br \/>\n&#8211; <a href=\"https:\/\/twitter.com\/radiofobialhes\" target=\"_blank\" rel=\"noopener noreferrer\">Siga <strong>@radiofobialhes<\/strong> no tuV\u00edtter<\/a><br \/>\n&#8211; <a href=\"https:\/\/www.facebook.com\/radiofobiapodcast\" target=\"_blank\" rel=\"noopener noreferrer\">Curta a p\u00e1gina do <strong>Radiofobia Podcast<\/strong> no Facebook<\/a><\/p>\n<p><strong><span style=\"color: #990000;\">Links citados no programa:<\/span><\/strong><br \/>\n&#8211; <a href=\"https:\/\/www.amazon.com.br\/Como-m%C3%BAsica-ficou-gr%C3%A1tis-Stephen-ebook\/dp\/B0108JNED2\" target=\"_blank\" rel=\"noopener noreferrer\">Livro: Como a m\u00fasica ficou gr\u00e1tis<\/a><br \/>\n&#8211; <a href=\"https:\/\/www.youtube.com\/user\/sepulturacombr\" target=\"_blank\" rel=\"noopener noreferrer\"><strong>Sepulquarta<\/strong> &#8211; LIVEs toda quarta no canal do Sepultura no YouTube<\/a><br \/>\n&#8211; <a href=\"https:\/\/leolop.es\/alotenica087\" target=\"_blank\" rel=\"noopener noreferrer\">Al\u00f4 T\u00e9nica! #87 \u2013 LIVE \u2013 Uso de m\u00fasica no podcast em 2020<\/a><br \/>\n&#8211; <a href=\"https:\/\/www.youtube.com\/watch?v=n_itSPjvhH8\" target=\"_blank\" rel=\"noopener noreferrer\">V\u00eddeo: Fim do direito autoral? &#8211; PL 3968\/1997<\/a><br \/>\n&#8211; <a href=\"https:\/\/www.instagram.com\/orfeudigital\/\" target=\"_blank\" rel=\"noopener noreferrer\">Siga a @orfeudigital no Instagram<\/a><\/p>\n<p><span style=\"color: #990000;\"><strong>Ou\u00e7a o R\u00e1diofobia Podcast nos principais agregadores:<\/strong><\/span><br \/>\n&#8211; <strong><a href=\"https:\/\/leolop.es\/rfobia_spotify\" target=\"_blank\" rel=\"noopener noreferrer\">Spotify<\/a><\/strong><br \/>\n&#8211; <strong><a href=\"https:\/\/leolop.es\/rfobia_googlepod\" target=\"_blank\" rel=\"noopener noreferrer\">Google Podcasts<\/a><\/strong><br \/>\n&#8211; <strong><a href=\"\/\/feeds.feedburner.com\/radiofobia_itunes\" target=\"_blank\" rel=\"noopener noreferrer\">Apple Podcasts<\/a><\/strong><br \/>\n&#8211; <strong><a href=\"https:\/\/pca.st\/V12f\" target=\"_blank\" rel=\"noopener noreferrer\">PocketCasts<\/a><\/strong><\/p>\n<p><span style=\"color: #990000;\"><strong>Publicidade:<\/strong><\/span><br \/>\n<a href=\"http:\/\/leolop.es\/rfcontato\" target=\"_blank\" rel=\"noopener noreferrer\"><strong>Entre em contato<\/strong><\/a> e saiba como <em>anunciar sua marca, produto ou servi\u00e7o em nossos podcasts<\/em>.<\/p>\n","protected":false},"excerpt":{"rendered":"<p>Neste epis\u00f3dio batemos um papo sobre como a pandemia afetou o cen\u00e1rio musical e a vida de artistas, m\u00fasicos e compositores em 2020!<\/p>\n","protected":false},"author":2,"featured_media":23724,"comment_status":"open","ping_status":"closed","sticky":false,"template":"","format":"standard","meta":{"footnotes":""},"categories":[13,35],"tags":[78,2253,630,632,11,53,363,2251,14,15,2252,634],"class_list":["post-23700","post","type-post","status-publish","format-standard","has-post-thumbnail","hentry","category-podcast","category-radiofobia","tag-bill-abecia","tag-daniel-lima","tag-henrique-machado","tag-joao-paulo-gomiero","tag-leo-lopes","tag-marcos-lauro","tag-musica","tag-orfeu-digital","tag-podcast","tag-radiofobia","tag-sepultura","tag-troca-o-disco"],"_links":{"self":[{"href":"https:\/\/radiofobia.com.br\/podcast\/wp-json\/wp\/v2\/posts\/23700","targetHints":{"allow":["GET"]}}],"collection":[{"href":"https:\/\/radiofobia.com.br\/podcast\/wp-json\/wp\/v2\/posts"}],"about":[{"href":"https:\/\/radiofobia.com.br\/podcast\/wp-json\/wp\/v2\/types\/post"}],"author":[{"embeddable":true,"href":"https:\/\/radiofobia.com.br\/podcast\/wp-json\/wp\/v2\/users\/2"}],"replies":[{"embeddable":true,"href":"https:\/\/radiofobia.com.br\/podcast\/wp-json\/wp\/v2\/comments?post=23700"}],"version-history":[{"count":18,"href":"https:\/\/radiofobia.com.br\/podcast\/wp-json\/wp\/v2\/posts\/23700\/revisions"}],"predecessor-version":[{"id":26304,"href":"https:\/\/radiofobia.com.br\/podcast\/wp-json\/wp\/v2\/posts\/23700\/revisions\/26304"}],"wp:featuredmedia":[{"embeddable":true,"href":"https:\/\/radiofobia.com.br\/podcast\/wp-json\/wp\/v2\/media\/23724"}],"wp:attachment":[{"href":"https:\/\/radiofobia.com.br\/podcast\/wp-json\/wp\/v2\/media?parent=23700"}],"wp:term":[{"taxonomy":"category","embeddable":true,"href":"https:\/\/radiofobia.com.br\/podcast\/wp-json\/wp\/v2\/categories?post=23700"},{"taxonomy":"post_tag","embeddable":true,"href":"https:\/\/radiofobia.com.br\/podcast\/wp-json\/wp\/v2\/tags?post=23700"}],"curies":[{"name":"wp","href":"https:\/\/api.w.org\/{rel}","templated":true}]}}