{"id":23867,"date":"2020-10-27T14:43:12","date_gmt":"2020-10-27T17:43:12","guid":{"rendered":"https:\/\/radiofobia.com.br\/podcast\/?p=23867"},"modified":"2022-03-15T11:52:27","modified_gmt":"2022-03-15T14:52:27","slug":"radiofobia-289-com-oberdan-junior","status":"publish","type":"post","link":"https:\/\/radiofobia.com.br\/podcast\/2020\/10\/radiofobia-289-com-oberdan-junior\/","title":{"rendered":"RADIOFOBIA 289 &#8211; com Oberdan Junior"},"content":{"rendered":"<p><iframe title=\"RADIOFOBIA 289 \u2013 com Oberdan Junior\" src=\"https:\/\/omny.fm\/shows\/radiofobia-podcast\/radiofobia-289-com-oberdan-junior\/embed\" width=\"100%\" height=\"180\" frameborder=\"0\"><\/iframe><\/p>\n<p><em><strong>Sauda\u00e7\u00f5es, ouvinte desocupado apaixonado por dublagem<\/strong><\/em><em><strong>!<\/strong><\/em><\/p>\n<p><span style=\"line-height: 1.5em;\">No programa de hoje <strong><a href=\"https:\/\/twitter.com\/leoradiofobia\" target=\"_blank\" rel=\"noopener noreferrer\">Leo Lopes<\/a>, <a href=\"https:\/\/twitter.com\/jessicabertol\" target=\"_blank\" rel=\"noopener noreferrer\">J\u00e9ssica Dalcin<\/a>, <a href=\"https:\/\/twitter.com\/velhoechato\" target=\"_blank\" rel=\"noopener noreferrer\">Thiago Fujiwara <\/a><\/strong>e <strong><a href=\"https:\/\/twitter.com\/JeftherBarbosa\" target=\"_blank\" rel=\"noopener noreferrer\">Jef Barbosa<\/a>\u00a0<\/strong>estendem o tapete vermelho para um papo totalmente nost\u00e1lgico com o dono de uma das vozes mais queridas da dublagem brasileira, em mais um epis\u00f3dio da s\u00e9rie <strong>&#8220;O Cora\u00e7\u00e3o da Voz&#8221;<\/strong>: o ator, dublador, redator e diretor <strong>Oberdan Junior<\/strong>!\u00a0<\/span><\/p>\n<p>Al\u00e9m de descobrir que o <strong>Oberdan foi ator-mirim no come\u00e7o dos anos 1980 em v\u00e1rias novelas<\/strong>, voc\u00ea vai ouvir <strong>hist\u00f3rias de bastidores<\/strong> e saber como foi dublar filmes como <strong>Os Goonies<\/strong>, <strong>O C\u00e3o e a Raposa<\/strong>, <strong>Viagem ao Mundo dos Sonhos<\/strong> e <strong>O Enigma da Pir\u00e2mide<\/strong> e dar voz a atores e personagens como <strong>Tintim<\/strong>, <strong>Sean Astin<\/strong>, <strong>Sonic<\/strong>, <strong>Toad<\/strong>, <strong>H\u00e9rcules<\/strong>, <strong>Leit\u00e3o do Ursinho Pooh<\/strong>, <strong>John Connor<\/strong> e o <strong>Geninho da She-Ha<\/strong>, entre muitos outros!<\/p>\n<p>N\u00e3o deixe de <strong>interagir com a gente nas redes sociais<\/strong>, <strong>dar seu feedback sobre o papo e sugerir temas e convidados<\/strong>\u00a0para as pr\u00f3ximas edi\u00e7\u00f5es do nosso podcast, al\u00e9m de\u00a0<strong>deixar seu coment\u00e1rio no post,<\/strong> ok? Voc\u00ea tamb\u00e9m pode agora mandar sua cartinha para a <strong>Caixa Postal 279 &#8211; CEP 13930-970 &#8211; Serra Negra &#8211; SP<\/strong>, e seu e-mail para <strong><a title=\"[GMCP] Compose a new mail to podcast@radiofobia.com.br\" href=\"mailto:podcast@radiofobia.com.br\" target=\"blank\" rel=\"noopener noreferrer\">podcast@radiofobia.com.br<\/a><\/strong>!<\/p>\n<p><strong><span style=\"color: #990000;\">Links citados nas Cartinhas do Tot\u00f4:<\/span><\/strong><br \/>\n&#8211; <a href=\"https:\/\/radiofobia.com.br\/podcast\/2020\/10\/alo-tenica-90-mulherespodcasters-especial-diadopodcast-2020\/\" target=\"_blank\" rel=\"noopener noreferrer\">Al\u00f4 T\u00e9nica! #90 \u2013 #MulheresPodcasters \u2013 Especial #DiadoPodcast 2020<\/a><br \/>\n&#8211; <a href=\"https:\/\/www.youtube.com\/watch?v=cvKNCbMiYcY\" target=\"_blank\" rel=\"noopener noreferrer\">1\u00ba #MulheresPodcasters &#8211; A Podosfera que Queremos<\/a><br \/>\n&#8211; <a href=\"http:\/\/www.redegeek.com.br\/2020\/10\/19\/eu-nao-acredito-033-historia-do-podcast\/\" target=\"_blank\" rel=\"noopener noreferrer\">Eu N\u00e3o Acredito! #33 &#8211; Hist\u00f3ria do Podcast<\/a><br \/>\n&#8211; <a href=\"http:\/\/www.redegeek.com.br\/2020\/10\/26\/eu-nao-acredito-034-podcast-e-mercado\/\" target=\"_blank\" rel=\"noopener noreferrer\">Eu N\u00e3o Acredito! #34 &#8211; Podcast e Mercado<\/a><br \/>\n&#8211; <a href=\"https:\/\/t.me\/radiofobianetwork\" target=\"_blank\" rel=\"noopener noreferrer\">participe do <strong>grupo de produtores, apresentadores e ouvintes dos podcasts da R\u00e1diofobia Podcast Network no Telegram<\/strong><\/a><br \/>\n&#8211; <a href=\"http:\/\/leolop.es\/rfobiayoutube\" target=\"_blank\" rel=\"noopener noreferrer\">assine o canal da <strong>R\u00e1diofobia Podcast Network no YouTube<\/strong>!<\/a><br \/>\n&#8211; <a href=\"https:\/\/www.twitch.tv\/radiofobialive\" target=\"_blank\" rel=\"noopener noreferrer\">assine o canal da <strong>R\u00e1diofobia Podcast Network no Twitch<\/strong>!<\/a><br \/>\n&#8211; <strong><a href=\"http:\/\/leolop.es\/rfpn_itunes\" target=\"_blank\" rel=\"noopener noreferrer\">R\u00e1diofobia Podcast Network no Apple Podcasts<\/a><\/strong><br \/>\n&#8211; <strong><a href=\"https:\/\/open.spotify.com\/show\/4MDAxOhUxwCCfIbevseMOU?si=PhrKhgZ_RDuf3KGHZIvkmQ\" target=\"_blank\" rel=\"noopener noreferrer\">R\u00e1diofobia Podcast Network no Spotify<\/a><\/strong><br \/>\n&#8211; <a href=\"https:\/\/twitter.com\/radiofobialhes\" target=\"_blank\" rel=\"noopener noreferrer\">Siga <strong>@radiofobialhes<\/strong> no tuV\u00edtter<\/a><br \/>\n&#8211; <a href=\"https:\/\/www.facebook.com\/radiofobiapodcast\" target=\"_blank\" rel=\"noopener noreferrer\">Curta a p\u00e1gina do <strong>Radiofobia Podcast<\/strong> no Facebook<\/a><\/p>\n<p><strong><span style=\"color: #990000;\">Links citados no programa:<\/span><\/strong><br \/>\n&#8211; <a href=\"https:\/\/www.youtube.com\/watch?v=RM7I0mkFtCE\" target=\"_blank\" rel=\"noopener noreferrer\">Oberdan Junior no Vers\u00e3o Dublada<\/a><\/p>\n<p><span style=\"color: #990000;\"><strong>Ou\u00e7a o R\u00e1diofobia Podcast nos principais agregadores:<\/strong><\/span><br \/>\n&#8211; <strong><a href=\"https:\/\/leolop.es\/rfobia_spotify\" target=\"_blank\" rel=\"noopener noreferrer\">Spotify<\/a><\/strong><br \/>\n&#8211; <strong><a href=\"https:\/\/leolop.es\/rfobia_googlepod\" target=\"_blank\" rel=\"noopener noreferrer\">Google Podcasts<\/a><\/strong><br \/>\n&#8211; <strong><a href=\"\/\/feeds.feedburner.com\/radiofobia_itunes\" target=\"_blank\" rel=\"noopener noreferrer\">Apple Podcasts<\/a><\/strong><br \/>\n&#8211; <strong><a href=\"https:\/\/pca.st\/V12f\" target=\"_blank\" rel=\"noopener noreferrer\">PocketCasts<\/a><\/strong><\/p>\n<p><span style=\"color: #990000;\"><strong>Publicidade:<\/strong><\/span><br \/>\n<a href=\"http:\/\/leolop.es\/rfcontato\" target=\"_blank\" rel=\"noopener noreferrer\"><strong>Entre em contato<\/strong><\/a> e saiba como <em>anunciar sua marca, produto ou servi\u00e7o em nossos podcasts<\/em>.<\/p>\n","protected":false},"excerpt":{"rendered":"<p>Hoje batemos um papo totalmente nost\u00e1lgico com o dono de uma das vozes mais queridas da dublagem brasileira: Oberdan Junior!<\/p>\n","protected":false},"author":2,"featured_media":23871,"comment_status":"open","ping_status":"closed","sticky":false,"template":"","format":"standard","meta":{"footnotes":""},"categories":[86,13,35],"tags":[694,81,1090,1668,11,665,2306,14,592],"class_list":["post-23867","post","type-post","status-publish","format-standard","has-post-thumbnail","hentry","category-o-coracao-da-voz","category-podcast","category-radiofobia","tag-dubladores-2","tag-dublagem","tag-jef-barbosa","tag-jessica-dalcin","tag-leo-lopes","tag-o-coracao-da-voz","tag-oberdan-junior","tag-podcast","tag-thiago-fujiwara"],"_links":{"self":[{"href":"https:\/\/radiofobia.com.br\/podcast\/wp-json\/wp\/v2\/posts\/23867","targetHints":{"allow":["GET"]}}],"collection":[{"href":"https:\/\/radiofobia.com.br\/podcast\/wp-json\/wp\/v2\/posts"}],"about":[{"href":"https:\/\/radiofobia.com.br\/podcast\/wp-json\/wp\/v2\/types\/post"}],"author":[{"embeddable":true,"href":"https:\/\/radiofobia.com.br\/podcast\/wp-json\/wp\/v2\/users\/2"}],"replies":[{"embeddable":true,"href":"https:\/\/radiofobia.com.br\/podcast\/wp-json\/wp\/v2\/comments?post=23867"}],"version-history":[{"count":8,"href":"https:\/\/radiofobia.com.br\/podcast\/wp-json\/wp\/v2\/posts\/23867\/revisions"}],"predecessor-version":[{"id":26307,"href":"https:\/\/radiofobia.com.br\/podcast\/wp-json\/wp\/v2\/posts\/23867\/revisions\/26307"}],"wp:featuredmedia":[{"embeddable":true,"href":"https:\/\/radiofobia.com.br\/podcast\/wp-json\/wp\/v2\/media\/23871"}],"wp:attachment":[{"href":"https:\/\/radiofobia.com.br\/podcast\/wp-json\/wp\/v2\/media?parent=23867"}],"wp:term":[{"taxonomy":"category","embeddable":true,"href":"https:\/\/radiofobia.com.br\/podcast\/wp-json\/wp\/v2\/categories?post=23867"},{"taxonomy":"post_tag","embeddable":true,"href":"https:\/\/radiofobia.com.br\/podcast\/wp-json\/wp\/v2\/tags?post=23867"}],"curies":[{"name":"wp","href":"https:\/\/api.w.org\/{rel}","templated":true}]}}