{"id":23881,"date":"2020-10-12T13:00:11","date_gmt":"2020-10-12T16:00:11","guid":{"rendered":"https:\/\/radiofobia.com.br\/podcast\/?p=23881"},"modified":"2022-05-01T19:14:14","modified_gmt":"2022-05-01T22:14:14","slug":"mim-falei-104-historias-engracadas-da-infancia","status":"publish","type":"post","link":"https:\/\/radiofobia.com.br\/podcast\/2020\/10\/mim-falei-104-historias-engracadas-da-infancia\/","title":{"rendered":"Mim Falei! #104 &#8211; Hist\u00f3rias Engra\u00e7adas da Inf\u00e2ncia"},"content":{"rendered":"<p><iframe src=\"https:\/\/omny.fm\/shows\/mim-falei\/mim-falei-104-hist-rias-engra-adas-da-inf-ncia\/embed\" allow=\"autoplay; clipboard-write\" width=\"100%\" height=\"180\" frameborder=\"0\" title=\"Mim Falei! #104 \u2013 Hist\u00f3rias Engra\u00e7adas da Inf\u00e2ncia\"><\/iframe><\/p>\n<p>Hist\u00f3rias Engra\u00e7adas da Inf\u00e2ncia<\/p>\n<p><strong><a href=\"https:\/\/twitter.com\/rudylanducci\">Rudy Landucci<\/a>, <a href=\"https:\/\/twitter.com\/ErlanDias7\" target=\"_blank\" rel=\"noopener noreferrer\">Erlan Dias<\/a><a href=\"https:\/\/twitter.com\/MarquinhoDorna\"> e\u00a0<\/a><a href=\"https:\/\/twitter.com\/MarquinhoDorna\">Marquinho Dorna <\/a><\/strong>contam e leem hist\u00f3rias engra\u00e7adas de suas inf\u00e2ncias e da audi\u00eancia.<\/p>\n<p>Quem tamb\u00e9m participou foi o Braian Rizzo do Podcast, Eu tava l\u00e1!<\/p>\n","protected":false},"excerpt":{"rendered":"<p>Rudy Landucci, Erlan Dias e\u00a0Marquinho Dorna contam e leem hist\u00f3rias engra\u00e7adas de suas inf\u00e2ncias e da audi\u00eancia, participa\u00e7\u00e3o do Braian Rizzo do Podcast, Eu tava l\u00e1!<\/p>\n","protected":false},"author":11,"featured_media":23883,"comment_status":"closed","ping_status":"closed","sticky":false,"template":"","format":"standard","meta":{"footnotes":""},"categories":[1592,13],"tags":[1451,1595,1453,1878,1594,14,1593],"class_list":["post-23881","post","type-post","status-publish","format-standard","has-post-thumbnail","hentry","category-mimfalei","category-podcast","tag-braian-rizzo","tag-erlan-dias","tag-eu-tava-la","tag-marco-dorna","tag-mim-falei","tag-podcast","tag-rudy-landucci"],"_links":{"self":[{"href":"https:\/\/radiofobia.com.br\/podcast\/wp-json\/wp\/v2\/posts\/23881","targetHints":{"allow":["GET"]}}],"collection":[{"href":"https:\/\/radiofobia.com.br\/podcast\/wp-json\/wp\/v2\/posts"}],"about":[{"href":"https:\/\/radiofobia.com.br\/podcast\/wp-json\/wp\/v2\/types\/post"}],"author":[{"embeddable":true,"href":"https:\/\/radiofobia.com.br\/podcast\/wp-json\/wp\/v2\/users\/11"}],"replies":[{"embeddable":true,"href":"https:\/\/radiofobia.com.br\/podcast\/wp-json\/wp\/v2\/comments?post=23881"}],"version-history":[{"count":2,"href":"https:\/\/radiofobia.com.br\/podcast\/wp-json\/wp\/v2\/posts\/23881\/revisions"}],"predecessor-version":[{"id":27121,"href":"https:\/\/radiofobia.com.br\/podcast\/wp-json\/wp\/v2\/posts\/23881\/revisions\/27121"}],"wp:featuredmedia":[{"embeddable":true,"href":"https:\/\/radiofobia.com.br\/podcast\/wp-json\/wp\/v2\/media\/23883"}],"wp:attachment":[{"href":"https:\/\/radiofobia.com.br\/podcast\/wp-json\/wp\/v2\/media?parent=23881"}],"wp:term":[{"taxonomy":"category","embeddable":true,"href":"https:\/\/radiofobia.com.br\/podcast\/wp-json\/wp\/v2\/categories?post=23881"},{"taxonomy":"post_tag","embeddable":true,"href":"https:\/\/radiofobia.com.br\/podcast\/wp-json\/wp\/v2\/tags?post=23881"}],"curies":[{"name":"wp","href":"https:\/\/api.w.org\/{rel}","templated":true}]}}