{"id":24008,"date":"2020-11-23T11:19:40","date_gmt":"2020-11-23T14:19:40","guid":{"rendered":"https:\/\/radiofobia.com.br\/podcast\/?p=24008"},"modified":"2022-05-01T17:45:17","modified_gmt":"2022-05-01T20:45:17","slug":"mim-falei-110-e-se-voce-pudesse-ter-uma-parte-robotica","status":"publish","type":"post","link":"https:\/\/radiofobia.com.br\/podcast\/2020\/11\/mim-falei-110-e-se-voce-pudesse-ter-uma-parte-robotica\/","title":{"rendered":"Mim Falei! #110 &#8211; E se voc\u00ea pudesse ter uma parte Rob\u00f3tica?"},"content":{"rendered":"<p><iframe src=\"https:\/\/omny.fm\/shows\/mim-falei\/mim-falei-110-e-se-voc-pudesse-ter-uma-parte-rob-t\/embed\" allow=\"autoplay; clipboard-write\" width=\"100%\" height=\"180\" frameborder=\"0\" title=\"Mim Falei! #110 - E se voc\u00ea pudesse ter uma parte Rob\u00f3tica?\"><\/iframe><\/p>\n<p>E se voc\u00ea pudesse ter uma parte Rob\u00f3tica?<\/p>\n<p><strong><a href=\"https:\/\/twitter.com\/rudylanducci\">Rudy Landucci<\/a>, <a href=\"https:\/\/twitter.com\/ErlanDias7\" target=\"_blank\" rel=\"noopener noreferrer\">Erlan Dias<\/a><a href=\"https:\/\/twitter.com\/MarquinhoDorna\"> e\u00a0<\/a><a href=\"https:\/\/twitter.com\/MarquinhoDorna\">Marquinho Dorna <\/a><\/strong>no clima de Cyberpunk perguntam para a audi\u00eancia qual parte do corpo seria legal substituir por uma parte rob\u00f3tica.<\/p>\n<p>Imagina voc\u00ea chegando no rol\u00ea com um olho bi\u00f4nico?<\/p>\n","protected":false},"excerpt":{"rendered":"<p>Rudy Landucci, Erlan Dias e\u00a0Marquinho Dorna no clima de Cyberpunk perguntam para a audi\u00eancia qual parte do corpo seria legal substituir por uma parte rob\u00f3tica.<\/p>\n","protected":false},"author":11,"featured_media":24010,"comment_status":"open","ping_status":"closed","sticky":false,"template":"","format":"standard","meta":{"footnotes":""},"categories":[1592,13],"tags":[2313,1595,1878,14,1593],"class_list":["post-24008","post","type-post","status-publish","format-standard","has-post-thumbnail","hentry","category-mimfalei","category-podcast","tag-cyberpunk","tag-erlan-dias","tag-marco-dorna","tag-podcast","tag-rudy-landucci"],"_links":{"self":[{"href":"https:\/\/radiofobia.com.br\/podcast\/wp-json\/wp\/v2\/posts\/24008","targetHints":{"allow":["GET"]}}],"collection":[{"href":"https:\/\/radiofobia.com.br\/podcast\/wp-json\/wp\/v2\/posts"}],"about":[{"href":"https:\/\/radiofobia.com.br\/podcast\/wp-json\/wp\/v2\/types\/post"}],"author":[{"embeddable":true,"href":"https:\/\/radiofobia.com.br\/podcast\/wp-json\/wp\/v2\/users\/11"}],"replies":[{"embeddable":true,"href":"https:\/\/radiofobia.com.br\/podcast\/wp-json\/wp\/v2\/comments?post=24008"}],"version-history":[{"count":2,"href":"https:\/\/radiofobia.com.br\/podcast\/wp-json\/wp\/v2\/posts\/24008\/revisions"}],"predecessor-version":[{"id":27002,"href":"https:\/\/radiofobia.com.br\/podcast\/wp-json\/wp\/v2\/posts\/24008\/revisions\/27002"}],"wp:featuredmedia":[{"embeddable":true,"href":"https:\/\/radiofobia.com.br\/podcast\/wp-json\/wp\/v2\/media\/24010"}],"wp:attachment":[{"href":"https:\/\/radiofobia.com.br\/podcast\/wp-json\/wp\/v2\/media?parent=24008"}],"wp:term":[{"taxonomy":"category","embeddable":true,"href":"https:\/\/radiofobia.com.br\/podcast\/wp-json\/wp\/v2\/categories?post=24008"},{"taxonomy":"post_tag","embeddable":true,"href":"https:\/\/radiofobia.com.br\/podcast\/wp-json\/wp\/v2\/tags?post=24008"}],"curies":[{"name":"wp","href":"https:\/\/api.w.org\/{rel}","templated":true}]}}