{"id":24035,"date":"2020-12-07T10:04:06","date_gmt":"2020-12-07T13:04:06","guid":{"rendered":"https:\/\/radiofobia.com.br\/podcast\/?p=24035"},"modified":"2020-12-07T10:04:06","modified_gmt":"2020-12-07T13:04:06","slug":"alo-tenica-91-live-como-melhorar-a-qualidade-do-audio-em-gravacoes-remotas","status":"publish","type":"post","link":"https:\/\/radiofobia.com.br\/podcast\/2020\/12\/alo-tenica-91-live-como-melhorar-a-qualidade-do-audio-em-gravacoes-remotas\/","title":{"rendered":"Al\u00f4 T\u00e9nica! #91 \u2013 LIVE \u2013 Como melhorar a qualidade do \u00e1udio em grava\u00e7\u00f5es remotas"},"content":{"rendered":"<p><iframe title=\"Al\u00f4 T\u00e9nica! #91 \u2013 LIVE \u2013 Como melhorar a qualidade do \u00e1udio em grava\u00e7\u00f5es remotas\" src=\"https:\/\/omny.fm\/shows\/alo-tenica\/al-t-nica-91-live-como-melhorar-a-qualidade-do-udi\/embed\" width=\"100%\" height=\"180\" frameborder=\"0\"><\/iframe><\/p>\n<p><em><strong>Sauda\u00e7\u00f5es, ouvinte entusiasta do podcast!<\/strong><\/em><\/p>\n<p>Est\u00e1 no ar mais um\u00a0<strong><a href=\"http:\/\/twitter.com\/alotenica\" target=\"_blank\" rel=\"noopener noreferrer\">Al\u00f4 T\u00e9nica!<\/a><\/strong>, o seu\u00a0podcast mensal sobre produ\u00e7\u00e3o de podcasts, apresentado por\u00a0<a style=\"font-weight: bold;\" href=\"http:\/\/twitter.com\/leoradiofobia\" target=\"_blank\" rel=\"noopener noreferrer\">Leo Lopes<\/a>\u00a0e esclarecendo as mais diversas d\u00favidas e perguntas relacionadas \u00e0 produ\u00e7\u00e3o de podcasts.<\/p>\n<p>Esperamos com este programa\u00a0ajuda-lo a entender um pouco melhor os v\u00e1rios aspectos dessa m\u00eddia fascinante, e tamb\u00e9m\u00a0<strong>queremos receber seu feedback<\/strong> para que possamos melhorar e fazer um programa cada vez melhor pra voc\u00ea!<\/p>\n<p>A grava\u00e7\u00e3o remota sempre foi o modelo mais utilizados pela podosfera brasileira, pois n\u00e3o \u00e9 raro que os participantes de um podcast estejam em lugares diferentes pelo Brasil ou mesmo mundo afora. De uns anos pra c\u00e1, vimos um aumento no n\u00famero de podcasts gravados presencialmente, com todo mundo no mesmo espa\u00e7o f\u00edsico, mas a necessidade de distanciamento social na pandemia fez com que mesmo quem tinha uma estrutura ao vivo passasse a adotar o modelo remoto de grava\u00e7\u00f5es. Al\u00e9m disso, muitos novos podcasts surgiram nesse meio tempo gravados 100% remotamente.<\/p>\n<p>O programa de hoje traz a <a href=\"https:\/\/www.youtube.com\/watch?v=PPxpq7-TvpE\" target=\"_blank\" rel=\"noopener\"><strong>\u00edntegra da LIVE realizada em 02\/12\/2020 no canal do Curso de Podcast no YouTube<\/strong><\/a>, trazendo dicas e tirando d\u00favidas sobre <strong>como melhorar a qualidade do \u00e1udio do seu podcast em grava\u00e7\u00f5es remotas.<\/strong><\/p>\n<p>O processo de compress\u00e3o para a transmiss\u00e3o do \u00e1udio pela internet &#8220;estraga&#8221; o som, ent\u00e3o o ideal mesmo seria a capta\u00e7\u00e3o in loco de cada participante, usando o comunicador apenas para a conversa. Como nem sempre isso \u00e9 poss\u00edvel, alguns pontos que podem ajudar a melhorar a capta\u00e7\u00e3o remota s\u00e3o:<\/p>\n<p><strong>1. Teste v\u00e1rios meios de grava\u00e7\u00e3o remota e escolha o que melhor te atende, como por exemplo:<\/strong><br \/>\n&#8211; <a href=\"https:\/\/mundopodcast.com.br\/podcasteando\/audios-separados-discord\/\" target=\"_blank\" rel=\"noopener\">Discord com o bot Craig<\/a><br \/>\n&#8211; <a href=\"https:\/\/zoom.us\/pt-pt\/meetings.html\" target=\"_blank\" rel=\"noopener\">Zoom<\/a><br \/>\n&#8211; <a href=\"https:\/\/meet.google.com\/\" target=\"_blank\" rel=\"noopener\">Google Meet<\/a><br \/>\n&#8211; <a href=\"https:\/\/zencastr.com\/\" target=\"_blank\" rel=\"noopener\">Zencastr<\/a><br \/>\n&#8211; <a href=\"https:\/\/rogueamoeba.com\/audiohijack\/\" target=\"_blank\" rel=\"noopener\">Audio Hijack Pro (para Mac)<\/a><\/p>\n<p><strong>2. O \u00e1udio do host captado em melhor qualidade tem impacto geral positivo<\/strong><\/p>\n<p><strong>3. D\u00ea prefer\u00eancia para usar fone e microfone externos ou headset, ao inv\u00e9s dos fones de laptop<\/strong><\/p>\n<p><strong>4. Invista um tempo ajustando o \u00e1udio dos participantes<\/strong><\/p>\n<p><strong>5. Busque gravar em um ambiente com menor reverbera\u00e7\u00e3o poss\u00edvel (dar exemplos)<\/strong><\/p>\n<p><strong>6. Procure sempre monitorar a grava\u00e7\u00e3o<\/strong><\/p>\n<p><strong>7. Oriente os participantes a usarem o bot\u00e3o de MUTE quando n\u00e3o estiverem falando<\/strong><\/p>\n<p>N\u00e3o se esque\u00e7a que voc\u00ea sempre pode <strong>interagir conosco nas redes sociais<\/strong>\u00a0e principalmente\u00a0<strong>deixar seu feedback aqui embaixo, na sess\u00e3o de coment\u00e1rios do post,\u00a0<\/strong>compartilhando conosco e com todos os ouvintes do Al\u00f4 T\u00e9nica! as suas pr\u00f3prias reflex\u00f5es a respeito do podcast! Mande tamb\u00e9m sua d\u00favida, pergunta ou sugest\u00e3o tema e convidado, para que possamos continuar produzindo um conte\u00fado que ajude voc\u00ea a arrega\u00e7ar as mangas e fazer o seu pr\u00f3prio podcast!<\/p>\n<p><strong><span style=\"color: #990000;\">Este programa foi patrocinado por <span style=\"text-decoration: underline;\">Alura Cursos de Tecnologia<\/span>:<\/span><\/strong><br \/>\n&#8211; J\u00e1 s\u00e3o <strong>mais de<\/strong>\u00a0<strong>1240 cursos online!<\/strong><br \/>\n&#8211; Acesse: <a href=\"http:\/\/www.alura.com.br\/promocao\/alotenica\" target=\"_blank\" rel=\"noopener noreferrer\"><strong>http:\/\/www.alura.com.br\/promocao\/alotenica<\/strong><\/a><br \/>\n&#8211; <a href=\"https:\/\/leolop.es\/alura_podcast\" target=\"_blank\" rel=\"noopener noreferrer\">Inscreva-se no <strong>Curso de PRODU\u00c7\u00c3O de Podcast com Leo Lopes<\/strong> na Alura!<\/a><br \/>\n&#8211; <a href=\"https:\/\/leolop.es\/alura_podcast2\" target=\"_blank\" rel=\"noopener noreferrer\">Inscreva-se no <strong>Curso de EDI\u00c7\u00c3O de Podcast com Leo Lopes<\/strong> na Alura!<\/a><\/p>\n<p><strong><span style=\"color: #990000;\">Links citados no programa:<\/span><\/strong><br \/>\n&#8211; <a href=\"http:\/\/leolop.es\/alotenica59\" target=\"_blank\" rel=\"noopener\">Al\u00f4 T\u00e9nica! #59 \u2013 Profissionais da voz: o fonoaudi\u00f3logo, com Dra. Thays Vaiano<\/a><br \/>\n&#8211; <a href=\"http:\/\/leolop.es\/alotenica84\" target=\"_blank\" rel=\"noopener\">Al\u00f4 T\u00e9nica! #84 \u2013 Como melhorar a sua comunica\u00e7\u00e3o, com Dra. Thays Vaiano<\/a><\/p>\n<p><strong><span style=\"color: #990000;\">Apoiadores do m\u00eas de <span style=\"text-decoration: underline;\">outubro de 2020<\/span>:<\/span><\/strong><br \/>\n&#8211; Douglas Oliveira, Victor Hugo de Araujo Silva, Jeferson Silveira, L\u00edvia Mattos dos Reis, Lucas Mauro, Ca\u00ea Lima, Ederson Nunes, Victor Est\u00e1cio, Claudio Barreiro, Christian Lugarini e J\u00e9ssica Dalcin da Silva<\/p>\n<p><strong><span style=\"color: #990000;\">Interaja com a gente:<\/span><\/strong><br \/>\n&#8211; <a href=\"https:\/\/t.me\/radiofobianetwork\" target=\"_blank\" rel=\"noopener noreferrer\">participe do <strong>grupo de produtores, apresentadores e ouvintes dos podcasts da R\u00e1diofobia Podcast Network no Telegram<\/strong><\/a><br \/>\n&#8211; <a href=\"http:\/\/twitter.com\/alotenica\" target=\"_blank\" rel=\"noopener noreferrer\">Siga o <strong>@alotenica<\/strong> no tuV\u00edtter<\/a><br \/>\n&#8211; <a href=\"http:\/\/twitter.com\/leoradiofobia\" target=\"_blank\" rel=\"noopener noreferrer\">Siga o <strong>@leoradiofobia<\/strong> no tuV\u00edtter<\/a><br \/>\n&#8211; <a href=\"http:\/\/twitter.com\/radiofobia\" target=\"_blank\" rel=\"noopener noreferrer\">Siga o <strong>@radiofobia<\/strong> no tuV\u00edtter<\/a><br \/>\n&#8211; <a href=\"https:\/\/www.facebook.com\/alotenica\" target=\"_blank\" rel=\"noopener noreferrer\">Curta a p\u00e1gina do <strong>Al\u00f4 T\u00e9nica<\/strong> no Facebook<\/a><br \/>\n&#8211;\u00a0<a href=\"https:\/\/www.facebook.com\/radiofobiapodcast\" target=\"_blank\" rel=\"noopener noreferrer\">Curta a p\u00e1gina do\u00a0<strong>RADIOFOBIA<\/strong>\u00a0no Facebook<\/a><br \/>\n&#8211;\u00a0<a href=\"https:\/\/www.facebook.com\/radiofobiapm\" target=\"_blank\" rel=\"noopener noreferrer\">Curta a p\u00e1gina da\u00a0<strong>RADIOFOBIA Podcast e Multim\u00eddia<\/strong>\u00a0no Facebook<\/a><\/p>\n<p><strong><span style=\"color: #990000;\">Conhe\u00e7a o\u00a0CURSO DE PODCAST:<\/span><\/strong><br \/>\n&#8211; <a href=\"http:\/\/www.cursodepodcast.com.br\" target=\"_blank\" rel=\"noopener noreferrer\">Acesse <strong>www.cursodepodcast.com.br<\/strong><\/a><br \/>\n&#8211; <a href=\"https:\/\/twitter.com\/CursoDePodcast\" target=\"_blank\" rel=\"noopener noreferrer\">Siga o <strong>@cursodepodcast<\/strong> no tuV\u00edtter<\/a><br \/>\n&#8211; <a href=\"https:\/\/www.youtube.com\/user\/cursodepodcast\" target=\"_blank\" rel=\"noopener noreferrer\">Inscreva-se no canal do <strong>Curso de Podcast<\/strong> no YouTube<\/a><br \/>\n&#8211; <a href=\"https:\/\/www.facebook.com\/cursodepodcast\" target=\"_blank\" rel=\"noopener noreferrer\">Curta a p\u00e1gina do <strong>Curso de Podcast<\/strong> no Facebook<\/a><\/p>\n<p><span style=\"color: #990000;\"><strong>Ou\u00e7a o Al\u00f4 T\u00e9nica! nos principais agregadores:<\/strong><\/span><br \/>\n&#8211; <a href=\"https:\/\/leolop.es\/alotenica_spotify\" target=\"_blank\" rel=\"noopener noreferrer\">Spotify<\/a><br \/>\n&#8211; <a href=\"https:\/\/leolop.es\/alotenica_googlepod\" target=\"_blank\" rel=\"noopener noreferrer\">Google Podcasts<\/a><br \/>\n&#8211; <a href=\"\/\/feeds.feedburner.com\/radiofobia_itunes\" target=\"_blank\" rel=\"noopener noreferrer\">Apple Podcasts<\/a><br \/>\n&#8211; <a href=\"https:\/\/pca.st\/b2lM\" target=\"_blank\" rel=\"noopener noreferrer\">PocketCasts<\/a><\/p>\n<p><span style=\"color: #990000;\"><strong>E-mails:<\/strong><\/span><br \/>\nAjude-nos a fazer o programa enviando sua <em>colabora\u00e7\u00e3o<\/em>, <em>d\u00favida<\/em> ou <em>sugest\u00e3o de pauta<\/em> para <a href=\"mailto:alotenica@radiofobia.com.br\" target=\"_blank\" rel=\"noopener noreferrer\"><strong>alotenica@radiofobia.com.br<\/strong><\/a>!<\/p>\n<p><span style=\"color: #990000;\"><strong>Publicidade:<\/strong><\/span><br \/>\n<a href=\"http:\/\/leolop.es\/rfcontato\" target=\"_blank\" rel=\"noopener noreferrer\"><strong>Entre em contato<\/strong><\/a> e saiba como <em>anunciar sua marca, produto ou servi\u00e7o em nossos podcasts<\/em>.<\/p>\n","protected":false},"excerpt":{"rendered":"<p>Neste epis\u00f3dio Leo Lopes d\u00e1 dicas e tira d\u00favidas sobre como melhorar a qualidade do \u00e1udio do seu podcast em grava\u00e7\u00f5es remotas.<\/p>\n","protected":false},"author":2,"featured_media":24040,"comment_status":"open","ping_status":"closed","sticky":false,"template":"","format":"standard","meta":{"footnotes":""},"categories":[358,13],"tags":[359,368,362,77,11,1894,386,14],"class_list":["post-24035","post","type-post","status-publish","format-standard","has-post-thumbnail","hentry","category-cursodepodcast","category-podcast","tag-alo-tenica","tag-captacao","tag-edicao","tag-gravacao","tag-leo-lopes","tag-live","tag-microfone","tag-podcast"],"_links":{"self":[{"href":"https:\/\/radiofobia.com.br\/podcast\/wp-json\/wp\/v2\/posts\/24035","targetHints":{"allow":["GET"]}}],"collection":[{"href":"https:\/\/radiofobia.com.br\/podcast\/wp-json\/wp\/v2\/posts"}],"about":[{"href":"https:\/\/radiofobia.com.br\/podcast\/wp-json\/wp\/v2\/types\/post"}],"author":[{"embeddable":true,"href":"https:\/\/radiofobia.com.br\/podcast\/wp-json\/wp\/v2\/users\/2"}],"replies":[{"embeddable":true,"href":"https:\/\/radiofobia.com.br\/podcast\/wp-json\/wp\/v2\/comments?post=24035"}],"version-history":[{"count":9,"href":"https:\/\/radiofobia.com.br\/podcast\/wp-json\/wp\/v2\/posts\/24035\/revisions"}],"predecessor-version":[{"id":24064,"href":"https:\/\/radiofobia.com.br\/podcast\/wp-json\/wp\/v2\/posts\/24035\/revisions\/24064"}],"wp:featuredmedia":[{"embeddable":true,"href":"https:\/\/radiofobia.com.br\/podcast\/wp-json\/wp\/v2\/media\/24040"}],"wp:attachment":[{"href":"https:\/\/radiofobia.com.br\/podcast\/wp-json\/wp\/v2\/media?parent=24035"}],"wp:term":[{"taxonomy":"category","embeddable":true,"href":"https:\/\/radiofobia.com.br\/podcast\/wp-json\/wp\/v2\/categories?post=24035"},{"taxonomy":"post_tag","embeddable":true,"href":"https:\/\/radiofobia.com.br\/podcast\/wp-json\/wp\/v2\/tags?post=24035"}],"curies":[{"name":"wp","href":"https:\/\/api.w.org\/{rel}","templated":true}]}}