{"id":24081,"date":"2020-12-09T15:18:09","date_gmt":"2020-12-09T18:18:09","guid":{"rendered":"https:\/\/radiofobia.com.br\/podcast\/?p=24081"},"modified":"2022-05-01T17:44:00","modified_gmt":"2022-05-01T20:44:00","slug":"mim-falei-112-cyberpunk-2077","status":"publish","type":"post","link":"https:\/\/radiofobia.com.br\/podcast\/2020\/12\/mim-falei-112-cyberpunk-2077\/","title":{"rendered":"Mim Falei! #112 &#8211; Cyberpunk 2077"},"content":{"rendered":"<p><iframe src=\"https:\/\/omny.fm\/shows\/mim-falei\/mim-falei-112-cyberpunk-2077\/embed\" allow=\"autoplay; clipboard-write\" width=\"100%\" height=\"180\" frameborder=\"0\" title=\"Mim Falei! #112 - Cyberpunk 2077\"><\/iframe><\/p>\n<p>Cyberpunk 2077<\/p>\n<p><strong><a href=\"https:\/\/twitter.com\/rudylanducci\">Rudy Landucci<\/a>, <a href=\"https:\/\/twitter.com\/ErlanDias7\" target=\"_blank\" rel=\"noopener noreferrer\">Erlan Dias<\/a><a href=\"https:\/\/twitter.com\/MarquinhoDorna\"> e\u00a0<\/a><a href=\"https:\/\/twitter.com\/MarquinhoDorna\">Marquinho Dorna <\/a><\/strong>falam sobre o jogo do momento, Cyberpunk 2077 e l\u00ea o que a audi\u00eancia acha desse Universo.<\/p>\n<p>Mesmo com ansiedade esperando que n\u00e3o seja cancelado de novo, ou\u00e7a esse epis\u00f3dio.<\/p>\n","protected":false},"excerpt":{"rendered":"<p>Rudy Landucci, Erlan Dias e\u00a0Marquinho Dorna falam sobre o jogo do momento, Cyberpunk 2077 e l\u00ea o que a audi\u00eancia acha desse Universo.<\/p>\n","protected":false},"author":11,"featured_media":24083,"comment_status":"open","ping_status":"closed","sticky":false,"template":"","format":"standard","meta":{"footnotes":""},"categories":[1592,13],"tags":[2313,2325,1595,1878,14,1593,2119],"class_list":["post-24081","post","type-post","status-publish","format-standard","has-post-thumbnail","hentry","category-mimfalei","category-podcast","tag-cyberpunk","tag-cyberpunk-2077","tag-erlan-dias","tag-marco-dorna","tag-podcast","tag-rudy-landucci","tag-video-game"],"_links":{"self":[{"href":"https:\/\/radiofobia.com.br\/podcast\/wp-json\/wp\/v2\/posts\/24081","targetHints":{"allow":["GET"]}}],"collection":[{"href":"https:\/\/radiofobia.com.br\/podcast\/wp-json\/wp\/v2\/posts"}],"about":[{"href":"https:\/\/radiofobia.com.br\/podcast\/wp-json\/wp\/v2\/types\/post"}],"author":[{"embeddable":true,"href":"https:\/\/radiofobia.com.br\/podcast\/wp-json\/wp\/v2\/users\/11"}],"replies":[{"embeddable":true,"href":"https:\/\/radiofobia.com.br\/podcast\/wp-json\/wp\/v2\/comments?post=24081"}],"version-history":[{"count":2,"href":"https:\/\/radiofobia.com.br\/podcast\/wp-json\/wp\/v2\/posts\/24081\/revisions"}],"predecessor-version":[{"id":27000,"href":"https:\/\/radiofobia.com.br\/podcast\/wp-json\/wp\/v2\/posts\/24081\/revisions\/27000"}],"wp:featuredmedia":[{"embeddable":true,"href":"https:\/\/radiofobia.com.br\/podcast\/wp-json\/wp\/v2\/media\/24083"}],"wp:attachment":[{"href":"https:\/\/radiofobia.com.br\/podcast\/wp-json\/wp\/v2\/media?parent=24081"}],"wp:term":[{"taxonomy":"category","embeddable":true,"href":"https:\/\/radiofobia.com.br\/podcast\/wp-json\/wp\/v2\/categories?post=24081"},{"taxonomy":"post_tag","embeddable":true,"href":"https:\/\/radiofobia.com.br\/podcast\/wp-json\/wp\/v2\/tags?post=24081"}],"curies":[{"name":"wp","href":"https:\/\/api.w.org\/{rel}","templated":true}]}}