{"id":24413,"date":"2021-03-09T09:34:01","date_gmt":"2021-03-09T12:34:01","guid":{"rendered":"https:\/\/radiofobia.com.br\/podcast\/?p=24413"},"modified":"2021-03-09T09:34:01","modified_gmt":"2021-03-09T12:34:01","slug":"voz-off-043-fabbio-perez","status":"publish","type":"post","link":"https:\/\/radiofobia.com.br\/podcast\/2021\/03\/voz-off-043-fabbio-perez\/","title":{"rendered":"VOZ OFF 043 &#8211; Fabbio Perez"},"content":{"rendered":"<p><iframe title=\"VOZ 0FF 043 - Fabbio Perez\" src=\"https:\/\/omny.fm\/shows\/voz-off\/voz-0ff-043-fabbio-perez\/embed\" width=\"100%\" height=\"180\" frameborder=\"0\"><\/iframe><\/p>\n<p><em><strong>Sauda\u00e7\u00f5es, ouvintes apaixonados por locu\u00e7\u00e3o. Est\u00e1 NO AR o\u00a0<\/strong><\/em><em><strong>43\u00ba podcast VOZ OFF!<\/strong><\/em><\/p>\n<p><span style=\"color: #666666;\">Neste epis\u00f3dio,\u00a0<strong><a href=\"https:\/\/twitter.com\/antonioviviani\" target=\"_blank\" rel=\"noopener noreferrer\" data-saferedirecturl=\"https:\/\/www.google.com\/url?q=https:\/\/twitter.com\/antonioviviani&amp;source=gmail&amp;ust=1547142011247000&amp;usg=AFQjCNGZ8kg3VQj-BI_K7dDR21HNmPxEOA\">Ant\u00f4nio Viviani<\/a>\u00a0<\/strong>e\u00a0<strong><a href=\"https:\/\/twitter.com\/nicolalauletta\" target=\"_blank\" rel=\"noopener noreferrer\" data-saferedirecturl=\"https:\/\/www.google.com\/url?q=https:\/\/twitter.com\/nicolalauletta&amp;source=gmail&amp;ust=1547142011247000&amp;usg=AFQjCNEexDjV314C4BXxGZ5bnNDyXJ1YVg\">Nicola Lauletta\u00a0<\/a><\/strong><\/span>conversam online com um \u00edcone do r\u00e1dio, da televis\u00e3o e da publicidade.<\/p>\n<p>Nascido em Jundia\u00ed &#8211; SP, fez carreira na capital de S\u00e3o Paulo, depois foi ser diretor de jornalismo nos tempos \u00e1ureos da TV Globo, no Rio de Janeiro e hoje mora uns tempos em S\u00e3o Paulo e uns tempos em Jundia\u00ed.<\/p>\n<p>Foi apresentador do Rep\u00f3rter Esso no r\u00e1dio em S\u00e3o Paulo, censurado no dia 1\u00ba de abril de 1964 pela ditadura militar, depois enveredou pelos caminhos da publicidade, fazendo locu\u00e7\u00f5es memor\u00e1veis para a propaganda brasileira at\u00e9 que assumiu diversos postos de destaque no jornalismo da Rede Globo, emissora onde faz trabalhos at\u00e9 hoje.<\/p>\n<p>Quem vai nos contar sua hist\u00f3ria no r\u00e1dio, na propaganda, no jornalismo e na televis\u00e3o brasileira \u00e9 <strong>Fabbio Perez<\/strong>!<\/p>\n<p>A conversa aconteceu em fevereiro de 2021 e voc\u00ea vai saber como ele come\u00e7ou no r\u00e1dio no Grande Jornal Falado Tupi; como se tornou o apresentador do Rep\u00f3rter Esso no r\u00e1dio, sempre ao vivo; como passou a gravar locu\u00e7\u00f5es publicit\u00e1rias e as participa\u00e7\u00f5es na dire\u00e7\u00e3o de jornalismo da Rede Globo e suas locu\u00e7\u00f5es famosas para as cr\u00f4nicas de Ruben Braga, Otto Lara Rezende, Carlos Drummond e Armando Nogueira, al\u00e9m da tradicional Missa do Galo celebrada anualmente pelo Papa e as destacadas narra\u00e7\u00f5es do Globo Natureza e do seu antecessor, o ABC da Amaz\u00f4nia.<\/p>\n<p>Neste epis\u00f3dio, teremos uma grava\u00e7\u00e3o in\u00e9dita da R\u00e1dio Camanducaia, nada mais nada menos do que o piloto do famoso programa do saudoso Odayr Baptista e que teve a participa\u00e7\u00e3o do Fabbio.<\/p>\n<p>Com a gente, e pra voc\u00eas: <strong>FABBIO PEREZ<\/strong>!<\/p>\n<p><strong style=\"color: #990000;\">Para seguir nas redes sociais:<\/strong><br \/>\n&#8211; <a href=\"https:\/\/www.facebook.com\/podcastvozoff\/\" target=\"_blank\" rel=\"noopener noreferrer\">Curta a p\u00e1gina do podcast <strong>Voz Off<\/strong> no Facebook<\/a><br \/>\n&#8211; <a href=\"https:\/\/twitter.com\/podcastvozoff\" target=\"_blank\" rel=\"noopener noreferrer\">Siga o <strong>@podcastvozoff<\/strong> no Twitter<\/a><br \/>\n&#8211; <a href=\"https:\/\/www.facebook.com\/antoniovivianilocutor\/\" target=\"_blank\" rel=\"noopener noreferrer\">Curta a p\u00e1gina do <strong>Antonio Viviani<\/strong> no Facebook<\/a><br \/>\n&#8211; <a href=\"https:\/\/twitter.com\/antonioviviani\" target=\"_blank\" rel=\"noopener noreferrer\">Siga o <strong>@antonioviviani<\/strong> no Twitter<\/a><br \/>\n&#8211; <a href=\"https:\/\/www.instagram.com\/antonio.viviani\/\" target=\"_blank\" rel=\"noopener noreferrer\">Siga o <strong>@antonio.viviani<\/strong> no Instagram<\/a><br \/>\n&#8211; <a href=\"https:\/\/twitter.com\/nicolalauletta\" target=\"_blank\" rel=\"noopener noreferrer\">Siga o <strong>@nicolalauletta<\/strong> no Twitter<\/a><br \/>\n&#8211; <a href=\"https:\/\/www.facebook.com\/EchosStudios\" target=\"_blank\" rel=\"noopener noreferrer\">Curta a p\u00e1gina do <strong>Echo&#8217;s Studio<\/strong> no Facebook<\/a><br \/>\n&#8211; <a href=\"https:\/\/www.facebook.com\/vozaobra\/\" target=\"_blank\" rel=\"noopener noreferrer\">Curta a p\u00e1gina do <strong>Workshop de Locu\u00e7\u00e3o Voz A Obra<\/strong>\u00a0no Facebook<\/a><br \/>\n&#8211; <a href=\"http:\/\/leolop.es\/textosentido\" target=\"_blank\" rel=\"noopener noreferrer\">Ou\u00e7a tamb\u00e9m o podcast <strong>TEXTO SENTIDO<\/strong> com Ant\u00f4nio Viviani<\/a><\/p>\n<p><strong style=\"color: #990000;\">Assine o FEED do Voz Off:<\/strong><br \/>\nPara ouvir o Voz Off no seu agregador de podcasts preferido, <a href=\"http:\/\/leolop.es\/feedvozoff\" target=\"_blank\" rel=\"noopener noreferrer\"><strong>clique aqui e assine o nosso FEED<\/strong><\/a>!<\/p>\n<p><strong style=\"color: #990000;\">Assine e avalie nosso podcast no iTunes:<\/strong><br \/>\nSe voc\u00ea usa o<strong> iTunes<\/strong> no seu computador, tablet ou smartphone, <a href=\"https:\/\/itunes.apple.com\/us\/podcast\/id1252595385\" target=\"_blank\" rel=\"noopener noreferrer\"><strong>assine e avalie nosso podcast clicando aqui<\/strong><\/a>!<\/p>\n<p><strong style=\"color: #990000;\">Voz Off no Spotify:<\/strong><br \/>\nCaso prefira ouvir o <strong>Voz Off <\/strong>no<strong> Spotify<\/strong>, <a href=\"https:\/\/open.spotify.com\/show\/16gSvztELYfMu42Vu22gug?si=UW6_DO3bQwaYUt4aNjb4TQ\" target=\"_blank\" rel=\"noopener noreferrer\"><strong>\u00e9 s\u00f3 clicar aqui e assinar o nosso podcast no servi\u00e7o de streaming<\/strong><\/a>!<\/p>\n<p><span style=\"color: #990000;\"><strong>E-mails:<\/strong><\/span><br \/>\nMande seu feedback pra gente atrav\u00e9s do e-mail\u00a0<a href=\"mailto:podcastvozoff@gmail.com\"><strong>podcastvozoff@gmail.com<\/strong><\/a>!<\/p>\n<p><span style=\"color: #990000;\"><strong>Publicidade:<\/strong><\/span><br \/>\n<a href=\"http:\/\/leolop.es\/rfcontato\" target=\"_blank\" rel=\"noopener noreferrer\"><strong>Entre em contato<\/strong><\/a> e saiba como <em>anunciar sua marca, produto ou servi\u00e7o em nossos podcasts<\/em>.<\/p>\n","protected":false},"excerpt":{"rendered":"<p>Antonio Viviani e Nicola Lauletta conversam com um \u00edcone do r\u00e1dio, da televis\u00e3o e da publicidade: Fabbio Perez!<\/p>\n","protected":false},"author":2,"featured_media":24416,"comment_status":"open","ping_status":"closed","sticky":false,"template":"","format":"standard","meta":{"footnotes":""},"categories":[13,1220],"tags":[675,2412,607,1221,14,419,691,2413,1088,1223],"class_list":["post-24413","post","type-post","status-publish","format-standard","has-post-thumbnail","hentry","category-podcast","category-vozoff","tag-antonio-viviani","tag-fabbio-perez","tag-locucao","tag-nicola-lauletta","tag-podcast","tag-publicidade","tag-radio-camanducaia","tag-reporter-esso","tag-televisao","tag-voz-off"],"_links":{"self":[{"href":"https:\/\/radiofobia.com.br\/podcast\/wp-json\/wp\/v2\/posts\/24413","targetHints":{"allow":["GET"]}}],"collection":[{"href":"https:\/\/radiofobia.com.br\/podcast\/wp-json\/wp\/v2\/posts"}],"about":[{"href":"https:\/\/radiofobia.com.br\/podcast\/wp-json\/wp\/v2\/types\/post"}],"author":[{"embeddable":true,"href":"https:\/\/radiofobia.com.br\/podcast\/wp-json\/wp\/v2\/users\/2"}],"replies":[{"embeddable":true,"href":"https:\/\/radiofobia.com.br\/podcast\/wp-json\/wp\/v2\/comments?post=24413"}],"version-history":[{"count":3,"href":"https:\/\/radiofobia.com.br\/podcast\/wp-json\/wp\/v2\/posts\/24413\/revisions"}],"predecessor-version":[{"id":24654,"href":"https:\/\/radiofobia.com.br\/podcast\/wp-json\/wp\/v2\/posts\/24413\/revisions\/24654"}],"wp:featuredmedia":[{"embeddable":true,"href":"https:\/\/radiofobia.com.br\/podcast\/wp-json\/wp\/v2\/media\/24416"}],"wp:attachment":[{"href":"https:\/\/radiofobia.com.br\/podcast\/wp-json\/wp\/v2\/media?parent=24413"}],"wp:term":[{"taxonomy":"category","embeddable":true,"href":"https:\/\/radiofobia.com.br\/podcast\/wp-json\/wp\/v2\/categories?post=24413"},{"taxonomy":"post_tag","embeddable":true,"href":"https:\/\/radiofobia.com.br\/podcast\/wp-json\/wp\/v2\/tags?post=24413"}],"curies":[{"name":"wp","href":"https:\/\/api.w.org\/{rel}","templated":true}]}}