{"id":24518,"date":"2021-03-22T11:29:02","date_gmt":"2021-03-22T14:29:02","guid":{"rendered":"https:\/\/radiofobia.com.br\/podcast\/?p=24518"},"modified":"2021-03-22T11:29:02","modified_gmt":"2021-03-22T14:29:02","slug":"mim-falei-127-sac-mim-falei-reclame-aqui","status":"publish","type":"post","link":"https:\/\/radiofobia.com.br\/podcast\/2021\/03\/mim-falei-127-sac-mim-falei-reclame-aqui\/","title":{"rendered":"Mim Falei! #127 &#8211; SAC Mim Falei! Reclame Aqui!"},"content":{"rendered":"<p><iframe title=\"Mim Falei! #127 - SAC Mim Falei! Reclame Aqui!\" src=\"https:\/\/omny.fm\/shows\/mim-falei\/mim-falei-127-sac-mim-falei-reclame-aqui\/embed\" width=\"100%\" height=\"180\" frameborder=\"0\"><span data-mce-type=\"bookmark\" style=\"display: inline-block; width: 0px; overflow: hidden; line-height: 0;\" class=\"mce_SELRES_start\">\ufeff<\/span><\/iframe><\/p>\n<p>SAC Mim Falei! Reclame Aqui!<\/p>\n<p><strong><a href=\"https:\/\/twitter.com\/rudylanducci\">Rudy Landucci<\/a>, <a href=\"https:\/\/twitter.com\/ErlanDias7\" target=\"_blank\" rel=\"noopener noreferrer\">Erlan Dias<\/a><a href=\"https:\/\/twitter.com\/MarquinhoDorna\"> e\u00a0<\/a><a href=\"https:\/\/twitter.com\/MarquinhoDorna\">Marquinho Dorna\u00a0<\/a><\/strong>comentam criticas destrutivas da audi\u00eancia para melhorar ou n\u00e3o, o podcast.<\/p>\n<p>Fa\u00e7a a sua cr\u00edtica tamb\u00e9m.<\/p>\n","protected":false},"excerpt":{"rendered":"<p>Rudy Landucci, Erlan Dias e\u00a0Marquinho Dorna\u00a0comentam criticas destrutivas da audi\u00eancia para melhorar ou n\u00e3o, o podcast.<\/p>\n","protected":false},"author":12,"featured_media":24521,"comment_status":"open","ping_status":"closed","sticky":false,"template":"","format":"standard","meta":{"footnotes":""},"categories":[1592,13],"tags":[1595,1878,1594,14,1593,2440],"class_list":["post-24518","post","type-post","status-publish","format-standard","has-post-thumbnail","hentry","category-mimfalei","category-podcast","tag-erlan-dias","tag-marco-dorna","tag-mim-falei","tag-podcast","tag-rudy-landucci","tag-sac"],"_links":{"self":[{"href":"https:\/\/radiofobia.com.br\/podcast\/wp-json\/wp\/v2\/posts\/24518","targetHints":{"allow":["GET"]}}],"collection":[{"href":"https:\/\/radiofobia.com.br\/podcast\/wp-json\/wp\/v2\/posts"}],"about":[{"href":"https:\/\/radiofobia.com.br\/podcast\/wp-json\/wp\/v2\/types\/post"}],"author":[{"embeddable":true,"href":"https:\/\/radiofobia.com.br\/podcast\/wp-json\/wp\/v2\/users\/12"}],"replies":[{"embeddable":true,"href":"https:\/\/radiofobia.com.br\/podcast\/wp-json\/wp\/v2\/comments?post=24518"}],"version-history":[{"count":4,"href":"https:\/\/radiofobia.com.br\/podcast\/wp-json\/wp\/v2\/posts\/24518\/revisions"}],"predecessor-version":[{"id":24557,"href":"https:\/\/radiofobia.com.br\/podcast\/wp-json\/wp\/v2\/posts\/24518\/revisions\/24557"}],"wp:featuredmedia":[{"embeddable":true,"href":"https:\/\/radiofobia.com.br\/podcast\/wp-json\/wp\/v2\/media\/24521"}],"wp:attachment":[{"href":"https:\/\/radiofobia.com.br\/podcast\/wp-json\/wp\/v2\/media?parent=24518"}],"wp:term":[{"taxonomy":"category","embeddable":true,"href":"https:\/\/radiofobia.com.br\/podcast\/wp-json\/wp\/v2\/categories?post=24518"},{"taxonomy":"post_tag","embeddable":true,"href":"https:\/\/radiofobia.com.br\/podcast\/wp-json\/wp\/v2\/tags?post=24518"}],"curies":[{"name":"wp","href":"https:\/\/api.w.org\/{rel}","templated":true}]}}