{"id":24898,"date":"2021-07-13T09:40:16","date_gmt":"2021-07-13T12:40:16","guid":{"rendered":"https:\/\/radiofobia.com.br\/podcast\/?p=24898"},"modified":"2021-07-13T09:40:16","modified_gmt":"2021-07-13T12:40:16","slug":"voz-off-047-especial-flavio-guimaraes-fiori-gigliotti-e-osmar-santos","status":"publish","type":"post","link":"https:\/\/radiofobia.com.br\/podcast\/2021\/07\/voz-off-047-especial-flavio-guimaraes-fiori-gigliotti-e-osmar-santos\/","title":{"rendered":"VOZ OFF 047 &#8211; ESPECIAL &#8211; Flavio Guimar\u00e3es, Fiori Gigliotti e Osmar Santos"},"content":{"rendered":"<p><iframe title=\"VOZ 0FF 047 - Flavio Guimar\u00e3es, Fiori Gigliotti e Osmar Santos\" src=\"https:\/\/omny.fm\/shows\/voz-off\/voz-0ff-047-flavio-guimar-es-fiori-gigliotti-e-osm\/embed\" width=\"100%\" height=\"180\" frameborder=\"0\"><\/iframe><\/p>\n<p><em><strong>Sauda\u00e7\u00f5es, ouvintes apaixonados por locu\u00e7\u00e3o. Est\u00e1 NO AR o\u00a0<\/strong><\/em><em><strong>47\u00ba podcast VOZ OFF!<\/strong><\/em><\/p>\n<p><span style=\"color: #666666;\">Neste epis\u00f3dio,\u00a0<strong><a href=\"https:\/\/twitter.com\/antonioviviani\" target=\"_blank\" rel=\"noopener noreferrer\" data-saferedirecturl=\"https:\/\/www.google.com\/url?q=https:\/\/twitter.com\/antonioviviani&amp;source=gmail&amp;ust=1547142011247000&amp;usg=AFQjCNGZ8kg3VQj-BI_K7dDR21HNmPxEOA\">Ant\u00f4nio Viviani<\/a>\u00a0<\/strong>e\u00a0<strong><a href=\"https:\/\/twitter.com\/nicolalauletta\" target=\"_blank\" rel=\"noopener noreferrer\" data-saferedirecturl=\"https:\/\/www.google.com\/url?q=https:\/\/twitter.com\/nicolalauletta&amp;source=gmail&amp;ust=1547142011247000&amp;usg=AFQjCNEexDjV314C4BXxGZ5bnNDyXJ1YVg\">Nicola Lauletta\u00a0<\/a><\/strong><\/span>revivem com voc\u00ea um programa de r\u00e1dio especial, gravado no s\u00e9culo passado!<\/p>\n<p>No dia <strong>29 de setembro de 1982<\/strong>, o programa <strong>Galeria<\/strong>, da R\u00e1dio Eldorado de S\u00e3o Paulo, recebia em seus est\u00fadios as duas vozes mais importantes da narra\u00e7\u00e3o esportiva paulista na \u00e9poca para contarem suas hist\u00f3rias de sucesso.<\/p>\n<p>A miss\u00e3o do <strong>Podcast Voz Off<\/strong> \u00e9 apresentar e ao mesmo tempo homenagear as grandes vozes do r\u00e1dio, da TV e da publicidade, e os tr\u00eas nomes participantes n\u00e3o poderiam hoje ser entrevistados pela gente.<\/p>\n<p>Por essa raz\u00e3o, pedimos licen\u00e7a para apresentar essa edi\u00e7\u00e3o deliciosa do programa <strong>Galeria<\/strong>, com o saudoso locutor e apresentador <strong>Flavio Guimar\u00e3es<\/strong>, o saudoso narrador esportivo <strong>Fiori Gigliotti<\/strong> e o pai da mat\u00e9ria <strong>Osmar Santos<\/strong>.<\/p>\n<p>Voc\u00ea vai conhecer um pouco da hist\u00f3ria de cada um, suas narra\u00e7\u00f5es vibrantes e emocionantes e seus bord\u00f5es marcantes e eternos!<\/p>\n<p>Com voc\u00eas: <strong>FLAVIO GUIMAR\u00c3ES, FIORI GIGLIOTTI E OSMAR SANTOS<\/strong>!<\/p>\n<p><strong style=\"color: #990000;\">Para seguir nas redes sociais:<\/strong><br \/>\n&#8211; <a href=\"https:\/\/www.facebook.com\/podcastvozoff\/\" target=\"_blank\" rel=\"noopener noreferrer\">Curta a p\u00e1gina do podcast <strong>Voz Off<\/strong> no Facebook<\/a><br \/>\n&#8211; <a href=\"https:\/\/twitter.com\/podcastvozoff\" target=\"_blank\" rel=\"noopener noreferrer\">Siga o <strong>@podcastvozoff<\/strong> no Twitter<\/a><br \/>\n&#8211; <a href=\"https:\/\/www.facebook.com\/antoniovivianilocutor\/\" target=\"_blank\" rel=\"noopener noreferrer\">Curta a p\u00e1gina do <strong>Antonio Viviani<\/strong> no Facebook<\/a><br \/>\n&#8211; <a href=\"https:\/\/twitter.com\/antonioviviani\" target=\"_blank\" rel=\"noopener noreferrer\">Siga o <strong>@antonioviviani<\/strong> no Twitter<\/a><br \/>\n&#8211; <a href=\"https:\/\/www.instagram.com\/antonio.viviani\/\" target=\"_blank\" rel=\"noopener noreferrer\">Siga o <strong>@antonio.viviani<\/strong> no Instagram<\/a><br \/>\n&#8211; <a href=\"https:\/\/twitter.com\/nicolalauletta\" target=\"_blank\" rel=\"noopener noreferrer\">Siga o <strong>@nicolalauletta<\/strong> no Twitter<\/a><br \/>\n&#8211; <a href=\"https:\/\/www.facebook.com\/EchosStudios\" target=\"_blank\" rel=\"noopener noreferrer\">Curta a p\u00e1gina do <strong>Echo&#8217;s Studio<\/strong> no Facebook<\/a><br \/>\n&#8211; <a href=\"https:\/\/www.facebook.com\/vozaobra\/\" target=\"_blank\" rel=\"noopener noreferrer\">Curta a p\u00e1gina do <strong>Workshop de Locu\u00e7\u00e3o Voz A Obra<\/strong>\u00a0no Facebook<\/a><br \/>\n&#8211; <a href=\"http:\/\/leolop.es\/textosentido\" target=\"_blank\" rel=\"noopener noreferrer\">Ou\u00e7a tamb\u00e9m o podcast <strong>TEXTO SENTIDO<\/strong> com Ant\u00f4nio Viviani<\/a><\/p>\n<p><strong style=\"color: #990000;\">Assine o FEED do Voz Off:<\/strong><br \/>\nPara ouvir o Voz Off no seu agregador de podcasts preferido, <a href=\"http:\/\/leolop.es\/feedvozoff\" target=\"_blank\" rel=\"noopener noreferrer\"><strong>clique aqui e assine o nosso FEED<\/strong><\/a>!<\/p>\n<p><strong style=\"color: #990000;\">Assine e avalie nosso podcast no iTunes:<\/strong><br \/>\nSe voc\u00ea usa o<strong> iTunes<\/strong> no seu computador, tablet ou smartphone, <a href=\"https:\/\/itunes.apple.com\/us\/podcast\/id1252595385\" target=\"_blank\" rel=\"noopener noreferrer\"><strong>assine e avalie nosso podcast clicando aqui<\/strong><\/a>!<\/p>\n<p><strong style=\"color: #990000;\">Voz Off no Spotify:<\/strong><br \/>\nCaso prefira ouvir o <strong>Voz Off <\/strong>no<strong> Spotify<\/strong>, <a href=\"https:\/\/open.spotify.com\/show\/16gSvztELYfMu42Vu22gug?si=UW6_DO3bQwaYUt4aNjb4TQ\" target=\"_blank\" rel=\"noopener noreferrer\"><strong>\u00e9 s\u00f3 clicar aqui e assinar o nosso podcast no servi\u00e7o de streaming<\/strong><\/a>!<\/p>\n<p><span style=\"color: #990000;\"><strong>E-mails:<\/strong><\/span><br \/>\nMande seu feedback pra gente atrav\u00e9s do e-mail\u00a0<a href=\"mailto:podcastvozoff@gmail.com\"><strong>podcastvozoff@gmail.com<\/strong><\/a>!<\/p>\n<p><span style=\"color: #990000;\"><strong>Publicidade:<\/strong><\/span><br \/>\n<a href=\"http:\/\/leolop.es\/rfcontato\" target=\"_blank\" rel=\"noopener noreferrer\"><strong>Entre em contato<\/strong><\/a> e saiba como <em>anunciar sua marca, produto ou servi\u00e7o em nossos podcasts<\/em>.<\/p>\n","protected":false},"excerpt":{"rendered":"<p>Neste epis\u00f3dio especial apresentamos a \u00edntegra do programa Galeria, de setembro de 1982, com Flavio Guimar\u00e3es entrevistando Fiori Gigliotti e Osmar Santos!<\/p>\n","protected":false},"author":2,"featured_media":24899,"comment_status":"open","ping_status":"closed","sticky":false,"template":"","format":"standard","meta":{"footnotes":""},"categories":[13,1220],"tags":[792,675,101,2520,2519,22,1221,2521,14,90,1223],"class_list":["post-24898","post","type-post","status-publish","format-standard","has-post-thumbnail","hentry","category-podcast","category-vozoff","tag-acervo","tag-antonio-viviani","tag-especial","tag-fiori-gigliotti","tag-flavio-guimaraes","tag-memoria","tag-nicola-lauletta","tag-osmar-santos","tag-podcast","tag-radio","tag-voz-off"],"_links":{"self":[{"href":"https:\/\/radiofobia.com.br\/podcast\/wp-json\/wp\/v2\/posts\/24898","targetHints":{"allow":["GET"]}}],"collection":[{"href":"https:\/\/radiofobia.com.br\/podcast\/wp-json\/wp\/v2\/posts"}],"about":[{"href":"https:\/\/radiofobia.com.br\/podcast\/wp-json\/wp\/v2\/types\/post"}],"author":[{"embeddable":true,"href":"https:\/\/radiofobia.com.br\/podcast\/wp-json\/wp\/v2\/users\/2"}],"replies":[{"embeddable":true,"href":"https:\/\/radiofobia.com.br\/podcast\/wp-json\/wp\/v2\/comments?post=24898"}],"version-history":[{"count":2,"href":"https:\/\/radiofobia.com.br\/podcast\/wp-json\/wp\/v2\/posts\/24898\/revisions"}],"predecessor-version":[{"id":24901,"href":"https:\/\/radiofobia.com.br\/podcast\/wp-json\/wp\/v2\/posts\/24898\/revisions\/24901"}],"wp:featuredmedia":[{"embeddable":true,"href":"https:\/\/radiofobia.com.br\/podcast\/wp-json\/wp\/v2\/media\/24899"}],"wp:attachment":[{"href":"https:\/\/radiofobia.com.br\/podcast\/wp-json\/wp\/v2\/media?parent=24898"}],"wp:term":[{"taxonomy":"category","embeddable":true,"href":"https:\/\/radiofobia.com.br\/podcast\/wp-json\/wp\/v2\/categories?post=24898"},{"taxonomy":"post_tag","embeddable":true,"href":"https:\/\/radiofobia.com.br\/podcast\/wp-json\/wp\/v2\/tags?post=24898"}],"curies":[{"name":"wp","href":"https:\/\/api.w.org\/{rel}","templated":true}]}}