{"id":25126,"date":"2021-09-30T18:26:05","date_gmt":"2021-09-30T21:26:05","guid":{"rendered":"https:\/\/radiofobia.com.br\/podcast\/?p=25126"},"modified":"2021-10-01T11:10:11","modified_gmt":"2021-10-01T14:10:11","slug":"o-mundo-do-charuto-s01e01-o-que-e-o-charuto","status":"publish","type":"post","link":"https:\/\/radiofobia.com.br\/podcast\/2021\/09\/o-mundo-do-charuto-s01e01-o-que-e-o-charuto\/","title":{"rendered":"O Mundo do Charuto S01E01 &#8211; O que \u00e9 o charuto?"},"content":{"rendered":"<p><iframe title=\"O Mundo do Charuto S01E01 - O que \u00e9 o charuto?\" src=\"https:\/\/omny.fm\/shows\/o-mundo-do-charuto\/o-mundo-do-charuto-s01e01-o-que-o-charuto\/embed\" width=\"100%\" height=\"180\" frameborder=\"0\"><span data-mce-type=\"bookmark\" style=\"display: inline-block; width: 0px; overflow: hidden; line-height: 0;\" class=\"mce_SELRES_start\">\ufeff<\/span><\/iframe><\/p>\n<p><em><strong>Sauda\u00e7\u00f5es, ouvinte charuteiro<\/strong><\/em><em><strong>!<\/strong><\/em><\/p>\n<p>Est\u00e1 NO AR <strong>&#8220;O Mundo do Charuto&#8221;<\/strong>, um podcast\u00a0produzido pela <a href=\"https:\/\/twitter.com\/rfobianetwork\" target=\"_blank\" rel=\"noopener noreferrer\"><strong>R\u00e1diofobia Podcast Network<\/strong><\/a>\u00a0para trazer informa\u00e7\u00f5es, fatos e curiosidades sobre o universo dos charutos, desde sua origem, tipos de tabaco, tamanhos e bitolas, passando pela sua hist\u00f3ria at\u00e9 dicas para iniciantes e harmoniza\u00e7\u00f5es!<\/p>\n<p>Este podcast \u00e9 apresentado pelo iniciante entusiasmado\u00a0<a href=\"https:\/\/twitter.com\/leoradiofobia\" target=\"_blank\" rel=\"noopener noreferrer\"><strong>Leo Lopes<\/strong><\/a> e pelo experiente entusiasta\u00a0<a href=\"https:\/\/www.instagram.com\/cesaradames\/\" target=\"_blank\" rel=\"noopener\"><strong>Cesar Adames<\/strong><\/a>, especialista com mais de 30 anos de experi\u00eancia escrevendo sobre cerveja, vinhos, destilados e charutos, \u00e9 claro!<\/p>\n<p>Neste primeiro epis\u00f3dio, iniciamos a &#8220;jornada do iniciado&#8221; no mundo do charuto, que se estender\u00e1 por toda a primeira temporada do podcast, come\u00e7ando por sua origem e respondendo, afinal de contas, <strong>o que \u00e9 o charuto<\/strong>?<\/p>\n<p>N\u00e3o deixe de <strong>interagir com a gente nas redes sociais<\/strong>, <strong>dar seu feedback sobre o papo e sugerir temas e convidados<\/strong>\u00a0para as pr\u00f3ximas edi\u00e7\u00f5es do nosso podcast, al\u00e9m de\u00a0<strong>deixar seu coment\u00e1rio no post,<\/strong> ok? Voc\u00ea tamb\u00e9m pode mandar sua cartinha para a <strong>Caixa Postal 279 &#8211; CEP 13930-970 &#8211; Serra Negra &#8211; SP<\/strong>, e seu e-mail para <a href=\"mailto:podcastomundodocharuto@gmail.com\" target=\"_blank\" rel=\"noopener\"><strong>podcastomundodocharuto@gmail.com<\/strong><\/a>!<\/p>\n<p><strong><span style=\"color: #990000;\">Links citados no epis\u00f3dio:<\/span><\/strong><br \/>\n&#8211; <a href=\"https:\/\/www.youtube.com\/watch?v=vbyAW_u1N4o\" target=\"_blank\" rel=\"noopener\">produ\u00e7\u00e3o artesanal de charutos em Cuba<\/a><\/p>\n<p><strong><span style=\"color: #990000;\">Segue a gente e acende um charuto:<\/span><\/strong><br \/>\n&#8211; <a href=\"https:\/\/www.instagram.com\/omundodocharuto\/\" target=\"_blank\" rel=\"noopener\">Instagram do <strong>O Mundo do Charuto<\/strong><\/a><br \/>\n&#8211; <a href=\"https:\/\/twitter.com\/omundodocharuto\" target=\"_blank\" rel=\"noopener\">Twitter do <strong>O Mundo do Charuto<\/strong><\/a><br \/>\n&#8211; <a href=\"https:\/\/cesaradames.com\/\" target=\"_blank\" rel=\"noopener\"><strong>Site do Cesar Adames<\/strong><\/a><br \/>\n&#8211; <a href=\"https:\/\/www.instagram.com\/cesaradames\/\" target=\"_blank\" rel=\"noopener\">Instagram do <strong>Cesar Adames<\/strong><\/a><br \/>\n&#8211; <a href=\"https:\/\/twitter.com\/cesaradames\" target=\"_blank\" rel=\"noopener\">Twitter do <strong>Cesar Adames<\/strong><\/a><br \/>\n&#8211; <a href=\"https:\/\/www.instagram.com\/leoradiofobia\/\" target=\"_blank\" rel=\"noopener\">Instagram do <strong>Leo Lopes<\/strong><\/a><br \/>\n&#8211; <a href=\"https:\/\/twitter.com\/leoradiofobia\" target=\"_blank\" rel=\"noopener\">Twitter do <strong>Leo Lopes<\/strong><\/a><\/p>\n<p><span style=\"color: #990000;\"><strong>Ou\u00e7a &#8220;O Mundo do Charuto&#8221; nos principais agregadores:<\/strong><\/span><br \/>\n&#8211; <a href=\"https:\/\/open.spotify.com\/show\/2SHFgQKUBY3ws7rL4IAM55\" target=\"_blank\" rel=\"noopener\">Spotify<\/a><br \/>\n&#8211; <a href=\"https:\/\/podcasts.google.com\/feed\/aHR0cHM6Ly93d3cub21ueWNvbnRlbnQuY29tL2QvcGxheWxpc3QvMDAwOWIxNjctMGU4Mi00MTRlLTkxZWItYWFlODAxMWZjNjZkL2UxMjc0OWJmLWY0OTUtNGUyZS05NWI4LWFkYjAwMTNjZTc5OS9iMTIyMzRkMy0xZjZjLTQyZmItOWY4ZC1hZGIwMDEzZDVhZDgvcG9kY2FzdC5yc3M?sa=X&amp;ved=0CAIQ9sEGahcKEwiopZqYzKfzAhUAAAAAHQAAAAAQUw\" target=\"_blank\" rel=\"noopener\">Google Podcasts<\/a><br \/>\n&#8211; <a href=\"https:\/\/podcasts.apple.com\/br\/podcast\/o-mundo-do-charuto\/id1588307073\" target=\"_blank\" rel=\"noopener\">Apple Podcasts<\/a><br \/>\n&#8211; <a href=\"https:\/\/music.amazon.com.br\/podcasts\/4168aefa-89e1-4d40-8a38-0aad8b3517d5\/o-mundo-do-charuto\" target=\"_blank\" rel=\"noopener\">Amazon Music<\/a><br \/>\n&#8211; <a href=\"https:\/\/pca.st\/dwddwmq3\" target=\"_blank\" rel=\"noopener\">PocketCasts<\/a><\/p>\n<p><span style=\"color: #990000;\"><strong>Publicidade:<\/strong><\/span><br \/>\n<a href=\"http:\/\/leolop.es\/rfcontato\" target=\"_blank\" rel=\"noopener noreferrer\"><strong>Entre em contato<\/strong><\/a> e saiba como <em>anunciar sua marca, produto ou servi\u00e7o em nossos podcasts<\/em>.<\/p>\n","protected":false},"excerpt":{"rendered":"<p>Neste primeiro epis\u00f3dio do novo programa da R\u00e1diofobia Podcast Network, Cesar Adames e Leo Lopes convidam voc\u00ea a nos acompanhar em uma jornada pelo Mundo do Charuto!<\/p>\n","protected":false},"author":2,"featured_media":25129,"comment_status":"open","ping_status":"closed","sticky":false,"template":"","format":"standard","meta":{"footnotes":""},"categories":[2582,13],"tags":[2534,2535,11,2583,14,2584],"class_list":["post-25126","post","type-post","status-publish","format-standard","has-post-thumbnail","hentry","category-o_mundo_do_charuto","category-podcast","tag-cesar-adames","tag-charuto","tag-leo-lopes","tag-o-mundo-do-charuto","tag-podcast","tag-tabaco"],"_links":{"self":[{"href":"https:\/\/radiofobia.com.br\/podcast\/wp-json\/wp\/v2\/posts\/25126","targetHints":{"allow":["GET"]}}],"collection":[{"href":"https:\/\/radiofobia.com.br\/podcast\/wp-json\/wp\/v2\/posts"}],"about":[{"href":"https:\/\/radiofobia.com.br\/podcast\/wp-json\/wp\/v2\/types\/post"}],"author":[{"embeddable":true,"href":"https:\/\/radiofobia.com.br\/podcast\/wp-json\/wp\/v2\/users\/2"}],"replies":[{"embeddable":true,"href":"https:\/\/radiofobia.com.br\/podcast\/wp-json\/wp\/v2\/comments?post=25126"}],"version-history":[{"count":14,"href":"https:\/\/radiofobia.com.br\/podcast\/wp-json\/wp\/v2\/posts\/25126\/revisions"}],"predecessor-version":[{"id":25148,"href":"https:\/\/radiofobia.com.br\/podcast\/wp-json\/wp\/v2\/posts\/25126\/revisions\/25148"}],"wp:featuredmedia":[{"embeddable":true,"href":"https:\/\/radiofobia.com.br\/podcast\/wp-json\/wp\/v2\/media\/25129"}],"wp:attachment":[{"href":"https:\/\/radiofobia.com.br\/podcast\/wp-json\/wp\/v2\/media?parent=25126"}],"wp:term":[{"taxonomy":"category","embeddable":true,"href":"https:\/\/radiofobia.com.br\/podcast\/wp-json\/wp\/v2\/categories?post=25126"},{"taxonomy":"post_tag","embeddable":true,"href":"https:\/\/radiofobia.com.br\/podcast\/wp-json\/wp\/v2\/tags?post=25126"}],"curies":[{"name":"wp","href":"https:\/\/api.w.org\/{rel}","templated":true}]}}