{"id":25170,"date":"2021-10-12T11:41:19","date_gmt":"2021-10-12T14:41:19","guid":{"rendered":"https:\/\/radiofobia.com.br\/podcast\/?p=25170"},"modified":"2021-10-12T11:41:19","modified_gmt":"2021-10-12T14:41:19","slug":"voz-off-050-tavinho-ceschi","status":"publish","type":"post","link":"https:\/\/radiofobia.com.br\/podcast\/2021\/10\/voz-off-050-tavinho-ceschi\/","title":{"rendered":"VOZ OFF 050 &#8211; Tavinho Ceschi"},"content":{"rendered":"<p><iframe title=\"VOZ 0FF 050 - Tavinho Ceschi\" src=\"https:\/\/omny.fm\/shows\/voz-off\/voz-0ff-050-tavinho-ceschi\/embed\" width=\"100%\" height=\"180\" frameborder=\"0\"><\/iframe><\/p>\n<p><em><strong>Sauda\u00e7\u00f5es, ouvintes apaixonados por locu\u00e7\u00e3o. Est\u00e1 NO AR o\u00a0<\/strong><\/em><em><strong>50\u00ba podcast VOZ OFF!<\/strong><\/em><\/p>\n<p><span style=\"color: #666666;\">Neste epis\u00f3dio,\u00a0<strong><a href=\"https:\/\/twitter.com\/antonioviviani\" target=\"_blank\" rel=\"noopener noreferrer\" data-saferedirecturl=\"https:\/\/www.google.com\/url?q=https:\/\/twitter.com\/antonioviviani&amp;source=gmail&amp;ust=1547142011247000&amp;usg=AFQjCNGZ8kg3VQj-BI_K7dDR21HNmPxEOA\">Ant\u00f4nio Viviani<\/a>\u00a0<\/strong>e\u00a0<strong><a href=\"https:\/\/twitter.com\/nicolalauletta\" target=\"_blank\" rel=\"noopener noreferrer\" data-saferedirecturl=\"https:\/\/www.google.com\/url?q=https:\/\/twitter.com\/nicolalauletta&amp;source=gmail&amp;ust=1547142011247000&amp;usg=AFQjCNEexDjV314C4BXxGZ5bnNDyXJ1YVg\">Nicola Lauletta\u00a0<\/a><\/strong><\/span>conversam online com uma grande voz do r\u00e1dio e da TV.<\/p>\n<p>Natural de Mar\u00edlia &#8211; SP, acompanhou desde adolescente o pai &#8211; jornalista e radialista &#8211; em todas as emissoras em que ele trabalhou e dirigiu, sendo uma de suas primeiras atribui\u00e7\u00f5es o pomposo cargo de <em>gillette press man\u00a0<\/em>(pra quem n\u00e3o est\u00e1 habituado com o termo, \u00e9 a fun\u00e7\u00e3o daquele assistente de jornalista que recorta as not\u00edcias do jornal e cola num papel, para o locutor noticiarista ler ao vivo).<\/p>\n<p>Em Len\u00e7\u00f3is Paulista, sempre acompanhando o pai nas emissoras em que ele passava a dirigir, acabou tendo uma chance de ser locutor, dada pelo seu pai depois de ouvir os elogios de colegas de r\u00e1dio \u00e0 sua boa voz.<\/p>\n<p>Indo para S\u00e3o Paulo para estudar, conseguiu oportunidade de trabalhar no r\u00e1dio paulista e passou por algumas das mais importantes emissoras da capital, como a Band, Cidade, 89 e Am\u00e9rica, e conseguiu grandes proezas na dire\u00e7\u00e3o de algumas dessas emissoras.<\/p>\n<p>Foi na Band que conseguiu sua primeira oportunidade no jornalismo televisivo e passou a apresentar, entre outros, o Jornal de Domingo. Depois foi para a TV Globo apresentar o Bom dia S\u00e3o Paulo e hoje tem uma carreira consolidada no Canal Terra Viva, onde comanda v\u00e1rios programas e se considera completamente inserido no assunto Agro.<\/p>\n<p>Quem vai nos contar essa hist\u00f3ria de sucesso no r\u00e1dio e na TV \u00e9 <strong>Tavinho Ceschi<\/strong>!<\/p>\n<p>A conversa aconteceu em <strong>setembro de 2021<\/strong> e voc\u00ea vai saber como foi que ele conseguiu promover verdadeiras viradas na programa\u00e7\u00e3o de r\u00e1dios como Cidade e 89, onde trabalhou tamb\u00e9m na dire\u00e7\u00e3o art\u00edstica.<\/p>\n<p>Com a gente, e pra voc\u00eas: <strong>TAVINHO CESCHI<\/strong>!<\/p>\n<p><strong style=\"color: #990000;\">Para seguir nas redes sociais:<\/strong><br \/>\n&#8211; <a href=\"https:\/\/www.facebook.com\/podcastvozoff\/\" target=\"_blank\" rel=\"noopener noreferrer\">Curta a p\u00e1gina do podcast <strong>Voz Off<\/strong> no Facebook<\/a><br \/>\n&#8211; <a href=\"https:\/\/twitter.com\/podcastvozoff\" target=\"_blank\" rel=\"noopener noreferrer\">Siga o <strong>@podcastvozoff<\/strong> no Twitter<\/a><br \/>\n&#8211; <a href=\"https:\/\/www.facebook.com\/antoniovivianilocutor\/\" target=\"_blank\" rel=\"noopener noreferrer\">Curta a p\u00e1gina do <strong>Antonio Viviani<\/strong> no Facebook<\/a><br \/>\n&#8211; <a href=\"https:\/\/twitter.com\/antonioviviani\" target=\"_blank\" rel=\"noopener noreferrer\">Siga o <strong>@antonioviviani<\/strong> no Twitter<\/a><br \/>\n&#8211; <a href=\"https:\/\/www.instagram.com\/antonio.viviani\/\" target=\"_blank\" rel=\"noopener noreferrer\">Siga o <strong>@antonio.viviani<\/strong> no Instagram<\/a><br \/>\n&#8211; <a href=\"https:\/\/twitter.com\/nicolalauletta\" target=\"_blank\" rel=\"noopener noreferrer\">Siga o <strong>@nicolalauletta<\/strong> no Twitter<\/a><br \/>\n&#8211; <a href=\"https:\/\/www.facebook.com\/EchosStudios\" target=\"_blank\" rel=\"noopener noreferrer\">Curta a p\u00e1gina do <strong>Echo&#8217;s Studio<\/strong> no Facebook<\/a><br \/>\n&#8211; <a href=\"https:\/\/www.facebook.com\/vozaobra\/\" target=\"_blank\" rel=\"noopener noreferrer\">Curta a p\u00e1gina do <strong>Workshop de Locu\u00e7\u00e3o Voz A Obra<\/strong>\u00a0no Facebook<\/a><br \/>\n&#8211; <a href=\"http:\/\/leolop.es\/textosentido\" target=\"_blank\" rel=\"noopener noreferrer\">Ou\u00e7a tamb\u00e9m o podcast <strong>TEXTO SENTIDO<\/strong> com Ant\u00f4nio Viviani<\/a><\/p>\n<p><strong style=\"color: #990000;\">Assine o FEED do Voz Off:<\/strong><br \/>\nPara ouvir o Voz Off no seu agregador de podcasts preferido, <a href=\"http:\/\/leolop.es\/feedvozoff\" target=\"_blank\" rel=\"noopener noreferrer\"><strong>clique aqui e assine o nosso FEED<\/strong><\/a>!<\/p>\n<p><strong style=\"color: #990000;\">Assine e avalie nosso podcast no iTunes:<\/strong><br \/>\nSe voc\u00ea usa o<strong> iTunes<\/strong> no seu computador, tablet ou smartphone, <a href=\"https:\/\/itunes.apple.com\/us\/podcast\/id1252595385\" target=\"_blank\" rel=\"noopener noreferrer\"><strong>assine e avalie nosso podcast clicando aqui<\/strong><\/a>!<\/p>\n<p><strong style=\"color: #990000;\">Voz Off no Spotify:<\/strong><br \/>\nCaso prefira ouvir o <strong>Voz Off <\/strong>no<strong> Spotify<\/strong>, <a href=\"https:\/\/open.spotify.com\/show\/16gSvztELYfMu42Vu22gug?si=UW6_DO3bQwaYUt4aNjb4TQ\" target=\"_blank\" rel=\"noopener noreferrer\"><strong>\u00e9 s\u00f3 clicar aqui e assinar o nosso podcast no servi\u00e7o de streaming<\/strong><\/a>!<\/p>\n<p><span style=\"color: #990000;\"><strong>E-mails:<\/strong><\/span><br \/>\nMande seu feedback pra gente atrav\u00e9s do e-mail\u00a0<a href=\"mailto:podcastvozoff@gmail.com\"><strong>podcastvozoff@gmail.com<\/strong><\/a>!<\/p>\n<p><span style=\"color: #990000;\"><strong>Publicidade:<\/strong><\/span><br \/>\n<a href=\"http:\/\/leolop.es\/rfcontato\" target=\"_blank\" rel=\"noopener noreferrer\"><strong>Entre em contato<\/strong><\/a> e saiba como <em>anunciar sua marca, produto ou servi\u00e7o em nossos podcasts<\/em>.<\/p>\n","protected":false},"excerpt":{"rendered":"<p>No 50\u00ba epis\u00f3dio do podcast Voz Off, Antonio Viviani e Nicola Lauletta conversam com uma grande voz do r\u00e1dio e da TV: Tavinho Ceschi!<\/p>\n","protected":false},"author":2,"featured_media":25171,"comment_status":"open","ping_status":"closed","sticky":false,"template":"","format":"standard","meta":{"footnotes":""},"categories":[13,1220],"tags":[675,607,1221,14,90,2607,1088,2609,2608,1223],"class_list":["post-25170","post","type-post","status-publish","format-standard","has-post-thumbnail","hentry","category-podcast","category-vozoff","tag-antonio-viviani","tag-locucao","tag-nicola-lauletta","tag-podcast","tag-radio","tag-tavinho-ceschi","tag-televisao","tag-terra-viva","tag-tv","tag-voz-off"],"_links":{"self":[{"href":"https:\/\/radiofobia.com.br\/podcast\/wp-json\/wp\/v2\/posts\/25170","targetHints":{"allow":["GET"]}}],"collection":[{"href":"https:\/\/radiofobia.com.br\/podcast\/wp-json\/wp\/v2\/posts"}],"about":[{"href":"https:\/\/radiofobia.com.br\/podcast\/wp-json\/wp\/v2\/types\/post"}],"author":[{"embeddable":true,"href":"https:\/\/radiofobia.com.br\/podcast\/wp-json\/wp\/v2\/users\/2"}],"replies":[{"embeddable":true,"href":"https:\/\/radiofobia.com.br\/podcast\/wp-json\/wp\/v2\/comments?post=25170"}],"version-history":[{"count":4,"href":"https:\/\/radiofobia.com.br\/podcast\/wp-json\/wp\/v2\/posts\/25170\/revisions"}],"predecessor-version":[{"id":25258,"href":"https:\/\/radiofobia.com.br\/podcast\/wp-json\/wp\/v2\/posts\/25170\/revisions\/25258"}],"wp:featuredmedia":[{"embeddable":true,"href":"https:\/\/radiofobia.com.br\/podcast\/wp-json\/wp\/v2\/media\/25171"}],"wp:attachment":[{"href":"https:\/\/radiofobia.com.br\/podcast\/wp-json\/wp\/v2\/media?parent=25170"}],"wp:term":[{"taxonomy":"category","embeddable":true,"href":"https:\/\/radiofobia.com.br\/podcast\/wp-json\/wp\/v2\/categories?post=25170"},{"taxonomy":"post_tag","embeddable":true,"href":"https:\/\/radiofobia.com.br\/podcast\/wp-json\/wp\/v2\/tags?post=25170"}],"curies":[{"name":"wp","href":"https:\/\/api.w.org\/{rel}","templated":true}]}}