{"id":25217,"date":"2021-10-25T09:59:23","date_gmt":"2021-10-25T12:59:23","guid":{"rendered":"https:\/\/radiofobia.com.br\/podcast\/?p=25217"},"modified":"2021-10-25T09:59:23","modified_gmt":"2021-10-25T12:59:23","slug":"o-mundo-do-charuto-s01e06-o-charuto-no-brasil","status":"publish","type":"post","link":"https:\/\/radiofobia.com.br\/podcast\/2021\/10\/o-mundo-do-charuto-s01e06-o-charuto-no-brasil\/","title":{"rendered":"O Mundo do Charuto S01E06 &#8211; O charuto no Brasil"},"content":{"rendered":"<p><iframe title=\"O Mundo do Charuto S01E06 - O charuto no Brasil\" src=\"https:\/\/omny.fm\/shows\/o-mundo-do-charuto\/o-mundo-do-charuto-s01e06-o-charuto-no-brasil\/embed\" width=\"100%\" height=\"180\" frameborder=\"0\"><\/iframe><\/p>\n<p><em><strong>Sauda\u00e7\u00f5es, ouvinte charuteira e ouvinte charuteiro<\/strong><\/em><em><strong>!<\/strong><\/em><\/p>\n<p>Est\u00e1 NO AR <strong>&#8220;O Mundo do Charuto&#8221;<\/strong>, um podcast\u00a0produzido pela <a href=\"https:\/\/twitter.com\/rfobianetwork\" target=\"_blank\" rel=\"noopener noreferrer\"><strong>R\u00e1diofobia Podcast Network<\/strong><\/a>\u00a0para trazer informa\u00e7\u00f5es, fatos e curiosidades sobre o universo dos charutos, desde sua origem, tipos de tabaco, tamanhos e bitolas, passando pela sua hist\u00f3ria at\u00e9 dicas para iniciantes e harmoniza\u00e7\u00f5es!<\/p>\n<p>Este podcast \u00e9 apresentado pelo iniciante entusiasmado\u00a0<a href=\"https:\/\/twitter.com\/leoradiofobia\" target=\"_blank\" rel=\"noopener noreferrer\"><strong>Leo Lopes<\/strong><\/a> e pelo experiente entusiasta\u00a0<a href=\"https:\/\/www.instagram.com\/cesaradames\/\" target=\"_blank\" rel=\"noopener\"><strong>Cesar Adames<\/strong><\/a>, especialista com mais de 30 anos de experi\u00eancia escrevendo sobre cerveja, vinhos, destilados e charutos, \u00e9 claro!<\/p>\n<p>Depois de falar do charuto em Cuba e outros pa\u00edses, dedicamos este sexto epis\u00f3dio da primeira temporada inteiramente ao charuto nacional!<\/p>\n<p>Vamos conhecer a hist\u00f3ria do charuto no Brasil desde o cultivo do tabaco at\u00e9 o estabelecimento das primeiras f\u00e1bricas no rec\u00f4ncavo baiano ap\u00f3s a independ\u00eancia de Portugal, conhecer os tipos de tabaco produzidos no Brasil e as regi\u00f5es tabacaleras, al\u00e9m de fazer um tour em \u00e1udio pelas principais f\u00e1bricas e marcas de charuto existentes hoje no pa\u00eds!<\/p>\n<p>N\u00e3o deixe de <strong>interagir com a gente nas redes sociais<\/strong>, <strong>dar seu feedback sobre o papo e sugerir temas e convidados<\/strong>\u00a0para as pr\u00f3ximas edi\u00e7\u00f5es do nosso podcast, al\u00e9m de\u00a0<strong>deixar seu coment\u00e1rio no post,<\/strong> ok? Voc\u00ea tamb\u00e9m pode mandar sua cartinha para a <strong>Caixa Postal 279 &#8211; CEP 13930-970 &#8211; Serra Negra &#8211; SP<\/strong>, e seu e-mail para <a href=\"mailto:podcastomundodocharuto@gmail.com\" target=\"_blank\" rel=\"noopener\"><strong>podcastomundodocharuto@gmail.com<\/strong><\/a>!<\/p>\n<p><strong><span style=\"color: #990000;\">Links citados no epis\u00f3dio:<\/span><\/strong><br \/>\n&#8211; <a href=\"https:\/\/www.youtube.com\/c\/MUSEUDOCHARUTO\/videos\" target=\"_blank\" rel=\"noopener\"><strong>Museu do Charuto<\/strong> no YouTube<\/a><br \/>\n&#8211; <a href=\"https:\/\/www.youtube.com\/c\/CharutosandRoll\" target=\"_blank\" rel=\"noopener\">assine o canal <strong>Charutos and Roll<\/strong> no YouTube<\/a><\/p>\n<p><strong><span style=\"color: #990000;\">Segue a gente e acende um charuto:<\/span><\/strong><br \/>\n&#8211; <a href=\"https:\/\/www.instagram.com\/omundodocharuto\/\" target=\"_blank\" rel=\"noopener\">Instagram do <strong>O Mundo do Charuto<\/strong><\/a><br \/>\n&#8211; <a href=\"https:\/\/twitter.com\/omundodocharuto\" target=\"_blank\" rel=\"noopener\">Twitter do <strong>O Mundo do Charuto<\/strong><\/a><br \/>\n&#8211; <a href=\"https:\/\/cesaradames.com\/\" target=\"_blank\" rel=\"noopener\"><strong>Site do Cesar Adames<\/strong><\/a><br \/>\n&#8211; <a href=\"https:\/\/www.instagram.com\/cesaradames\/\" target=\"_blank\" rel=\"noopener\">Instagram do <strong>Cesar Adames<\/strong><\/a><br \/>\n&#8211; <a href=\"https:\/\/twitter.com\/cesaradames\" target=\"_blank\" rel=\"noopener\">Twitter do <strong>Cesar Adames<\/strong><\/a><br \/>\n&#8211; <a href=\"https:\/\/www.instagram.com\/leoradiofobia\/\" target=\"_blank\" rel=\"noopener\">Instagram do <strong>Leo Lopes &#8211; @leoradiofobia<\/strong><\/a><br \/>\n&#8211; <a href=\"https:\/\/www.instagram.com\/safra1974\/\" target=\"_blank\" rel=\"noopener\">Instagram do Leo Lopes &#8211; @safra1974<\/a><br \/>\n&#8211; <a href=\"https:\/\/twitter.com\/leoradiofobia\" target=\"_blank\" rel=\"noopener\">Twitter do <strong>Leo Lopes<\/strong><\/a><\/p>\n<p><span style=\"color: #990000;\"><strong>Ou\u00e7a &#8220;O Mundo do Charuto&#8221; nos principais agregadores:<\/strong><\/span><br \/>\n&#8211; <a href=\"https:\/\/open.spotify.com\/show\/2SHFgQKUBY3ws7rL4IAM55\" target=\"_blank\" rel=\"noopener\">Spotify<\/a><br \/>\n&#8211; <a href=\"https:\/\/podcasts.google.com\/feed\/aHR0cHM6Ly93d3cub21ueWNvbnRlbnQuY29tL2QvcGxheWxpc3QvMDAwOWIxNjctMGU4Mi00MTRlLTkxZWItYWFlODAxMWZjNjZkL2UxMjc0OWJmLWY0OTUtNGUyZS05NWI4LWFkYjAwMTNjZTc5OS9iMTIyMzRkMy0xZjZjLTQyZmItOWY4ZC1hZGIwMDEzZDVhZDgvcG9kY2FzdC5yc3M?sa=X&amp;ved=0CAIQ9sEGahcKEwiopZqYzKfzAhUAAAAAHQAAAAAQUw\" target=\"_blank\" rel=\"noopener\">Google Podcasts<\/a><br \/>\n&#8211; <a href=\"https:\/\/podcasts.apple.com\/br\/podcast\/o-mundo-do-charuto\/id1588307073\" target=\"_blank\" rel=\"noopener\">Apple Podcasts<\/a><br \/>\n&#8211; <a href=\"https:\/\/music.amazon.com.br\/podcasts\/4168aefa-89e1-4d40-8a38-0aad8b3517d5\/o-mundo-do-charuto\" target=\"_blank\" rel=\"noopener\">Amazon Music<\/a><br \/>\n&#8211; <a href=\"https:\/\/pca.st\/dwddwmq3\" target=\"_blank\" rel=\"noopener\">PocketCasts<\/a><\/p>\n<p><span style=\"color: #990000;\"><strong>Publicidade:<\/strong><\/span><br \/>\n<a href=\"http:\/\/leolop.es\/rfcontato\" target=\"_blank\" rel=\"noopener noreferrer\"><strong>Entre em contato<\/strong><\/a> e saiba como <em>anunciar sua marca, produto ou servi\u00e7o em nossos podcasts<\/em>.<\/p>\n","protected":false},"excerpt":{"rendered":"<p>Depois de falar do charuto em Cuba e outros pa\u00edses, dedicamos este sexto epis\u00f3dio da primeira temporada inteiramente ao charuto brasileiro!<\/p>\n","protected":false},"author":2,"featured_media":25219,"comment_status":"open","ping_status":"closed","sticky":false,"template":"","format":"standard","meta":{"footnotes":""},"categories":[2582,13],"tags":[2620,467,2534,2617,2535,11,2619,2621,2583,14,2618,2622,2584],"class_list":["post-25217","post","type-post","status-publish","format-standard","has-post-thumbnail","hentry","category-o_mundo_do_charuto","category-podcast","tag-arapiraca","tag-brasil","tag-cesar-adames","tag-charuteiro","tag-charuto","tag-leo-lopes","tag-mata-fina","tag-mata-norte","tag-o-mundo-do-charuto","tag-podcast","tag-reconcavo-baiano","tag-santo-antonio","tag-tabaco"],"_links":{"self":[{"href":"https:\/\/radiofobia.com.br\/podcast\/wp-json\/wp\/v2\/posts\/25217","targetHints":{"allow":["GET"]}}],"collection":[{"href":"https:\/\/radiofobia.com.br\/podcast\/wp-json\/wp\/v2\/posts"}],"about":[{"href":"https:\/\/radiofobia.com.br\/podcast\/wp-json\/wp\/v2\/types\/post"}],"author":[{"embeddable":true,"href":"https:\/\/radiofobia.com.br\/podcast\/wp-json\/wp\/v2\/users\/2"}],"replies":[{"embeddable":true,"href":"https:\/\/radiofobia.com.br\/podcast\/wp-json\/wp\/v2\/comments?post=25217"}],"version-history":[{"count":4,"href":"https:\/\/radiofobia.com.br\/podcast\/wp-json\/wp\/v2\/posts\/25217\/revisions"}],"predecessor-version":[{"id":25223,"href":"https:\/\/radiofobia.com.br\/podcast\/wp-json\/wp\/v2\/posts\/25217\/revisions\/25223"}],"wp:featuredmedia":[{"embeddable":true,"href":"https:\/\/radiofobia.com.br\/podcast\/wp-json\/wp\/v2\/media\/25219"}],"wp:attachment":[{"href":"https:\/\/radiofobia.com.br\/podcast\/wp-json\/wp\/v2\/media?parent=25217"}],"wp:term":[{"taxonomy":"category","embeddable":true,"href":"https:\/\/radiofobia.com.br\/podcast\/wp-json\/wp\/v2\/categories?post=25217"},{"taxonomy":"post_tag","embeddable":true,"href":"https:\/\/radiofobia.com.br\/podcast\/wp-json\/wp\/v2\/tags?post=25217"}],"curies":[{"name":"wp","href":"https:\/\/api.w.org\/{rel}","templated":true}]}}