{"id":25233,"date":"2021-11-02T16:38:36","date_gmt":"2021-11-02T19:38:36","guid":{"rendered":"https:\/\/radiofobia.com.br\/podcast\/?p=25233"},"modified":"2021-11-02T16:38:36","modified_gmt":"2021-11-02T19:38:36","slug":"radiofobia-314-replay-com-balta-paprocki","status":"publish","type":"post","link":"https:\/\/radiofobia.com.br\/podcast\/2021\/11\/radiofobia-314-replay-com-balta-paprocki\/","title":{"rendered":"RADIOFOBIA 314 &#8211; REPLAY &#8211; com Balta Paprocki"},"content":{"rendered":"<p><iframe title=\"RADIOFOBIA 314 - REPLAY - com Balta Paprocki\" src=\"https:\/\/omny.fm\/shows\/radiofobia-podcast\/radiofobia-314-replay-com-balta-paprocki\/embed\" width=\"100%\" height=\"180\" frameborder=\"0\"><\/iframe><\/p>\n<p>Sauda\u00e7\u00f5es tatuadas, ouvinte desocupado!<\/p>\n<p><span style=\"line-height: 1.5em;\">Neste epis\u00f3dio <strong><a href=\"https:\/\/twitter.com\/leoradiofobia\" target=\"_blank\" rel=\"noopener noreferrer\">Leo Lopes<\/a><\/strong>, <a href=\"https:\/\/twitter.com\/JeftherBarbosa\" target=\"_blank\" rel=\"noopener\"><strong>Jef Barbosa<\/strong><\/a>\u00a0e\u00a0<a href=\"https:\/\/twitter.com\/juliomacoggi\" target=\"_blank\" rel=\"noopener\"><strong>J\u00falio Macoggi<\/strong><\/a>\u00a0estreiam a nova s\u00e9rie <strong>REPLAY,\u00a0<\/strong>trazendo de volta convidados que j\u00e1 participaram do nosso podcast h\u00e1 mais de 10 anos! <\/span><\/p>\n<p><span style=\"line-height: 1.5em;\">Para o programa de estreia da nova s\u00e9rie, chamamos o ilustrador, publicit\u00e1rio, cartunista e tatuador <strong>Balta Paprocki<\/strong>, que foi nosso convidado do <a href=\"https:\/\/radiofobia.com.br\/podcast\/2011\/07\/radiofobia-61-com-baltazar-paprocki-do-anima-tunes\/\" target=\"_blank\" rel=\"noopener\"><strong>R\u00e1diofobia #61 em julho de 2011<\/strong><\/a>!\u00a0<\/span><\/p>\n<p>Entre tantas mudan\u00e7as que aconteceram nesses 10 anos, voc\u00ea vai saber como foi trabalhar para o <strong>Humortadela <\/strong>e o ingresso no <strong>YouTube<\/strong>, a trajet\u00f3ria do <strong>AnimaTunes<\/strong> junto com o saudoso amigo <strong>Mike Mattos<\/strong>, os trabalhos internacionais como ilustrador e colorista e os desafios de iniciar uma <strong>nova carreira como tatuador<\/strong>, criando um estilo e uma assinatura pr\u00f3prias, al\u00e9m de descobrir o que \u00e9 a <strong>&#8220;perna da gratid\u00e3o&#8221;<\/strong>!<\/p>\n<p>N\u00e3o deixe de <strong>interagir com a gente nas redes sociais<\/strong>, <strong>dar seu feedback sobre o papo e sugerir temas e convidados<\/strong>\u00a0para as pr\u00f3ximas edi\u00e7\u00f5es do nosso podcast, al\u00e9m de\u00a0<strong>deixar seu coment\u00e1rio no post,<\/strong> ok? Voc\u00ea tamb\u00e9m pode agora mandar sua cartinha para a <strong>Caixa Postal 279 &#8211; CEP 13930-970 &#8211; Serra Negra &#8211; SP<\/strong>, e seu e-mail para <strong><a title=\"[GMCP] Compose a new mail to podcast@radiofobia.com.br\" href=\"mailto:podcast@radiofobia.com.br\" target=\"blank\" rel=\"noopener noreferrer\">podcast@radiofobia.com.br<\/a><\/strong>!<\/p>\n<p><iframe title=\"YouTube video player\" src=\"https:\/\/www.youtube.com\/embed\/tm2QcIWm77M\" frameborder=\"0\" allowfullscreen=\"allowfullscreen\"><span data-mce-type=\"bookmark\" style=\"display: inline-block; width: 0px; overflow: hidden; line-height: 0;\" class=\"mce_SELRES_start\">\ufeff<\/span><\/iframe><\/p>\n<p><strong><span style=\"color: #990000;\">Links citados no epis\u00f3dio:<\/span><\/strong><br \/>\n&#8211; <a href=\"https:\/\/baltapaprocki.com.br\/\" target=\"_blank\" rel=\"noopener\"><strong>Balta Paprocki<\/strong> &#8211; site oficial<\/a><br \/>\n&#8211; <a href=\"https:\/\/www.instagram.com\/baltapaprocki\/\" target=\"_blank\" rel=\"noopener\">siga o <strong>@baltapaprocki<\/strong> no Instagram<\/a><\/p>\n<p><strong><span style=\"color: #990000;\">Links citados nas Cartinhas do Tot\u00f4:<\/span><\/strong><br \/>\n&#8211; <a href=\"http:\/\/leolop.es\/omdc\" target=\"_blank\" rel=\"noopener\">Podcast <strong>O Mundo do Charuto<\/strong>, com Cesar Adames<\/a><br \/>\n&#8211; <a href=\"https:\/\/t.me\/radiofobianetwork\" target=\"_blank\" rel=\"noopener noreferrer\">participe do <strong>grupo de produtores, apresentadores e ouvintes dos podcasts da R\u00e1diofobia Podcast Network no Telegram<\/strong><\/a><br \/>\n&#8211; <a href=\"http:\/\/leolop.es\/rfobiayoutube\" target=\"_blank\" rel=\"noopener noreferrer\">assine o canal da <strong>R\u00e1diofobia Podcast Network no YouTube<\/strong>!<\/a><br \/>\n&#8211; <a href=\"https:\/\/www.twitch.tv\/radiofobialive\" target=\"_blank\" rel=\"noopener noreferrer\">assine o canal da <strong>R\u00e1diofobia Podcast Network no Twitch<\/strong>!<\/a><br \/>\n&#8211; <strong><a href=\"http:\/\/leolop.es\/rfpn_itunes\" target=\"_blank\" rel=\"noopener noreferrer\">R\u00e1diofobia Podcast Network no Apple Podcasts<\/a><\/strong><br \/>\n&#8211; <strong><a href=\"https:\/\/open.spotify.com\/show\/4MDAxOhUxwCCfIbevseMOU?si=PhrKhgZ_RDuf3KGHZIvkmQ\" target=\"_blank\" rel=\"noopener noreferrer\">R\u00e1diofobia Podcast Network no Spotify<\/a><\/strong><br \/>\n&#8211; <a href=\"https:\/\/twitter.com\/radiofobialhes\" target=\"_blank\" rel=\"noopener noreferrer\">Siga <strong>@radiofobialhes<\/strong> no tuV\u00edtter<\/a><br \/>\n&#8211; <a href=\"https:\/\/www.facebook.com\/radiofobiapodcast\" target=\"_blank\" rel=\"noopener noreferrer\">Curta a p\u00e1gina do <strong>Radiofobia Podcast<\/strong> no Facebook<\/a><\/p>\n<p><span style=\"color: #990000;\"><strong>Ou\u00e7a o R\u00e1diofobia Podcast nos principais agregadores:<\/strong><\/span><br \/>\n&#8211; <strong><a href=\"https:\/\/leolop.es\/rfobia_spotify\" target=\"_blank\" rel=\"noopener noreferrer\">Spotify<\/a><\/strong><br \/>\n&#8211; <strong><a href=\"https:\/\/leolop.es\/rfobia_googlepod\" target=\"_blank\" rel=\"noopener noreferrer\">Google Podcasts<\/a><\/strong><br \/>\n&#8211; <strong><a href=\"https:\/\/http:\/\/leolop.es\/rfitunes\" target=\"_blank\" rel=\"noopener noreferrer\">Apple Podcasts<\/a><\/strong><br \/>\n&#8211; <strong><a href=\"http:\/\/leolop.es\/rfobia_amazon\" target=\"_blank\" rel=\"noopener\">Amazon Music<\/a><\/strong><br \/>\n&#8211; <strong><a href=\"https:\/\/pca.st\/V12f\" target=\"_blank\" rel=\"noopener noreferrer\">PocketCasts<\/a><\/strong><\/p>\n<p><span style=\"color: #990000;\"><strong>Publicidade:<\/strong><\/span><br \/>\n<a href=\"http:\/\/leolop.es\/rfcontato\" target=\"_blank\" rel=\"noopener noreferrer\"><strong>Entre em contato<\/strong><\/a> e saiba como <em>anunciar sua marca, produto ou servi\u00e7o em nossos podcasts<\/em>.<\/p>\n","protected":false},"excerpt":{"rendered":"<p>No primeiro epis\u00f3dio da nova s\u00e9rie REPLAY, batemos novamente um papo com o ilustrador, publicit\u00e1rio, cartunista e tatuador Balta Paprocki, que foi nosso convidado em julho de 2011!<\/p>\n","protected":false},"author":2,"featured_media":25234,"comment_status":"open","ping_status":"closed","sticky":false,"template":"","format":"standard","meta":{"footnotes":""},"categories":[13,35,2625],"tags":[2630,2626,307,2628,1090,2132,11,15,2627,1892,1891,2629],"class_list":["post-25233","post","type-post","status-publish","format-standard","has-post-thumbnail","hentry","category-podcast","category-radiofobia","category-replay","tag-aquarela","tag-balta-paprocki","tag-baltazar-paprocki","tag-carreira","tag-jef-barbosa","tag-julio-macoggi","tag-leo-lopes","tag-radiofobia","tag-replay","tag-tattoo","tag-tatuagem","tag-transicao"],"_links":{"self":[{"href":"https:\/\/radiofobia.com.br\/podcast\/wp-json\/wp\/v2\/posts\/25233","targetHints":{"allow":["GET"]}}],"collection":[{"href":"https:\/\/radiofobia.com.br\/podcast\/wp-json\/wp\/v2\/posts"}],"about":[{"href":"https:\/\/radiofobia.com.br\/podcast\/wp-json\/wp\/v2\/types\/post"}],"author":[{"embeddable":true,"href":"https:\/\/radiofobia.com.br\/podcast\/wp-json\/wp\/v2\/users\/2"}],"replies":[{"embeddable":true,"href":"https:\/\/radiofobia.com.br\/podcast\/wp-json\/wp\/v2\/comments?post=25233"}],"version-history":[{"count":12,"href":"https:\/\/radiofobia.com.br\/podcast\/wp-json\/wp\/v2\/posts\/25233\/revisions"}],"predecessor-version":[{"id":25246,"href":"https:\/\/radiofobia.com.br\/podcast\/wp-json\/wp\/v2\/posts\/25233\/revisions\/25246"}],"wp:featuredmedia":[{"embeddable":true,"href":"https:\/\/radiofobia.com.br\/podcast\/wp-json\/wp\/v2\/media\/25234"}],"wp:attachment":[{"href":"https:\/\/radiofobia.com.br\/podcast\/wp-json\/wp\/v2\/media?parent=25233"}],"wp:term":[{"taxonomy":"category","embeddable":true,"href":"https:\/\/radiofobia.com.br\/podcast\/wp-json\/wp\/v2\/categories?post=25233"},{"taxonomy":"post_tag","embeddable":true,"href":"https:\/\/radiofobia.com.br\/podcast\/wp-json\/wp\/v2\/tags?post=25233"}],"curies":[{"name":"wp","href":"https:\/\/api.w.org\/{rel}","templated":true}]}}