{"id":25296,"date":"2021-12-03T18:19:26","date_gmt":"2021-12-03T21:19:26","guid":{"rendered":"https:\/\/radiofobia.com.br\/podcast\/?p=25296"},"modified":"2024-07-19T17:23:38","modified_gmt":"2024-07-19T20:23:38","slug":"radiofobia-316-replay-com-rosana-hermann","status":"publish","type":"post","link":"https:\/\/radiofobia.com.br\/podcast\/2021\/12\/radiofobia-316-replay-com-rosana-hermann\/","title":{"rendered":"RADIOFOBIA 316 &#8211; REPLAY &#8211; com Rosana Hermann"},"content":{"rendered":"<p><iframe title=\"RADIOFOBIA 316 - REPLAY - com Rosana Hermann\" src=\"https:\/\/omny.fm\/shows\/radiofobia-podcast\/radiofobia-316-replay-com-rosana-hermann\/embed\" width=\"100%\" height=\"180\" frameborder=\"0\"><\/iframe><\/p>\n<p>Sauda\u00e7\u00f5es interw\u00e9bicas, ouvinte radiofob\u00e9tico!<\/p>\n<p><span style=\"line-height: 1.5em;\">Neste epis\u00f3dio <strong><a href=\"https:\/\/twitter.com\/leoradiofobia\" target=\"_blank\" rel=\"noopener noreferrer\">Leo Lopes<\/a><\/strong>, <a href=\"https:\/\/twitter.com\/jessicabertol\" target=\"_blank\" rel=\"noopener\"><strong>J\u00e9ssica Dalcin<\/strong><\/a>, <a href=\"https:\/\/twitter.com\/velhoechato\" target=\"_blank\" rel=\"noopener\"><strong>Thiago Fujiwara<\/strong><\/a>\u00a0e\u00a0<a href=\"https:\/\/twitter.com\/juliomacoggi\" target=\"_blank\" rel=\"noopener\"><strong>J\u00falio Macoggi<\/strong><\/a>\u00a0recebem para mais um programa da\u00a0<\/span><span style=\"line-height: 1.5em;\">nova s\u00e9rie <strong>REPLAY <\/strong>a eterna escriba, ex-ruiva e madrinha da internet brasileira <a href=\"https:\/\/twitter.com\/rosana\" target=\"_blank\" rel=\"noopener\"><strong>Rosana Hermann<\/strong><\/a>,\u00a0<\/span><span style=\"line-height: 1.5em;\">que foi nossa convidada no <a href=\"https:\/\/radiofobia.com.br\/podcast\/2009\/05\/radiofobia-5-com-rosana-hermann\/\" target=\"_blank\" rel=\"noopener\"><strong>R\u00e1diofobia #05 em maio de 2009<\/strong><\/a>!<\/span><\/p>\n<p>Al\u00e9m de saber tudo o que mudou na vida da Rosana nesses 12 anos e meio, voc\u00ea vai conhecer o novo <strong>&#8220;penteado corona v\u00edrus&#8221;<\/strong>, vai ouvir (ou reouvir) a hist\u00f3ria de derrota do pagamento dos direitos autorais da <strong><a href=\"https:\/\/twitter.com\/rosana\/status\/1299026247327023105?lang=bg\" target=\"_blank\" rel=\"noopener\">vers\u00e3o de &#8220;Mais uma vez&#8221; do Placa Luminosa<\/a><\/strong>, descobrir por que uma <strong>f\u00edsica se tornou escriba<\/strong> e <strong>trabalhou em todas as emissoras de TV do Brasil,<\/strong>\u00a0refletir sobre <strong>ser ou n\u00e3o de verdade<\/strong> e muitas outras hist\u00f3rias da primeira e \u00fanica <strong>Ruiva do chat do UOL<\/strong>!<\/p>\n<p>N\u00e3o deixe de <strong>interagir com a gente nas redes sociais<\/strong>, <strong>dar seu feedback sobre o papo e sugerir temas e convidados<\/strong>\u00a0para as pr\u00f3ximas edi\u00e7\u00f5es do nosso podcast, al\u00e9m de\u00a0<strong>deixar seu coment\u00e1rio no post,<\/strong> ok? Voc\u00ea tamb\u00e9m pode agora mandar sua cartinha para a <strong>Caixa Postal 279 &#8211; CEP 13930-970 &#8211; Serra Negra &#8211; SP<\/strong>, e seu e-mail para <strong><a title=\"[GMCP] Compose a new mail to podcast@radiofobia.com.br\" href=\"mailto:podcast@radiofobia.com.br\" target=\"blank\" rel=\"noopener noreferrer\">podcast@radiofobia.com.br<\/a><\/strong>!<\/p>\n<p><iframe title=\"YouTube video player\" src=\"https:\/\/www.youtube.com\/embed\/uLl-XUQQu-4\" frameborder=\"0\" allowfullscreen=\"allowfullscreen\"><span data-mce-type=\"bookmark\" style=\"display: inline-block; width: 0px; overflow: hidden; line-height: 0;\" class=\"mce_SELRES_start\">\ufeff<\/span><\/iframe><\/p>\n<p><strong><span style=\"color: #990000;\">Links citados nas Cartinhas do Tot\u00f4:<\/span><\/strong><br \/>\n&#8211; <a href=\"http:\/\/leolop.es\/omdc\" target=\"_blank\" rel=\"noopener\">Podcast <strong>O Mundo do Charuto<\/strong>, com Cesar Adames<\/a><br \/>\n&#8211; <a href=\"https:\/\/t.me\/radiofobianetwork\" target=\"_blank\" rel=\"noopener noreferrer\">participe do <strong>grupo de produtores, apresentadores e ouvintes dos podcasts da R\u00e1diofobia Podcast Network no Telegram<\/strong><\/a><br \/>\n&#8211; <a href=\"http:\/\/leolop.es\/rfobiayoutube\" target=\"_blank\" rel=\"noopener noreferrer\">assine o canal da <strong>R\u00e1diofobia Podcast Network no YouTube<\/strong>!<\/a><br \/>\n&#8211; <a href=\"https:\/\/www.twitch.tv\/radiofobialive\" target=\"_blank\" rel=\"noopener noreferrer\">assine o canal da <strong>R\u00e1diofobia Podcast Network no Twitch<\/strong>!<\/a><br \/>\n&#8211; <strong><a href=\"http:\/\/leolop.es\/rfpn_itunes\" target=\"_blank\" rel=\"noopener noreferrer\">R\u00e1diofobia Podcast Network no Apple Podcasts<\/a><\/strong><br \/>\n&#8211; <strong><a href=\"https:\/\/open.spotify.com\/show\/4MDAxOhUxwCCfIbevseMOU?si=PhrKhgZ_RDuf3KGHZIvkmQ\" target=\"_blank\" rel=\"noopener noreferrer\">R\u00e1diofobia Podcast Network no Spotify<\/a><\/strong><br \/>\n&#8211; <a href=\"https:\/\/twitter.com\/radiofobialhes\" target=\"_blank\" rel=\"noopener noreferrer\">Siga <strong>@radiofobialhes<\/strong> no tuV\u00edtter<\/a><br \/>\n&#8211; <a href=\"https:\/\/www.facebook.com\/radiofobiapodcast\" target=\"_blank\" rel=\"noopener noreferrer\">Curta a p\u00e1gina do <strong>Radiofobia Podcast<\/strong> no Facebook<\/a><\/p>\n<p><span style=\"color: #990000;\"><strong>Ou\u00e7a o R\u00e1diofobia Podcast nos principais agregadores:<\/strong><\/span><br \/>\n&#8211; <strong><a href=\"https:\/\/leolop.es\/rfobia_spotify\" target=\"_blank\" rel=\"noopener noreferrer\">Spotify<\/a><\/strong><br \/>\n&#8211; <strong><a href=\"https:\/\/leolop.es\/rfobia_googlepod\" target=\"_blank\" rel=\"noopener noreferrer\">Google Podcasts<\/a><\/strong><br \/>\n&#8211; <strong><a href=\"https:\/\/http:\/\/leolop.es\/rfitunes\" target=\"_blank\" rel=\"noopener noreferrer\">Apple Podcasts<\/a><\/strong><br \/>\n&#8211; <strong><a href=\"http:\/\/leolop.es\/rfobia_amazon\" target=\"_blank\" rel=\"noopener\">Amazon Music<\/a><\/strong><br \/>\n&#8211; <strong><a href=\"https:\/\/pca.st\/V12f\" target=\"_blank\" rel=\"noopener noreferrer\">PocketCasts<\/a><\/strong><\/p>\n<p><span style=\"color: #990000;\"><strong>Publicidade:<\/strong><\/span><br \/>\n<a href=\"http:\/\/leolop.es\/rfcontato\" target=\"_blank\" rel=\"noopener noreferrer\"><strong>Entre em contato<\/strong><\/a> e saiba como <em>anunciar sua marca, produto ou servi\u00e7o em nossos podcasts<\/em>.<\/p>\n","protected":false},"excerpt":{"rendered":"<p>Neste epis\u00f3dio da s\u00e9rie REPLAY, recebemos a eterna escriba, ex-ruiva e madrinha da internet brasileira Rosana Hermann, que foi nossa convidada em maio de 2009!<\/p>\n","protected":false},"author":2,"featured_media":25297,"comment_status":"open","ping_status":"closed","sticky":false,"template":"","format":"standard","meta":{"footnotes":""},"categories":[26,13,32,35,2625],"tags":[2651,871,1668,2132,11,14,2650,15,2627,40,592,48],"class_list":["post-25296","post","type-post","status-publish","format-standard","has-post-thumbnail","hentry","category-humoristas","category-podcast","category-profissionais-do-radio","category-radiofobia","category-replay","tag-escriba","tag-internet","tag-jessica-dalcin","tag-julio-macoggi","tag-leo-lopes","tag-podcast","tag-querido-leitor","tag-radiofobia","tag-replay","tag-rosana-hermann","tag-thiago-fujiwara","tag-twitter"],"_links":{"self":[{"href":"https:\/\/radiofobia.com.br\/podcast\/wp-json\/wp\/v2\/posts\/25296","targetHints":{"allow":["GET"]}}],"collection":[{"href":"https:\/\/radiofobia.com.br\/podcast\/wp-json\/wp\/v2\/posts"}],"about":[{"href":"https:\/\/radiofobia.com.br\/podcast\/wp-json\/wp\/v2\/types\/post"}],"author":[{"embeddable":true,"href":"https:\/\/radiofobia.com.br\/podcast\/wp-json\/wp\/v2\/users\/2"}],"replies":[{"embeddable":true,"href":"https:\/\/radiofobia.com.br\/podcast\/wp-json\/wp\/v2\/comments?post=25296"}],"version-history":[{"count":8,"href":"https:\/\/radiofobia.com.br\/podcast\/wp-json\/wp\/v2\/posts\/25296\/revisions"}],"predecessor-version":[{"id":25310,"href":"https:\/\/radiofobia.com.br\/podcast\/wp-json\/wp\/v2\/posts\/25296\/revisions\/25310"}],"wp:featuredmedia":[{"embeddable":true,"href":"https:\/\/radiofobia.com.br\/podcast\/wp-json\/wp\/v2\/media\/25297"}],"wp:attachment":[{"href":"https:\/\/radiofobia.com.br\/podcast\/wp-json\/wp\/v2\/media?parent=25296"}],"wp:term":[{"taxonomy":"category","embeddable":true,"href":"https:\/\/radiofobia.com.br\/podcast\/wp-json\/wp\/v2\/categories?post=25296"},{"taxonomy":"post_tag","embeddable":true,"href":"https:\/\/radiofobia.com.br\/podcast\/wp-json\/wp\/v2\/tags?post=25296"}],"curies":[{"name":"wp","href":"https:\/\/api.w.org\/{rel}","templated":true}]}}