{"id":25327,"date":"2021-12-13T14:51:17","date_gmt":"2021-12-13T17:51:17","guid":{"rendered":"https:\/\/radiofobia.com.br\/podcast\/?p=25327"},"modified":"2021-12-13T14:51:17","modified_gmt":"2021-12-13T17:51:17","slug":"texto-sentido-034-estacao-dezembro","status":"publish","type":"post","link":"https:\/\/radiofobia.com.br\/podcast\/2021\/12\/texto-sentido-034-estacao-dezembro\/","title":{"rendered":"TEXTO SENTIDO 034 &#8211; Esta\u00e7\u00e3o Dezembro"},"content":{"rendered":"<p><iframe title=\"TEXTO SENTIDO 034 - Esta\u00e7\u00e3o Dezembro\" src=\"https:\/\/omny.fm\/shows\/texto-sentido\/texto-sentido-034-esta-o-dezembro\/embed\" width=\"100%\" height=\"180\" frameborder=\"0\"><\/iframe><\/p>\n<p>O embarque compuls\u00f3rio de todos n\u00f3s que vamos atravessar a fronteira que nos separa de um ano novo que est\u00e1 para chegar.<\/p>\n<p>A Esta\u00e7\u00e3o Dezembro est\u00e1 a\u00ed.<\/p>\n<p>Venha com a gente o quanto antes em mais este epis\u00f3dio do <strong>Podcast Texto Sentido<\/strong> escrito e interpretado por <strong>Ant\u00f4nio Viviani<\/strong>.<\/p>\n<p>Se voc\u00ea tem algo escrito de sua autoria ou de algu\u00e9m que concorde que seja publicado aqui, envie para o e-mail: <a href=\"mailto:podcasttextosentido@gmail.com\" target=\"_blank\" rel=\"noopener noreferrer\"><strong>podcasttextosentido@gmail.com<\/strong><\/a>.<\/p>\n<p>&nbsp;<\/p>\n<div>\n<p><em><b>Esta\u00e7\u00e3o Dezembro\u00a0<\/b><\/em><\/p>\n<div><em><b>\u00a0<\/b><\/em><\/div>\n<div><em><b>Aten\u00e7\u00e3o, Senhores passageiros, sejam bem-vindos \u00e0 Esta\u00e7\u00e3o Dezembro.\u00a0<\/b><\/em><\/div>\n<div><em><b>\u00a0<\/b><\/em><\/div>\n<div><em><b>Senhores passageiros, que somente agora souberam de nossa viagem, preparem-se para algumas informa\u00e7\u00f5es \u00fateis antes do embarque.\u00a0<\/b><\/em><\/div>\n<div><em><b>Nossa partida come\u00e7ou no dia 1\u00ba e muitos j\u00e1 embarcaram.\u00a0<\/b><\/em><\/div>\n<div><em><b>Todos que aqui estamos temos dividido os momentos vividos durante o ano. Alegrias, tristezas, conquistas, derrotas, ganhos e perdas.\u00a0<\/b><\/em><\/div>\n<div><em><b>Ao embarcar saiba que as suas experi\u00eancias ser\u00e3o muito importantes quando compartilhadas, mesmo que somente para uma \u00fanica pessoa. Bem como voc\u00ea tamb\u00e9m se sentir\u00e1 muito melhor ao nos ouvir.\u00a0<\/b><\/em><\/div>\n<div><em><b>Para seu conhecimento n\u00e3o haver\u00e1 como n\u00e3o embarcar at\u00e9 \u00e0s 23 horas e 59 minutos do dia 31.\u00a0<\/b><\/em><\/div>\n<div><em><b>O embarque \u00e9 compuls\u00f3rio.\u00a0<\/b><\/em><\/div>\n<div><em><b>A palavra de ordem \u00e0 bordo \u00e9 COMPARTILHAR.\u00a0<\/b><\/em><\/div>\n<div><em><b>Venha o quanto antes dividir o que viveu e o que pretende viver quando desembarcarmos na Esta\u00e7\u00e3o Ano Novo.\u00a0<\/b><\/em><\/div>\n<div><em><b>Desejamos a todos uma boa viagem!<\/b><\/em><\/div>\n<\/div>\n<div><em><b>\u00a0<\/b><\/em><\/div>\n<div><em><b>A&#8217;Viv\u00a0<\/b><strong><br \/>\n<\/strong><\/em><\/div>\n","protected":false},"excerpt":{"rendered":"<p>Desembarcamos na Esta\u00e7\u00e3o Dezembro com uma nova edi\u00e7\u00e3o do podcast Texto Sentido, por Ant\u00f4nio Viviani.<\/p>\n","protected":false},"author":2,"featured_media":25329,"comment_status":"open","ping_status":"closed","sticky":false,"template":"","format":"standard","meta":{"footnotes":""},"categories":[13,1971],"tags":[675,607,14,2347,1972],"class_list":["post-25327","post","type-post","status-publish","format-standard","has-post-thumbnail","hentry","category-podcast","category-texto_sentido","tag-antonio-viviani","tag-locucao","tag-podcast","tag-prosa","tag-texto-sentido"],"_links":{"self":[{"href":"https:\/\/radiofobia.com.br\/podcast\/wp-json\/wp\/v2\/posts\/25327","targetHints":{"allow":["GET"]}}],"collection":[{"href":"https:\/\/radiofobia.com.br\/podcast\/wp-json\/wp\/v2\/posts"}],"about":[{"href":"https:\/\/radiofobia.com.br\/podcast\/wp-json\/wp\/v2\/types\/post"}],"author":[{"embeddable":true,"href":"https:\/\/radiofobia.com.br\/podcast\/wp-json\/wp\/v2\/users\/2"}],"replies":[{"embeddable":true,"href":"https:\/\/radiofobia.com.br\/podcast\/wp-json\/wp\/v2\/comments?post=25327"}],"version-history":[{"count":3,"href":"https:\/\/radiofobia.com.br\/podcast\/wp-json\/wp\/v2\/posts\/25327\/revisions"}],"predecessor-version":[{"id":25331,"href":"https:\/\/radiofobia.com.br\/podcast\/wp-json\/wp\/v2\/posts\/25327\/revisions\/25331"}],"wp:featuredmedia":[{"embeddable":true,"href":"https:\/\/radiofobia.com.br\/podcast\/wp-json\/wp\/v2\/media\/25329"}],"wp:attachment":[{"href":"https:\/\/radiofobia.com.br\/podcast\/wp-json\/wp\/v2\/media?parent=25327"}],"wp:term":[{"taxonomy":"category","embeddable":true,"href":"https:\/\/radiofobia.com.br\/podcast\/wp-json\/wp\/v2\/categories?post=25327"},{"taxonomy":"post_tag","embeddable":true,"href":"https:\/\/radiofobia.com.br\/podcast\/wp-json\/wp\/v2\/tags?post=25327"}],"curies":[{"name":"wp","href":"https:\/\/api.w.org\/{rel}","templated":true}]}}