{"id":25484,"date":"2022-03-02T18:21:02","date_gmt":"2022-03-02T21:21:02","guid":{"rendered":"https:\/\/radiofobia.com.br\/podcast\/?p=25484"},"modified":"2022-03-02T18:34:35","modified_gmt":"2022-03-02T21:34:35","slug":"radiofobia-322-quem-e-voce-no-bbb","status":"publish","type":"post","link":"https:\/\/radiofobia.com.br\/podcast\/2022\/03\/radiofobia-322-quem-e-voce-no-bbb\/","title":{"rendered":"RADIOFOBIA 322 &#8211; Quem \u00e9 voc\u00ea no BBB?"},"content":{"rendered":"<p><iframe title=\"RADIOFOBIA 322 - Quem \u00e9 voc\u00ea no BBB?\" src=\"https:\/\/omny.fm\/shows\/radiofobia-podcast\/radiofobia-322-quem-voc-no-bbb\/embed\" width=\"100%\" height=\"180\" frameborder=\"0\"><\/iframe><\/p>\n<p>Sauda\u00e7\u00f5es confinadas, ouvinte radiofob\u00e9tico!<\/p>\n<p>Pela primeira vez em 13 anos de #podcast vamos bater um papo sobre o BBB! Quem seria voc\u00ea na casa mais vigiada do Brasil? O jogador estrategista? O b\u00eabado sem no\u00e7\u00e3o? O h\u00e9tero top do bem? Ou a pequena samambaia que ningu\u00e9m lembra que t\u00e1 l\u00e1 dentro?<\/p>\n<p><span style=\"line-height: 1.5em;\">Nesse papo\u00a0<strong><a href=\"https:\/\/twitter.com\/leoradiofobia\" target=\"_blank\" rel=\"noopener noreferrer\">Leo Lopes<\/a><\/strong>, <a href=\"https:\/\/twitter.com\/jessicabertol\" target=\"_blank\" rel=\"noopener\"><strong>J\u00e9ssica Dalcin<\/strong><\/a>, <a href=\"https:\/\/twitter.com\/principevidane\"><strong>Vidane<\/strong><\/a>,\u00a0<a href=\"https:\/\/twitter.com\/JeftherBarbosa\"><strong>Chester Barbosa<\/strong><\/a> e\u00a0<a href=\"https:\/\/twitter.com\/juliomacoggi\" target=\"_blank\" rel=\"noopener\"><strong>J\u00falio Macoggi<\/strong><\/a>\u00a0recebem pela primeira vez o amigo <a href=\"https:\/\/twitter.com\/LoadComics\">\ud835\udc0b\u00d8\ud835\udc00\ud835\udc03<\/a>\u00a0pra juntos destilarem todas as suas impress\u00f5es e cr\u00edticas, escolher seus emojis, explicar suas estrat\u00e9gias e dar suas opini\u00f5es totalmente dispens\u00e1veis sobre esse programa que voc\u00ea ou ama ou odeia, e vice-versa!<\/span><\/p>\n<p>N\u00e3o deixe de <strong>interagir com a gente nas redes sociais<\/strong>, <strong>dar seu feedback sobre o papo e sugerir temas e convidados<\/strong>\u00a0para as pr\u00f3ximas edi\u00e7\u00f5es do nosso podcast, al\u00e9m de\u00a0<strong>deixar seu coment\u00e1rio no post,<\/strong> ok? Voc\u00ea tamb\u00e9m pode agora mandar sua cartinha para a <strong>Caixa Postal 279 &#8211; CEP 13930-970 &#8211; Serra Negra &#8211; SP<\/strong>, e seu e-mail para <strong><a title=\"[GMCP] Compose a new mail to podcast@radiofobia.com.br\" href=\"mailto:podcast@radiofobia.com.br\" target=\"blank\" rel=\"noopener noreferrer\">podcast@radiofobia.com.br<\/a><\/strong>!<\/p>\n<p><strong><span style=\"color: #990000;\">Arte do epis\u00f3dio:<\/span><\/strong>\u00a0<a href=\"https:\/\/www.behance.net\/dellacolletta\" target=\"_blank\" rel=\"noopener\">Gui Dellacolletta<\/a><\/p>\n<p><strong><span style=\"color: #990000;\">Links citados no epis\u00f3dio:<\/span><\/strong><br \/>\n&#8211; <a href=\"https:\/\/www.youtube.com\/c\/loadcomics\">assine o canal do\u00a0\ud835\udc0b\u00d8\ud835\udc00\ud835\udc03 no YouTube<\/a><br \/>\n&#8211; <a href=\"https:\/\/www.instagram.com\/loadcomics\/\">siga o <strong>@loadcomics<\/strong> no Instagram<\/a><br \/>\n&#8211; <a href=\"https:\/\/radiofobia.com.br\/podcast\/2011\/07\/radiofobia-62-a-maluquice-dos-reality-shows\/\">RADIOFOBIA 62 &#8211; A maluquice dos reality shows<\/a><br \/>\n&#8211; <a href=\"https:\/\/podtudonocast.com.br\/\">ou\u00e7a o <strong>Dumbcast<\/strong> com Jef Barbosa<\/a><\/p>\n<p><iframe title=\"YouTube video player\" src=\"https:\/\/www.youtube.com\/embed\/0cJ7ZGeEFEY\" frameborder=\"0\" allowfullscreen=\"allowfullscreen\"><span data-mce-type=\"bookmark\" style=\"display: inline-block; width: 0px; overflow: hidden; line-height: 0;\" class=\"mce_SELRES_start\">\ufeff<\/span><\/iframe><\/p>\n<p><strong><span style=\"color: #990000;\">Links citados nas Cartinhas do Tot\u00f4:<\/span><\/strong><br \/>\n&#8211; <a href=\"https:\/\/opodcastedelas.com.br\/campanha2022\/\">participe da campanha\u00a0<strong>#OPodcast\u00c9Delas2022<\/strong><\/a><br \/>\n&#8211; <a href=\"https:\/\/t.me\/radiofobianetwork\" target=\"_blank\" rel=\"noopener noreferrer\">participe do <strong>grupo de produtores, apresentadores e ouvintes dos podcasts da R\u00e1diofobia Podcast Network no Telegram<\/strong><\/a><br \/>\n&#8211; <a href=\"http:\/\/leolop.es\/rfobiayoutube\" target=\"_blank\" rel=\"noopener noreferrer\">assine o canal da <strong>R\u00e1diofobia Podcast Network no YouTube<\/strong>!<\/a><br \/>\n&#8211; <a href=\"https:\/\/www.twitch.tv\/radiofobialive\" target=\"_blank\" rel=\"noopener noreferrer\">assine o canal da <strong>R\u00e1diofobia Podcast Network no Twitch<\/strong>!<\/a><br \/>\n&#8211; <strong><a href=\"http:\/\/leolop.es\/rfpn_itunes\" target=\"_blank\" rel=\"noopener noreferrer\">R\u00e1diofobia Podcast Network no Apple Podcasts<\/a><\/strong><br \/>\n&#8211; <strong><a href=\"https:\/\/open.spotify.com\/show\/4MDAxOhUxwCCfIbevseMOU?si=PhrKhgZ_RDuf3KGHZIvkmQ\" target=\"_blank\" rel=\"noopener noreferrer\">R\u00e1diofobia Podcast Network no Spotify<\/a><\/strong><br \/>\n&#8211; <a href=\"https:\/\/twitter.com\/radiofobialhes\" target=\"_blank\" rel=\"noopener noreferrer\">Siga <strong>@radiofobialhes<\/strong> no tuV\u00edtter<\/a><br \/>\n&#8211; <a href=\"https:\/\/www.facebook.com\/radiofobiapodcast\" target=\"_blank\" rel=\"noopener noreferrer\">Curta a p\u00e1gina do <strong>Radiofobia Podcast<\/strong> no Facebook<\/a><\/p>\n<p><span style=\"color: #990000;\"><strong>Ou\u00e7a o R\u00e1diofobia Podcast nos principais agregadores:<\/strong><\/span><br \/>\n&#8211; <strong><a href=\"https:\/\/leolop.es\/rfobia_spotify\" target=\"_blank\" rel=\"noopener noreferrer\">Spotify<\/a><\/strong><br \/>\n&#8211; <strong><a href=\"https:\/\/leolop.es\/rfobia_googlepod\" target=\"_blank\" rel=\"noopener noreferrer\">Google Podcasts<\/a><\/strong><br \/>\n&#8211; <strong><a href=\"https:\/\/http:\/\/leolop.es\/rfitunes\" target=\"_blank\" rel=\"noopener noreferrer\">Apple Podcasts<\/a><\/strong><br \/>\n&#8211; <strong><a href=\"http:\/\/leolop.es\/rfobia_amazon\" target=\"_blank\" rel=\"noopener\">Amazon Music<\/a><\/strong><br \/>\n&#8211; <strong><a href=\"https:\/\/pca.st\/V12f\" target=\"_blank\" rel=\"noopener noreferrer\">PocketCasts<\/a><\/strong><\/p>\n<p><span style=\"color: #990000;\"><strong>Publicidade:<\/strong><\/span><br \/>\n<a href=\"http:\/\/leolop.es\/rfcontato\" target=\"_blank\" rel=\"noopener noreferrer\"><strong>Entre em contato<\/strong><\/a> e saiba como <em>anunciar sua marca, produto ou servi\u00e7o em nossos podcasts<\/em>.<\/p>\n","protected":false},"excerpt":{"rendered":"<p>Neste epis\u00f3dio confinado nossos brothers e a sister\u00a0recebem pela primeira vez o amigo \ud835\udc0b\u00d8\ud835\udc00\ud835\udc03\u00a0pra um papo sobre o BBB!<\/p>\n","protected":false},"author":2,"featured_media":25497,"comment_status":"open","ping_status":"closed","sticky":false,"template":"","format":"standard","meta":{"footnotes":""},"categories":[13,72,35],"tags":[2023,1090,1668,2132,11,2690,2691,14,2355,15,315,1389,2692,1088],"class_list":["post-25484","post","type-post","status-publish","format-standard","has-post-thumbnail","hentry","category-podcast","category-podosfera-podcast","category-radiofobia","tag-bbb","tag-jef-barbosa","tag-jessica-dalcin","tag-julio-macoggi","tag-leo-lopes","tag-load","tag-paredao","tag-podcast","tag-principe-vidane","tag-radiofobia","tag-reality-show","tag-rede-globo","tag-tadeu-schmidt","tag-televisao"],"_links":{"self":[{"href":"https:\/\/radiofobia.com.br\/podcast\/wp-json\/wp\/v2\/posts\/25484","targetHints":{"allow":["GET"]}}],"collection":[{"href":"https:\/\/radiofobia.com.br\/podcast\/wp-json\/wp\/v2\/posts"}],"about":[{"href":"https:\/\/radiofobia.com.br\/podcast\/wp-json\/wp\/v2\/types\/post"}],"author":[{"embeddable":true,"href":"https:\/\/radiofobia.com.br\/podcast\/wp-json\/wp\/v2\/users\/2"}],"replies":[{"embeddable":true,"href":"https:\/\/radiofobia.com.br\/podcast\/wp-json\/wp\/v2\/comments?post=25484"}],"version-history":[{"count":10,"href":"https:\/\/radiofobia.com.br\/podcast\/wp-json\/wp\/v2\/posts\/25484\/revisions"}],"predecessor-version":[{"id":26438,"href":"https:\/\/radiofobia.com.br\/podcast\/wp-json\/wp\/v2\/posts\/25484\/revisions\/26438"}],"wp:featuredmedia":[{"embeddable":true,"href":"https:\/\/radiofobia.com.br\/podcast\/wp-json\/wp\/v2\/media\/25497"}],"wp:attachment":[{"href":"https:\/\/radiofobia.com.br\/podcast\/wp-json\/wp\/v2\/media?parent=25484"}],"wp:term":[{"taxonomy":"category","embeddable":true,"href":"https:\/\/radiofobia.com.br\/podcast\/wp-json\/wp\/v2\/categories?post=25484"},{"taxonomy":"post_tag","embeddable":true,"href":"https:\/\/radiofobia.com.br\/podcast\/wp-json\/wp\/v2\/tags?post=25484"}],"curies":[{"name":"wp","href":"https:\/\/api.w.org\/{rel}","templated":true}]}}