{"id":27472,"date":"2022-07-25T12:58:18","date_gmt":"2022-07-25T15:58:18","guid":{"rendered":"https:\/\/radiofobia.com.br\/podcast\/?p=27472"},"modified":"2024-07-19T17:23:05","modified_gmt":"2024-07-19T20:23:05","slug":"radiofobia-332-replay-com-warley-santana","status":"publish","type":"post","link":"https:\/\/radiofobia.com.br\/podcast\/2022\/07\/radiofobia-332-replay-com-warley-santana\/","title":{"rendered":"RADIOFOBIA 332 &#8211; REPLAY &#8211; com Warley Santana"},"content":{"rendered":"<p><iframe title=\"RADIOFOBIA 332 - REPLAY - com Warley Santana\" src=\"https:\/\/omny.fm\/shows\/radiofobia-podcast\/radiofobia-332-replay-com-warley-santana\/embed\" width=\"100%\" height=\"180\" frameborder=\"0\"><\/iframe><\/p>\n<p>Sauda\u00e7\u00f5es ventriloquistas, ouvinte radiofob\u00e9tico!<\/p>\n<p><span style=\"line-height: 1.5em;\">Neste epis\u00f3dio\u00a0<strong><a href=\"https:\/\/twitter.com\/leoradiofobia\" target=\"_blank\" rel=\"noopener noreferrer\">Leo Lopes<\/a><\/strong>, <a href=\"https:\/\/twitter.com\/principevidane\"><b>Vidane<\/b><\/a>,\u00a0<a href=\"https:\/\/twitter.com\/juliomacoggi\" target=\"_blank\" rel=\"noopener\"><strong>J\u00falio Macoggi<\/strong><\/a>\u00a0e\u00a0<a href=\"https:\/\/twitter.com\/JeftherBarbosa\"><strong>Jef Barbosa<\/strong><\/a>\u00a0<\/span>abrem as cortinas e acendem os holofotes pra bater um papo com o ator, comediante e ventr\u00edloquo <a href=\"https:\/\/www.instagram.com\/warleysantana\/\"><strong>Warley Santana<\/strong><\/a> &#8211; de volta desde o <a href=\"https:\/\/radiofobia.com.br\/podcast\/2011\/03\/radiofobia-53-com-warley-santana\/\" target=\"_blank\" rel=\"noopener\"><strong>R\u00e1diofobia #53<\/strong><\/a> publicado em mar\u00e7o de 2011 &#8211; em mais um programa da nossa s\u00e9rie REPLAY!<\/p>\n<p>Prepare-se para saber como a carreira dele mudou desde a participa\u00e7\u00e3o no CQC e no Formigueiro, conhecer a origem da sua paix\u00e3o pela ventriloquia, ouvir sobre a participa\u00e7\u00e3o surpresa abrindo um show do Alice in Chains nos Estados Unidos, a experi\u00eancia de escrever o primeiro livro sobre ventriloquia em l\u00edngua portuguesa e muito mais!<\/p>\n<p>N\u00e3o deixe de <strong>interagir com a gente nas redes sociais<\/strong>, <strong>dar seu feedback sobre o papo e sugerir temas e convidados<\/strong>\u00a0para as pr\u00f3ximas edi\u00e7\u00f5es do nosso podcast, al\u00e9m de\u00a0<strong>deixar seu coment\u00e1rio no post,<\/strong> ok? Voc\u00ea tamb\u00e9m pode agora mandar sua cartinha para a <strong>Caixa Postal 279 &#8211; CEP 13930-970 &#8211; Serra Negra &#8211; SP<\/strong>, e seu e-mail para <strong><a title=\"[GMCP] Compose a new mail to podcast@radiofobia.com.br\" href=\"mailto:podcast@radiofobia.com.br\" target=\"blank\" rel=\"noopener noreferrer\">podcast@radiofobia.com.br<\/a><\/strong>!<\/p>\n<p><strong><span style=\"color: #990000;\">Arte do epis\u00f3dio:<\/span><\/strong>\u00a0<a href=\"https:\/\/twitter.com\/shapeedits\">Caio Cardinot<\/a><\/p>\n<p><iframe title=\"YouTube video player\" src=\"https:\/\/www.youtube.com\/embed\/FsjBS8opBNc\" frameborder=\"0\" allowfullscreen=\"allowfullscreen\"><span data-mce-type=\"bookmark\" style=\"display: inline-block; width: 0px; overflow: hidden; line-height: 0;\" class=\"mce_SELRES_start\">\ufeff<\/span><\/iframe><\/p>\n<p><strong><span style=\"color: #990000;\">Links citados no epis\u00f3dio:<\/span><\/strong><br \/>\n&#8211; <a href=\"https:\/\/www.instagram.com\/warleysantana\/\">siga o @warleysantana no Instagram<\/a><br \/>\n&#8211; <a href=\"https:\/\/www.youtube.com\/user\/WarleyChannel\">assine o Warley Channel, o canal do Warley Santana no YouTube<\/a><br \/>\n&#8211; <a href=\"https:\/\/www.livrariaatlantico.com.br\/pd-8f5750-os-segredos-da-ventriloquia-warley-santana.html\">garanta o seu exemplar do livro &#8220;Os Segredos da Ventriloquia&#8221;<\/a><br \/>\n&#8211; <a href=\"https:\/\/www.youtube.com\/watch?v=xEE4NxSqX4c\">Cabar\u00e9 do Barata<\/a><br \/>\n&#8211;\u00a0<a href=\"https:\/\/youtu.be\/Exr30U5G5zw\">Alice in Chains e o ventr\u00edloquo brasileiro<\/a><br \/>\n&#8211;\u00a0<a href=\"https:\/\/youtu.be\/Uh1T4TBLzbY\">Celia Mun\u0303oz, a ventriloquista sem boneco, no America&#8217;s Got Talent<\/a><\/p>\n<p><strong><span style=\"color: #990000;\">Links citados nas Cartinhas do Tot\u00f4:<\/span><\/strong><br \/>\n&#8211; <a href=\"https:\/\/radiofobia.com.br\/podcast\/2022\/07\/radiofobeer-033-o-mundo-das-lambics\/\" target=\"_blank\" rel=\"noopener\">R\u00e1diofoBeer #033 \u2013 O mundo das Lambics!<\/a><br \/>\n&#8211; <a href=\"https:\/\/cursodepodcast.com\/\">assine o canal do <strong>Curso de Podcast<\/strong> no YouTube<\/a><br \/>\n&#8211; <a href=\"https:\/\/t.me\/ocursodepodcast\">participe do <strong>grupo do Curso de Podcast no Telegram<\/strong><\/a><br \/>\n&#8211; <a href=\"https:\/\/t.me\/radiofobianetwork\" target=\"_blank\" rel=\"noopener noreferrer\">participe do <strong>grupo de produtores, apresentadores e ouvintes dos podcasts da R\u00e1diofobia Podcast Network no Telegram<\/strong><\/a><br \/>\n&#8211; <a href=\"http:\/\/leolop.es\/rfobiayoutube\" target=\"_blank\" rel=\"noopener noreferrer\">assine o canal da <strong>R\u00e1diofobia Podcast Network no YouTube<\/strong>!<\/a><br \/>\n&#8211; <a href=\"https:\/\/www.twitch.tv\/radiofobialive\" target=\"_blank\" rel=\"noopener noreferrer\">assine o canal da <strong>R\u00e1diofobia Podcast Network no Twitch<\/strong>!<\/a><br \/>\n&#8211; <strong><a href=\"http:\/\/leolop.es\/rfpn_itunes\" target=\"_blank\" rel=\"noopener noreferrer\">R\u00e1diofobia Podcast Network no Apple Podcasts<\/a><\/strong><br \/>\n&#8211; <strong><a href=\"https:\/\/open.spotify.com\/show\/4MDAxOhUxwCCfIbevseMOU?si=PhrKhgZ_RDuf3KGHZIvkmQ\" target=\"_blank\" rel=\"noopener noreferrer\">R\u00e1diofobia Podcast Network no Spotify<\/a><\/strong><br \/>\n&#8211; <a href=\"https:\/\/twitter.com\/radiofobialhes\" target=\"_blank\" rel=\"noopener noreferrer\">Siga <strong>@radiofobialhes<\/strong> no tuV\u00edtter<\/a><br \/>\n&#8211; <a href=\"https:\/\/www.facebook.com\/radiofobiapodcast\" target=\"_blank\" rel=\"noopener noreferrer\">Curta a p\u00e1gina do <strong>Radiofobia Podcast<\/strong> no Facebook<\/a><\/p>\n<p><span style=\"color: #990000;\"><strong>Ou\u00e7a o R\u00e1diofobia Podcast nos principais agregadores:<\/strong><\/span><br \/>\n&#8211; <strong><a href=\"https:\/\/leolop.es\/rfobia_spotify\" target=\"_blank\" rel=\"noopener noreferrer\">Spotify<\/a><\/strong><br \/>\n&#8211; <strong><a href=\"https:\/\/leolop.es\/rfobia_googlepod\" target=\"_blank\" rel=\"noopener noreferrer\">Google Podcasts<\/a><\/strong><br \/>\n&#8211; <strong><a href=\"https:\/\/http:\/\/leolop.es\/rfitunes\" target=\"_blank\" rel=\"noopener noreferrer\">Apple Podcasts<\/a><\/strong><br \/>\n&#8211; <strong><a href=\"http:\/\/leolop.es\/rfobia_amazon\" target=\"_blank\" rel=\"noopener\">Amazon Music<\/a><\/strong><br \/>\n&#8211; <strong><a href=\"https:\/\/pca.st\/V12f\" target=\"_blank\" rel=\"noopener noreferrer\">PocketCasts<\/a><\/strong><\/p>\n<p><span style=\"color: #990000;\"><strong>Publicidade:<\/strong><\/span><br \/>\n<a href=\"http:\/\/leolop.es\/rfcontato\" target=\"_blank\" rel=\"noopener noreferrer\"><strong>Entre em contato<\/strong><\/a> e saiba como <em>anunciar sua marca, produto ou servi\u00e7o em nossos podcasts<\/em>.<\/p>\n","protected":false},"excerpt":{"rendered":"<p>Neste epis\u00f3dio batemos um papo com o ator, comediante e ventr\u00edloquo Warley Santana em mais um programa da nossa s\u00e9rie REPLAY!<\/p>\n","protected":false},"author":2,"featured_media":27473,"comment_status":"open","ping_status":"closed","sticky":false,"template":"","format":"standard","meta":{"footnotes":""},"categories":[26,13,35],"tags":[1090,1668,2132,11,14,2355,15,224,2749,218],"class_list":["post-27472","post","type-post","status-publish","format-standard","has-post-thumbnail","hentry","category-humoristas","category-podcast","category-radiofobia","tag-jef-barbosa","tag-jessica-dalcin","tag-julio-macoggi","tag-leo-lopes","tag-podcast","tag-principe-vidane","tag-radiofobia","tag-ventriloco","tag-ventriloquia","tag-warley-santana"],"_links":{"self":[{"href":"https:\/\/radiofobia.com.br\/podcast\/wp-json\/wp\/v2\/posts\/27472","targetHints":{"allow":["GET"]}}],"collection":[{"href":"https:\/\/radiofobia.com.br\/podcast\/wp-json\/wp\/v2\/posts"}],"about":[{"href":"https:\/\/radiofobia.com.br\/podcast\/wp-json\/wp\/v2\/types\/post"}],"author":[{"embeddable":true,"href":"https:\/\/radiofobia.com.br\/podcast\/wp-json\/wp\/v2\/users\/2"}],"replies":[{"embeddable":true,"href":"https:\/\/radiofobia.com.br\/podcast\/wp-json\/wp\/v2\/comments?post=27472"}],"version-history":[{"count":13,"href":"https:\/\/radiofobia.com.br\/podcast\/wp-json\/wp\/v2\/posts\/27472\/revisions"}],"predecessor-version":[{"id":27487,"href":"https:\/\/radiofobia.com.br\/podcast\/wp-json\/wp\/v2\/posts\/27472\/revisions\/27487"}],"wp:featuredmedia":[{"embeddable":true,"href":"https:\/\/radiofobia.com.br\/podcast\/wp-json\/wp\/v2\/media\/27473"}],"wp:attachment":[{"href":"https:\/\/radiofobia.com.br\/podcast\/wp-json\/wp\/v2\/media?parent=27472"}],"wp:term":[{"taxonomy":"category","embeddable":true,"href":"https:\/\/radiofobia.com.br\/podcast\/wp-json\/wp\/v2\/categories?post=27472"},{"taxonomy":"post_tag","embeddable":true,"href":"https:\/\/radiofobia.com.br\/podcast\/wp-json\/wp\/v2\/tags?post=27472"}],"curies":[{"name":"wp","href":"https:\/\/api.w.org\/{rel}","templated":true}]}}