{"id":27502,"date":"2022-07-29T10:00:56","date_gmt":"2022-07-29T13:00:56","guid":{"rendered":"https:\/\/radiofobia.com.br\/podcast\/?p=27502"},"modified":"2022-07-28T15:59:29","modified_gmt":"2022-07-28T18:59:29","slug":"vozes-do-brasil-023-eloy-decarlo","status":"publish","type":"post","link":"https:\/\/radiofobia.com.br\/podcast\/2022\/07\/vozes-do-brasil-023-eloy-decarlo\/","title":{"rendered":"Vozes do Brasil 023 &#8211; Eloy Decarlo"},"content":{"rendered":"<p><iframe title=\"Vozes do Brasil 023 - Eloy Decarlo\" src=\"https:\/\/omny.fm\/shows\/vozes-do-brasil\/vozes-do-brasil-023-eloy-decarlo\/embed\" width=\"100%\" height=\"180\" frameborder=\"0\"><\/iframe><\/p>\n<p><strong>Sauda\u00e7\u00f5es, ouvinte apaixonado pelo r\u00e1dio! Est\u00e1 NO AR o podcast\u00a0<\/strong><strong>VOZES DO BRASIL!<\/strong><\/p>\n<p><span style=\"color: #666666;\">Como parte do novo projeto <strong>ELES AJUDARAM A ESCREVER A HIST\u00d3RIA DO R\u00c1DIO NO BRASIL<\/strong>, come\u00e7a a s\u00e9rie que vai trazer as mais empolgantes entrevistas conduzidas por <a href=\"https:\/\/www.instagram.com\/luizfernandomagliocca\/\"><strong>Luiz Fernando Magliocca<\/strong><\/a> com personalidades que muito fizeram pelo nosso querido ve\u00edculo de comunica\u00e7\u00e3o, que completa 100 anos neste ano de 2022!<\/span><\/p>\n<p>A vig\u00e9sima terceira edi\u00e7\u00e3o da s\u00e9rie <strong>VOZES DO BRASIL<\/strong> sai um pouco do estado de S\u00e3o Paulo e vai a Teres\u00f3polis &#8211; RJ conhecer a vida profissional de um aficionado por r\u00e1dio (como muitos de n\u00f3s), de voz marcante e bastante conhecida, pois foi voz padr\u00e3o da extinta Rede Manchete e de outras importantes emissoras.<\/p>\n<p>Bom sujeito, <strong>Eloy Decarlo<\/strong> tem muita experi\u00eancia para nos contar e vai surpreender a muitos dos que n\u00e3o o conhecem pessoalmente!<\/p>\n<p><strong style=\"color: #990000;\">Para seguir nas redes sociais:<\/strong><br \/>\n&#8211; <a href=\"https:\/\/www.youtube.com\/channel\/UCr_UM4rRp5J0aXPoKBD1fDA\"><strong>Canal do YouTube<\/strong> do Luiz Fernando Magliocca<\/a><br \/>\n&#8211; <a href=\"https:\/\/www.instagram.com\/luizfernandomagliocca\/\"><strong>Instagram<\/strong> do <strong>@luizfernandomagliocca<\/strong><\/a><br \/>\n&#8211;<a href=\"https:\/\/www.facebook.com\/luizfernando.magliocca\"> Perfil do Luiz Fernando Magliocca no <strong>Facebook<\/strong><\/a><\/p>\n<p><strong style=\"color: #990000;\">Assine o FEED do Vozes do Brasil:<\/strong><br \/>\nPara ouvir o Vozes do Brasil no seu agregador de podcasts preferido, <a href=\"https:\/\/www.omnycontent.com\/d\/playlist\/0009b167-0e82-414e-91eb-aae8011fc66d\/96d0bd62-3507-4526-80aa-ae44013c6765\/bed3fa6a-ebe6-4890-b5cd-ae44013ff9e9\/podcast.rss\"><strong>clique aqui e assine o nosso FEED<\/strong><\/a>!<\/p>\n<p><strong style=\"color: #990000;\">Assine e avalie nosso podcast no iTunes:<\/strong><br \/>\nSe voc\u00ea usa o<strong> iTunes<\/strong> no seu computador, tablet ou smartphone, <a href=\"https:\/\/podcasts.apple.com\/br\/podcast\/vozes-do-brasil\/id1631870509\"><strong>assine e avalie nosso podcast clicando aqui<\/strong><\/a>!<\/p>\n<p><strong style=\"color: #990000;\">Vozes do Brasil no Spotify:<\/strong><br \/>\nCaso prefira ouvir o <strong>Vozes do Brasil\u00a0<\/strong>no<strong> Spotify<\/strong>, <a href=\"https:\/\/open.spotify.com\/show\/16uLyOK6Rq6TeQgs8YptuJ\"><strong>\u00e9 s\u00f3 clicar aqui e assinar o nosso podcast no servi\u00e7o de streaming<\/strong><\/a>!<\/p>\n<p><span style=\"color: #990000;\"><strong>Publicidade:<\/strong><\/span><br \/>\n<a href=\"http:\/\/leolop.es\/rfcontato\" target=\"_blank\" rel=\"noopener noreferrer\"><strong>Entre em contato<\/strong><\/a> e saiba como <em>anunciar sua marca, produto ou servi\u00e7o em nossos podcasts<\/em>.<\/p>\n","protected":false},"excerpt":{"rendered":"<p>Neste epis\u00f3dio Eloy Decarlo \u00e9 o convidado de Luiz Fernando Magliocca pra uma conversa sobre a sua carreira no r\u00e1dio e na TV!<\/p>\n","protected":false},"author":2,"featured_media":27503,"comment_status":"open","ping_status":"closed","sticky":false,"template":"","format":"standard","meta":{"footnotes":""},"categories":[13,2721],"tags":[2756,607,608,756,14,90,2722],"class_list":["post-27502","post","type-post","status-publish","format-standard","has-post-thumbnail","hentry","category-podcast","category-vozes-do-brasil","tag-eloy-decarlo","tag-locucao","tag-locutores","tag-luiz-fernando-magliocca","tag-podcast","tag-radio","tag-vozes-do-brasil"],"_links":{"self":[{"href":"https:\/\/radiofobia.com.br\/podcast\/wp-json\/wp\/v2\/posts\/27502","targetHints":{"allow":["GET"]}}],"collection":[{"href":"https:\/\/radiofobia.com.br\/podcast\/wp-json\/wp\/v2\/posts"}],"about":[{"href":"https:\/\/radiofobia.com.br\/podcast\/wp-json\/wp\/v2\/types\/post"}],"author":[{"embeddable":true,"href":"https:\/\/radiofobia.com.br\/podcast\/wp-json\/wp\/v2\/users\/2"}],"replies":[{"embeddable":true,"href":"https:\/\/radiofobia.com.br\/podcast\/wp-json\/wp\/v2\/comments?post=27502"}],"version-history":[{"count":2,"href":"https:\/\/radiofobia.com.br\/podcast\/wp-json\/wp\/v2\/posts\/27502\/revisions"}],"predecessor-version":[{"id":27505,"href":"https:\/\/radiofobia.com.br\/podcast\/wp-json\/wp\/v2\/posts\/27502\/revisions\/27505"}],"wp:featuredmedia":[{"embeddable":true,"href":"https:\/\/radiofobia.com.br\/podcast\/wp-json\/wp\/v2\/media\/27503"}],"wp:attachment":[{"href":"https:\/\/radiofobia.com.br\/podcast\/wp-json\/wp\/v2\/media?parent=27502"}],"wp:term":[{"taxonomy":"category","embeddable":true,"href":"https:\/\/radiofobia.com.br\/podcast\/wp-json\/wp\/v2\/categories?post=27502"},{"taxonomy":"post_tag","embeddable":true,"href":"https:\/\/radiofobia.com.br\/podcast\/wp-json\/wp\/v2\/tags?post=27502"}],"curies":[{"name":"wp","href":"https:\/\/api.w.org\/{rel}","templated":true}]}}