{"id":27600,"date":"2022-08-15T10:49:58","date_gmt":"2022-08-15T13:49:58","guid":{"rendered":"https:\/\/radiofobia.com.br\/podcast\/?p=27600"},"modified":"2022-08-15T10:49:58","modified_gmt":"2022-08-15T13:49:58","slug":"radiofobia-classics-70-the-police","status":"publish","type":"post","link":"https:\/\/radiofobia.com.br\/podcast\/2022\/08\/radiofobia-classics-70-the-police\/","title":{"rendered":"R\u00c1DIOFOBIA Classics #70 &#8211; The Police"},"content":{"rendered":"<p><iframe title=\"R\u00c1DIOFOBIA Classics #70 - The Police\" src=\"https:\/\/omny.fm\/shows\/radiofobia-classics\/r-diofobia-classics-70-the-police\/embed\" width=\"100%\" height=\"180\" frameborder=\"0\"><\/iframe><\/p>\n<p>Seja bem vindo ao <strong>R\u00c1DIOFOBIA Classics, <\/strong>nosso podcast musical apresentado por\u00a0<strong><a href=\"http:\/\/twitter.com\/leoradiofobia\" target=\"_blank\" rel=\"noopener noreferrer\">Leo Lopes<\/a><\/strong>!<\/p>\n<p>Nesta atra\u00e7\u00e3o apresentamos um pouco da\u00a0<strong>hist\u00f3ria dos principais artistas da m\u00fasica mundial<\/strong>, assim como <strong>alguns de seus maiores sucessos<\/strong>, revivendo um estilo de programas especiais que costum\u00e1vamos ouvir no r\u00e1dio nos anos 1980 e 1990. Nossa inten\u00e7\u00e3o \u00e9 apresentar uma vis\u00e3o geral da hist\u00f3ria musical desses grandes artistas e ilustrar o programa com trechos de algumas de suas m\u00fasicas mais conhecidas!<\/p>\n<p>Em plenos anos 1980, a banda formada por <strong>Stewart Copeland<\/strong>, <strong>Andy Summers<\/strong> e <strong>Sting<\/strong> acabou se tornando uma das maiores e mais bem sucedidas da hist\u00f3ria do rock! Mesmo tendo produzido apenas 5 \u00e1lbuns de est\u00fadio, <strong>The Police<\/strong> j\u00e1 vendeu mais de 75 milh\u00f5es de \u00e1lbuns e ocupa ainda hoje a posi\u00e7\u00e3o de n\u00famero 110 entre os m\u00fasicos mais vendidos de todos os tempos, e m\u00fasicas como\u00a0<b>Every Breath You Take<\/b>,<b> Roxanne <\/b>e\u00a0<b>Message in a Bottle\u00a0<\/b>seguem sendo tocadas e queridas por f\u00e3s de todas as idades!<\/p>\n<p>Neste m\u00eas de agosto de 2022, vamos contar a hist\u00f3ria da <strong>The Police<\/strong> ilustrando com v\u00e1rios de seus sucessos este epis\u00f3dio do\u00a0<strong>R\u00c1DIOFOBIA Classics<\/strong>!<\/p>\n<p><strong>Diz pra gente o que achou do programa<\/strong> e <strong>indique sua banda ou artista preferido,\u00a0<span style=\"text-decoration: underline;\">nacional ou internacional<\/span><\/strong>, deixando seus coment\u00e1rios no post ou ent\u00e3o enviando um e-mail para <strong><a title=\"[GMCP] Compose a new mail to classics@radiofobia.com.br\" href=\"mailto:classics@radiofobia.com.br\" target=\"_blank\" rel=\"noopener noreferrer\">classics@radiofobia.com.br<\/a><\/strong> !<\/p>\n<p><strong>Voc\u00ea tamb\u00e9m pode colaborar rascunhando uma pauta sobre sua indica\u00e7\u00e3o!<\/strong>\u00a0<a href=\"https:\/\/radiofobia.com.br\/stuff\/modelos_pautas_radiofobia_classics.zip\" target=\"_blank\" rel=\"noopener\"><span style=\"text-decoration: underline;\"><strong>FA\u00c7A O DOWNLOAD DOS MODELOS DE PAUTA<\/strong>\u00a0<strong>CLICANDO AQUI<\/strong><\/span><\/a>, capriche no texto e na pesquisa e envie por e-mail com seu <strong>nome, idade, ocupa\u00e7\u00e3o e cidade onde mora<\/strong>, para podermos dar os devidos cr\u00e9ditos quando (ou se&#8230;) o programa for ao ar!<\/p>\n<p><strong><span style=\"color: #990000;\">Playlist do epis\u00f3dio no Spotify:<\/span><\/strong><\/p>\n<p><iframe style=\"border-radius: 12px;\" src=\"https:\/\/open.spotify.com\/embed\/playlist\/3CIL7xw9KZ3X3xogEotZXy?utm_source=generator\" width=\"100%\" height=\"380\" frameborder=\"0\" allowfullscreen=\"allowfullscreen\"><\/iframe><\/p>\n<p><strong><span style=\"color: #990000;\">Cr\u00e9ditos do epis\u00f3dio:<\/span><\/strong><br \/>\n&#8211; Produ\u00e7\u00e3o geral, apresenta\u00e7\u00e3o, capta\u00e7\u00e3o e edi\u00e7\u00e3o: <a href=\"http:\/\/twitter.com\/leoradiofobia\">Leo Lopes<\/a><br \/>\n&#8211; Pesquisa e produ\u00e7\u00e3o de pauta:\u00a0<a href=\"https:\/\/twitter.com\/lana_tavora\">Lana T\u00e1vora<\/a><br \/>\n&#8211; Arte:\u00a0<a href=\"https:\/\/www.behance.net\/dellacolletta\" target=\"_blank\" rel=\"noopener\">Gui Dellacolletta<\/a><\/p>\n<p><strong style=\"color: #990000;\">Acompanhe o R\u00e1diofobia Classics nas redes sociais:<\/strong><br \/>\n&#8211; curta a <strong><a href=\"https:\/\/www.facebook.com\/radiofobiaclassics\" target=\"_blank\" rel=\"noopener noreferrer\">p\u00e1gina do R\u00e1diofobia Classics no Facebook<\/a><\/strong><br \/>\n&#8211; siga o <strong><a href=\"https:\/\/twitter.com\/rfobiaclassics\" target=\"_blank\" rel=\"noopener noreferrer\">@rfobiaclassics no Twitter<\/a><\/strong><\/p>\n<p><span style=\"color: #990000;\"><strong>E-mails:<\/strong><\/span><br \/>\nIndique seu artista ou banda preferido atrav\u00e9s dos coment\u00e1rios no post ou mandando seu e-mail\u00a0para <a title=\"[GMCP] Compose a new mail to classics@radiofobia.com.br\" href=\"mailto:classics@radiofobia.com.br\" target=\"_blank\" rel=\"noopener noreferrer\">classics@radiofobia.com.br<\/a>!<\/p>\n<p><span style=\"color: #990000;\"><strong>Ou\u00e7a o R\u00e1diofobia Classics nos principais agregadores:<\/strong><\/span><br \/>\n&#8211; <strong><a href=\"http:\/\/leolop.es\/rfclassics_spotify\" target=\"_blank\" rel=\"noopener noreferrer\">Spotify<\/a><\/strong><br \/>\n&#8211; <strong><a href=\"http:\/\/leolop.es\/rfclassics_googlepod\" target=\"_blank\" rel=\"noopener noreferrer\">Google Podcasts<\/a><\/strong><br \/>\n&#8211; <strong><a href=\"http:\/\/leolop.es\/rfclassics_itunes\" target=\"_blank\" rel=\"noopener noreferrer\">Apple Podcasts<\/a><\/strong><br \/>\n&#8211; <a href=\"http:\/\/leolop.es\/rfclassics_amazon\" target=\"_blank\" rel=\"noopener\"><strong>Amazon Music<\/strong><\/a><br \/>\n&#8211; <strong><a href=\"http:\/\/leolop.es\/rfclassics_pocket\" target=\"_blank\" rel=\"noopener noreferrer\">PocketCasts<\/a><\/strong><\/p>\n<p><span style=\"color: #990000;\"><strong>Publicidade:<\/strong><\/span><br \/>\n<a href=\"http:\/\/leolop.es\/rfcontato\" target=\"_blank\" rel=\"noopener noreferrer\"><strong>Entre em contato<\/strong><\/a> e saiba como <em>anunciar sua marca, produto ou servi\u00e7o em nossos podcasts<\/em>.<\/p>\n","protected":false},"excerpt":{"rendered":"<p>Neste m\u00eas de agosto de 2022 Leo Lopes apresenta a hist\u00f3ria de uma das bandas mais bem sucedidas da d\u00e9cada de 1980: The Police!<\/p>\n","protected":false},"author":2,"featured_media":27601,"comment_status":"open","ping_status":"closed","sticky":false,"template":"","format":"standard","meta":{"footnotes":""},"categories":[13,450],"tags":[2776,2777,2775,2778],"class_list":["post-27600","post","type-post","status-publish","format-standard","has-post-thumbnail","hentry","category-podcast","category-classics","tag-andy-summers","tag-stewart-copeland","tag-sting","tag-the-police"],"_links":{"self":[{"href":"https:\/\/radiofobia.com.br\/podcast\/wp-json\/wp\/v2\/posts\/27600","targetHints":{"allow":["GET"]}}],"collection":[{"href":"https:\/\/radiofobia.com.br\/podcast\/wp-json\/wp\/v2\/posts"}],"about":[{"href":"https:\/\/radiofobia.com.br\/podcast\/wp-json\/wp\/v2\/types\/post"}],"author":[{"embeddable":true,"href":"https:\/\/radiofobia.com.br\/podcast\/wp-json\/wp\/v2\/users\/2"}],"replies":[{"embeddable":true,"href":"https:\/\/radiofobia.com.br\/podcast\/wp-json\/wp\/v2\/comments?post=27600"}],"version-history":[{"count":5,"href":"https:\/\/radiofobia.com.br\/podcast\/wp-json\/wp\/v2\/posts\/27600\/revisions"}],"predecessor-version":[{"id":27758,"href":"https:\/\/radiofobia.com.br\/podcast\/wp-json\/wp\/v2\/posts\/27600\/revisions\/27758"}],"wp:featuredmedia":[{"embeddable":true,"href":"https:\/\/radiofobia.com.br\/podcast\/wp-json\/wp\/v2\/media\/27601"}],"wp:attachment":[{"href":"https:\/\/radiofobia.com.br\/podcast\/wp-json\/wp\/v2\/media?parent=27600"}],"wp:term":[{"taxonomy":"category","embeddable":true,"href":"https:\/\/radiofobia.com.br\/podcast\/wp-json\/wp\/v2\/categories?post=27600"},{"taxonomy":"post_tag","embeddable":true,"href":"https:\/\/radiofobia.com.br\/podcast\/wp-json\/wp\/v2\/tags?post=27600"}],"curies":[{"name":"wp","href":"https:\/\/api.w.org\/{rel}","templated":true}]}}