{"id":27651,"date":"2022-08-28T10:00:38","date_gmt":"2022-08-28T13:00:38","guid":{"rendered":"https:\/\/radiofobia.com.br\/podcast\/?p=27651"},"modified":"2022-08-26T16:14:19","modified_gmt":"2022-08-26T19:14:19","slug":"vozes-do-brasil-044-vini-franca","status":"publish","type":"post","link":"https:\/\/radiofobia.com.br\/podcast\/2022\/08\/vozes-do-brasil-044-vini-franca\/","title":{"rendered":"Vozes do Brasil 044 &#8211; Vini Fran\u00e7a"},"content":{"rendered":"<p><iframe title=\"Vozes do Brasil 044 - Vini Fran\u00e7a\" src=\"https:\/\/omny.fm\/shows\/vozes-do-brasil\/vozes-do-brasil-044-vini-fran-a\/embed\" width=\"100%\" height=\"180\" frameborder=\"0\"><\/iframe><\/p>\n<p><strong>Sauda\u00e7\u00f5es, ouvinte apaixonado pelo r\u00e1dio! Est\u00e1 NO AR o podcast\u00a0<\/strong><strong>VOZES DO BRASIL!<\/strong><\/p>\n<p><span style=\"color: #666666;\">Como parte do novo projeto <strong>ELES AJUDARAM A ESCREVER A HIST\u00d3RIA DO R\u00c1DIO NO BRASIL<\/strong>, come\u00e7a a s\u00e9rie que vai trazer as mais empolgantes entrevistas conduzidas por <a href=\"https:\/\/www.instagram.com\/luizfernandomagliocca\/\"><strong>Luiz Fernando Magliocca<\/strong><\/a> com personalidades que muito fizeram pelo nosso querido ve\u00edculo de comunica\u00e7\u00e3o, que completa 100 anos neste ano de 2022!<\/span><\/p>\n<p>Chegamos \u00e0 quadrag\u00e9sima quarta edi\u00e7\u00e3o da s\u00e9rie <strong>VOZES DO BRASIL<\/strong>!<\/p>\n<p>Voc\u00ea vai ouvir novamente aquele rapaz que come\u00e7ou trabalhando com Servi\u00e7o R\u00e1dio Cidad\u00e3o, popularmente conhecido como PX, depois foi descoberto pelo seu talento e pela voz aveludada e a coisa n\u00e3o parou mais!<\/p>\n<p><strong>Vini Fran\u00e7a<\/strong>, que marcou as noites de S\u00e3o Paulo com o Love Songs da R\u00e1dio Cidade FM, \u00e9 o convidado do epis\u00f3dio de hoje do podcast VOZES DO BRASIL!<\/p>\n<p><strong style=\"color: #990000;\">Para seguir nas redes sociais:<\/strong><br \/>\n&#8211; <a href=\"https:\/\/www.youtube.com\/channel\/UCr_UM4rRp5J0aXPoKBD1fDA\"><strong>Canal do YouTube<\/strong> do Luiz Fernando Magliocca<\/a><br \/>\n&#8211; <a href=\"https:\/\/www.instagram.com\/luizfernandomagliocca\/\"><strong>Instagram<\/strong> do <strong>@luizfernandomagliocca<\/strong><\/a><br \/>\n&#8211;<a href=\"https:\/\/www.facebook.com\/luizfernando.magliocca\"> Perfil do Luiz Fernando Magliocca no <strong>Facebook<\/strong><\/a><\/p>\n<p><strong style=\"color: #990000;\">Assine o FEED do Vozes do Brasil:<\/strong><br \/>\nPara ouvir o Vozes do Brasil no seu agregador de podcasts preferido, <a href=\"https:\/\/www.omnycontent.com\/d\/playlist\/0009b167-0e82-414e-91eb-aae8011fc66d\/96d0bd62-3507-4526-80aa-ae44013c6765\/bed3fa6a-ebe6-4890-b5cd-ae44013ff9e9\/podcast.rss\"><strong>clique aqui e assine o nosso FEED<\/strong><\/a>!<\/p>\n<p><strong style=\"color: #990000;\">Assine e avalie nosso podcast no iTunes:<\/strong><br \/>\nSe voc\u00ea usa o<strong> iTunes<\/strong> no seu computador, tablet ou smartphone, <a href=\"https:\/\/podcasts.apple.com\/br\/podcast\/vozes-do-brasil\/id1631870509\"><strong>assine e avalie nosso podcast clicando aqui<\/strong><\/a>!<\/p>\n<p><strong style=\"color: #990000;\">Vozes do Brasil no Spotify:<\/strong><br \/>\nCaso prefira ouvir o <strong>Vozes do Brasil\u00a0<\/strong>no<strong> Spotify<\/strong>, <a href=\"https:\/\/open.spotify.com\/show\/16uLyOK6Rq6TeQgs8YptuJ\"><strong>\u00e9 s\u00f3 clicar aqui e assinar o nosso podcast no servi\u00e7o de streaming<\/strong><\/a>!<\/p>\n<p><span style=\"color: #990000;\"><strong>Publicidade:<\/strong><\/span><br \/>\n<a href=\"http:\/\/leolop.es\/rfcontato\" target=\"_blank\" rel=\"noopener noreferrer\"><strong>Entre em contato<\/strong><\/a> e saiba como <em>anunciar sua marca, produto ou servi\u00e7o em nossos podcasts<\/em>.<\/p>\n","protected":false},"excerpt":{"rendered":"<p>Neste epis\u00f3dio Luiz Fernando Magliocca recebe Vini Fran\u00e7a, cuja voz marcou \u00e9poca no Love Songs da R\u00e1dio Cidade FM de S\u00e3o Paulo!<\/p>\n","protected":false},"author":2,"featured_media":27652,"comment_status":"open","ping_status":"closed","sticky":false,"template":"","format":"standard","meta":{"footnotes":""},"categories":[13,2721],"tags":[607,608,756,14,90,2789,2722],"class_list":["post-27651","post","type-post","status-publish","format-standard","has-post-thumbnail","hentry","category-podcast","category-vozes-do-brasil","tag-locucao","tag-locutores","tag-luiz-fernando-magliocca","tag-podcast","tag-radio","tag-vini-franca","tag-vozes-do-brasil"],"_links":{"self":[{"href":"https:\/\/radiofobia.com.br\/podcast\/wp-json\/wp\/v2\/posts\/27651","targetHints":{"allow":["GET"]}}],"collection":[{"href":"https:\/\/radiofobia.com.br\/podcast\/wp-json\/wp\/v2\/posts"}],"about":[{"href":"https:\/\/radiofobia.com.br\/podcast\/wp-json\/wp\/v2\/types\/post"}],"author":[{"embeddable":true,"href":"https:\/\/radiofobia.com.br\/podcast\/wp-json\/wp\/v2\/users\/2"}],"replies":[{"embeddable":true,"href":"https:\/\/radiofobia.com.br\/podcast\/wp-json\/wp\/v2\/comments?post=27651"}],"version-history":[{"count":2,"href":"https:\/\/radiofobia.com.br\/podcast\/wp-json\/wp\/v2\/posts\/27651\/revisions"}],"predecessor-version":[{"id":27654,"href":"https:\/\/radiofobia.com.br\/podcast\/wp-json\/wp\/v2\/posts\/27651\/revisions\/27654"}],"wp:featuredmedia":[{"embeddable":true,"href":"https:\/\/radiofobia.com.br\/podcast\/wp-json\/wp\/v2\/media\/27652"}],"wp:attachment":[{"href":"https:\/\/radiofobia.com.br\/podcast\/wp-json\/wp\/v2\/media?parent=27651"}],"wp:term":[{"taxonomy":"category","embeddable":true,"href":"https:\/\/radiofobia.com.br\/podcast\/wp-json\/wp\/v2\/categories?post=27651"},{"taxonomy":"post_tag","embeddable":true,"href":"https:\/\/radiofobia.com.br\/podcast\/wp-json\/wp\/v2\/tags?post=27651"}],"curies":[{"name":"wp","href":"https:\/\/api.w.org\/{rel}","templated":true}]}}