{"id":27675,"date":"2022-09-07T16:35:40","date_gmt":"2022-09-07T19:35:40","guid":{"rendered":"https:\/\/radiofobia.com.br\/podcast\/?p=27675"},"modified":"2022-09-07T16:35:40","modified_gmt":"2022-09-07T19:35:40","slug":"radiofobia-336-especial-100-anos-de-radio-no-brasil","status":"publish","type":"post","link":"https:\/\/radiofobia.com.br\/podcast\/2022\/09\/radiofobia-336-especial-100-anos-de-radio-no-brasil\/","title":{"rendered":"RADIOFOBIA 336 &#8211; ESPECIAL &#8211; 100 anos de r\u00e1dio no Brasil"},"content":{"rendered":"<p><iframe title=\"RADIOFOBIA 336 - ESPECIAL - 100 anos de r\u00e1dio no Brasil\" src=\"https:\/\/omny.fm\/shows\/radiofobia-podcast\/radiofobia-336-especial-100-anos-de-r-dio-no-brasi\/embed\" width=\"100%\" height=\"180\" frameborder=\"0\"><\/iframe><\/p>\n<p>Sauda\u00e7\u00f5es radiof\u00f4nicas, ouvinte radiofob\u00e9tico!<\/p>\n<p><span style=\"line-height: 1.5em;\">Neste <strong>EPIS\u00d3DIO ESPECIAL<\/strong>\u00a0<strong><a href=\"https:\/\/www.instagram.com\/leoradiofobia\/\" target=\"_blank\" rel=\"noopener noreferrer\">Leo Lopes<\/a><\/strong>\u00a0conta um pouco da hist\u00f3ria da sua rela\u00e7\u00e3o com o r\u00e1dio e apresenta o programa produzido pela <strong>AESP<\/strong> em comemora\u00e7\u00e3o aos 100 anos do r\u00e1dio no Brasil, veiculado por todas as emissoras associadas no estado de S\u00e3o Paulo no dia 06\/09\/2022, com produ\u00e7\u00e3o de <a href=\"https:\/\/www.linkedin.com\/in\/luiz-henrique-romagnoli-3237b970\/\"><strong>Luiz Henrique Romagnoli<\/strong><\/a> e edi\u00e7\u00e3o de <a href=\"https:\/\/www.linkedin.com\/in\/lalamoreiradj\/\"><strong>Lal\u00e1 Moreira<\/strong><\/a>!<\/span><\/p>\n<p>N\u00e3o deixe de <strong>interagir com a gente nas redes sociais<\/strong>, <strong>dar seu feedback sobre o papo e sugerir temas e convidados<\/strong>\u00a0para as pr\u00f3ximas edi\u00e7\u00f5es do nosso podcast, al\u00e9m de\u00a0<strong>deixar seu coment\u00e1rio no post,<\/strong> ok? Voc\u00ea tamb\u00e9m pode agora mandar sua cartinha para a <strong>Caixa Postal 279 &#8211; CEP 13930-970 &#8211; Serra Negra &#8211; SP<\/strong>, e seu e-mail para <strong><a title=\"[GMCP] Compose a new mail to podcast@radiofobia.com.br\" href=\"mailto:podcast@radiofobia.com.br\" target=\"blank\" rel=\"noopener noreferrer\">podcast@radiofobia.com.br<\/a><\/strong>!<\/p>\n<p><strong><span style=\"color: #990000;\">Arte do epis\u00f3dio:<\/span><\/strong>\u00a0<a href=\"https:\/\/www.instagram.com\/canog_designevideo\/\">Camila Nogueira<\/a><\/p>\n<p><strong><span style=\"color: #990000;\">Links citados no epis\u00f3dio:\u00a0<\/span><\/strong><br \/>\n&#8211; <a href=\"http:\/\/radioficina.com.br\/\">R\u00e1dioficina &#8211;\u00a0A Melhor e Mais Completa Escola T\u00e9cnica de R\u00e1dio do Brasil<\/a><br \/>\n&#8211; <a href=\"http:\/\/www.aesp.org.br\/index.php\">AESP &#8211;\u00a0Associa\u00e7\u00e3o das Emissoras R\u00e1dio e Televis\u00e3o do Estado de S\u00e3o Paulo<\/a><\/p>\n<p><strong><span style=\"color: #990000;\">Links da R\u00e1diofobia Podcast Network:<\/span><\/strong><br \/>\n&#8211; <a href=\"https:\/\/cursodepodcast.com\/\">assine o canal do <strong>Curso de Podcast<\/strong> no YouTube<\/a><br \/>\n&#8211; <a href=\"https:\/\/t.me\/ocursodepodcast\">participe do <strong>grupo do Curso de Podcast no Telegram<\/strong><\/a><br \/>\n&#8211; <a href=\"https:\/\/t.me\/radiofobianetwork\" target=\"_blank\" rel=\"noopener noreferrer\">participe do <strong>grupo de produtores, apresentadores e ouvintes dos podcasts da R\u00e1diofobia Podcast Network no Telegram<\/strong><\/a><br \/>\n&#8211; <a href=\"http:\/\/leolop.es\/rfobiayoutube\" target=\"_blank\" rel=\"noopener noreferrer\">assine o canal da <strong>R\u00e1diofobia Podcast Network no YouTube<\/strong>!<\/a><br \/>\n&#8211; <a href=\"https:\/\/www.twitch.tv\/radiofobialive\" target=\"_blank\" rel=\"noopener noreferrer\">assine o canal da <strong>R\u00e1diofobia Podcast Network no Twitch<\/strong>!<\/a><br \/>\n&#8211; <strong><a href=\"http:\/\/leolop.es\/rfpn_itunes\" target=\"_blank\" rel=\"noopener noreferrer\">R\u00e1diofobia Podcast Network no Apple Podcasts<\/a><\/strong><br \/>\n&#8211; <strong><a href=\"https:\/\/open.spotify.com\/show\/4MDAxOhUxwCCfIbevseMOU?si=PhrKhgZ_RDuf3KGHZIvkmQ\" target=\"_blank\" rel=\"noopener noreferrer\">R\u00e1diofobia Podcast Network no Spotify<\/a><\/strong><br \/>\n&#8211; <a href=\"https:\/\/twitter.com\/radiofobialhes\" target=\"_blank\" rel=\"noopener noreferrer\">Siga <strong>@radiofobialhes<\/strong> no tuV\u00edtter<\/a><br \/>\n&#8211; <a href=\"https:\/\/www.facebook.com\/radiofobiapodcast\" target=\"_blank\" rel=\"noopener noreferrer\">Curta a p\u00e1gina do <strong>Radiofobia Podcast<\/strong> no Facebook<\/a><\/p>\n<p><span style=\"color: #990000;\"><strong>Ou\u00e7a o R\u00e1diofobia Podcast nos principais agregadores:<\/strong><\/span><br \/>\n&#8211; <strong><a href=\"https:\/\/leolop.es\/rfobia_spotify\" target=\"_blank\" rel=\"noopener noreferrer\">Spotify<\/a><\/strong><br \/>\n&#8211; <strong><a href=\"https:\/\/leolop.es\/rfobia_googlepod\" target=\"_blank\" rel=\"noopener noreferrer\">Google Podcasts<\/a><\/strong><br \/>\n&#8211; <strong><a href=\"https:\/\/http:\/\/leolop.es\/rfitunes\" target=\"_blank\" rel=\"noopener noreferrer\">Apple Podcasts<\/a><\/strong><br \/>\n&#8211; <strong><a href=\"http:\/\/leolop.es\/rfobia_amazon\" target=\"_blank\" rel=\"noopener\">Amazon Music<\/a><\/strong><br \/>\n&#8211; <strong><a href=\"https:\/\/pca.st\/V12f\" target=\"_blank\" rel=\"noopener noreferrer\">PocketCasts<\/a><\/strong><\/p>\n<p><span style=\"color: #990000;\"><strong>Publicidade:<\/strong><\/span><br \/>\n<a href=\"http:\/\/leolop.es\/rfcontato\" target=\"_blank\" rel=\"noopener noreferrer\"><strong>Entre em contato<\/strong><\/a> e saiba como <em>anunciar sua marca, produto ou servi\u00e7o em nossos podcasts<\/em>.<\/p>\n","protected":false},"excerpt":{"rendered":"<p>Neste EPIS\u00d3DIO ESPECIAL\u00a0Leo Lopes\u00a0apresenta o programa produzido pela AESP em comemora\u00e7\u00e3o aos 100 anos do r\u00e1dio no Brasil!<\/p>\n","protected":false},"author":2,"featured_media":27680,"comment_status":"open","ping_status":"closed","sticky":false,"template":"","format":"standard","meta":{"footnotes":""},"categories":[13,32,35],"tags":[2797,2796,675,2791,1776,101,1210,11,2790,14,90,15],"class_list":["post-27675","post","type-post","status-publish","format-standard","has-post-thumbnail","hentry","category-podcast","category-profissionais-do-radio","category-radiofobia","tag-100-anos","tag-aesp","tag-antonio-viviani","tag-centenario","tag-clube-da-voz","tag-especial","tag-lala-moreira","tag-leo-lopes","tag-luiz-henrique-romagnoli","tag-podcast","tag-radio","tag-radiofobia"],"_links":{"self":[{"href":"https:\/\/radiofobia.com.br\/podcast\/wp-json\/wp\/v2\/posts\/27675","targetHints":{"allow":["GET"]}}],"collection":[{"href":"https:\/\/radiofobia.com.br\/podcast\/wp-json\/wp\/v2\/posts"}],"about":[{"href":"https:\/\/radiofobia.com.br\/podcast\/wp-json\/wp\/v2\/types\/post"}],"author":[{"embeddable":true,"href":"https:\/\/radiofobia.com.br\/podcast\/wp-json\/wp\/v2\/users\/2"}],"replies":[{"embeddable":true,"href":"https:\/\/radiofobia.com.br\/podcast\/wp-json\/wp\/v2\/comments?post=27675"}],"version-history":[{"count":6,"href":"https:\/\/radiofobia.com.br\/podcast\/wp-json\/wp\/v2\/posts\/27675\/revisions"}],"predecessor-version":[{"id":27682,"href":"https:\/\/radiofobia.com.br\/podcast\/wp-json\/wp\/v2\/posts\/27675\/revisions\/27682"}],"wp:featuredmedia":[{"embeddable":true,"href":"https:\/\/radiofobia.com.br\/podcast\/wp-json\/wp\/v2\/media\/27680"}],"wp:attachment":[{"href":"https:\/\/radiofobia.com.br\/podcast\/wp-json\/wp\/v2\/media?parent=27675"}],"wp:term":[{"taxonomy":"category","embeddable":true,"href":"https:\/\/radiofobia.com.br\/podcast\/wp-json\/wp\/v2\/categories?post=27675"},{"taxonomy":"post_tag","embeddable":true,"href":"https:\/\/radiofobia.com.br\/podcast\/wp-json\/wp\/v2\/tags?post=27675"}],"curies":[{"name":"wp","href":"https:\/\/api.w.org\/{rel}","templated":true}]}}