{"id":27700,"date":"2022-10-03T09:03:01","date_gmt":"2022-10-03T12:03:01","guid":{"rendered":"https:\/\/radiofobia.com.br\/podcast\/?p=27700"},"modified":"2022-10-03T09:03:01","modified_gmt":"2022-10-03T12:03:01","slug":"radiofobia-338-cubo-magico-com-adel-fonseca","status":"publish","type":"post","link":"https:\/\/radiofobia.com.br\/podcast\/2022\/10\/radiofobia-338-cubo-magico-com-adel-fonseca\/","title":{"rendered":"RADIOFOBIA 338 &#8211; Cubo M\u00e1gico, com Adel Fonseca"},"content":{"rendered":"<p><iframe title=\"RADIOFOBIA 338 - Cubo M\u00e1gico, com Adel Fonseca\" src=\"https:\/\/omny.fm\/shows\/radiofobia-podcast\/radiofobia-338-cubo-m-gico-com-adel-fonseca\/embed\" width=\"100%\" height=\"180\" frameborder=\"0\"><\/iframe><\/p>\n<p>Sauda\u00e7\u00f5es cubistas, ouvinte radiofob\u00e9tico!<\/p>\n<p><span style=\"line-height: 1.5em;\">Neste epis\u00f3dio\u00a0<strong><a href=\"https:\/\/www.instagram.com\/leoradiofobia\/\" target=\"_blank\" rel=\"noopener noreferrer\">Leo Lopes<\/a><\/strong>, <a href=\"https:\/\/www.instagram.com\/jeftherbarbosa\/\"><strong>Jef Barbosa<\/strong><\/a>,\u00a0<a href=\"https:\/\/www.instagram.com\/thiagofuji\/\"><strong>Thiago Fujiwara<\/strong><\/a> e\u00a0<a href=\"https:\/\/www.instagram.com\/juliomcg\/\" target=\"_blank\" rel=\"noopener\"><strong>J\u00falio Macoggi<\/strong><\/a> recebem criador de conte\u00fado e cubista paraense\u00a0<a href=\"https:\/\/www.instagram.com\/adelfonsecaoficial\/\"><strong>Adel Fonseca <\/strong><\/a>(<a href=\"https:\/\/www.youtube.com\/c\/OCuboAdelFonseca\">Canal O Cubo<\/a>) pra nos ajudar a desvendar os mist\u00e9rios do Cubo M\u00e1gico!<\/span><\/p>\n<p>Al\u00e9m de conhecer o Adel, sua rela\u00e7\u00e3o com o Cubo M\u00e1gico, seu <a href=\"https:\/\/www.youtube.com\/c\/OCuboAdelFonseca\"><strong>canal O Cubo no YouTube<\/strong><\/a> e seu <a href=\"https:\/\/cursos.cubistaderespeito.com.br\/metodo-sub10\/\"><strong>M\u00e9todo SUB10<\/strong><\/a>, voc\u00ea vai ouvir sobre a cria\u00e7\u00e3o em 1974 pelo professor de arquitetura h\u00fangaro <a href=\"https:\/\/rubiks.com\/en-US\/\"><strong>Ern\u0151 Rubik<\/strong><\/a>\u00a0deste \u00edcone da cultura pop que se tornaria um dos brinquedos mais amados de todos os tempos, descobrir os recordes e competi\u00e7\u00f5es mundiais al\u00e9m de poder conferir dicas e macetes para aprender a montar o cubo no menor tempo poss\u00edvel!<\/p>\n<p>N\u00e3o deixe de <strong>interagir com a gente nas redes sociais<\/strong>, <strong>dar seu feedback sobre o papo e sugerir temas e convidados<\/strong>\u00a0para as pr\u00f3ximas edi\u00e7\u00f5es do nosso podcast, al\u00e9m de\u00a0<strong>deixar seu coment\u00e1rio no post,<\/strong> ok? Voc\u00ea tamb\u00e9m pode agora mandar sua cartinha para a <strong>Caixa Postal 279 &#8211; CEP 13930-970 &#8211; Serra Negra &#8211; SP<\/strong>, e seu e-mail para <strong><a title=\"[GMCP] Compose a new mail to podcast@radiofobia.com.br\" href=\"mailto:podcast@radiofobia.com.br\" target=\"blank\" rel=\"noopener noreferrer\">podcast@radiofobia.com.br<\/a><\/strong>!<\/p>\n<p><strong><span style=\"color: #990000;\">Arte do epis\u00f3dio:<\/span><\/strong>\u00a0<a href=\"https:\/\/twitter.com\/shapeedits\">Caio Cardinot<\/a><\/p>\n<p><iframe title=\"YouTube video player\" src=\"https:\/\/www.youtube.com\/embed\/5ntEtY9sY08\" frameborder=\"0\" allowfullscreen=\"allowfullscreen\"><\/iframe><\/p>\n<p><strong><span style=\"color: #990000;\">Links citados no epis\u00f3dio:<\/span><\/strong><br \/>\n&#8211; <a href=\"https:\/\/www.youtube.com\/c\/OCuboAdelFonseca\">assine o canal <strong>O Cubo &#8211; Adel Fonseca<\/strong> no YouTube<\/a><br \/>\n&#8211; <a href=\"https:\/\/www.instagram.com\/adelfonsecaoficial\/\">siga o <strong>Adel Fonseca<\/strong> no Instagram<\/a><br \/>\n&#8211; <a href=\"https:\/\/cursos.cubistaderespeito.com.br\/metodo-sub10\/\">conhe\u00e7a o <strong>M\u00e9todo SUB10<\/strong> e torne-se voc\u00ea tamb\u00e9m um craque no Cubo M\u00e1gico<\/a><br \/>\n&#8211; <a href=\"https:\/\/www.youtube.com\/c\/FELIJ%C3%83O\">canal do <strong>FELIJ\u00c3O<\/strong><\/a><\/p>\n<p><strong><span style=\"color: #990000;\">Links citados nas Cartinhas do Tot\u00f4:<\/span><\/strong><br \/>\n&#8211; <a href=\"https:\/\/apoia.se\/ocubo\">colabore com o <strong>Canal O Cubo no APOIA.se<\/strong> e ganhe recompensas!<\/a><br \/>\n&#8211; <a href=\"https:\/\/leolop.es\/cursodepodcast004\">Curso de Podcast #004 &#8211; A podosfera brasileira acabou? &#8211; com Ira Croft e Gui Baldi<\/a><br \/>\n&#8211; <a href=\"https:\/\/redegeek.com.br\/2022\/09\/26\/eu-nao-acredito-133-centenario-do-radio-no-brasil\/\">Leo Lopes no <strong>EU N\u00c3O ACREDITO &#8211; Centen\u00e1rio do r\u00e1dio no Brasil<\/strong>, com Laura Tarcan e Prof. Maury<\/a><br \/>\n&#8211; <a href=\"https:\/\/www.spreaker.com\/user\/15107667\/leo-lopes-radiofobia\">Leo Lopes no <strong>A Era do \u00c1udio<\/strong>, com Ananda Garcia<\/a><br \/>\n&#8211;\u00a0<a href=\"https:\/\/benfeitoria.com\/projeto\/feminismosepodcasts\"><strong>clique e participe da campanha de financiamento coletivo do compilado &#8220;Feminismos e Podcasts&#8221;<\/strong><\/a><br \/>\n&#8211; <a href=\"https:\/\/cursodepodcast.com\/\">assine o canal do <strong>Curso de Podcast<\/strong> no YouTube<\/a><br \/>\n&#8211; <a href=\"https:\/\/t.me\/ocursodepodcast\">participe do <strong>grupo do Curso de Podcast no Telegram<\/strong><\/a><br \/>\n&#8211; <a href=\"https:\/\/t.me\/radiofobianetwork\" target=\"_blank\" rel=\"noopener noreferrer\">participe do <strong>grupo de produtores, apresentadores e ouvintes dos podcasts da R\u00e1diofobia Podcast Network no Telegram<\/strong><\/a><br \/>\n&#8211; <a href=\"http:\/\/leolop.es\/rfobiayoutube\" target=\"_blank\" rel=\"noopener noreferrer\">assine o canal da <strong>R\u00e1diofobia Podcast Network no YouTube<\/strong>!<\/a><br \/>\n&#8211; <a href=\"https:\/\/www.twitch.tv\/radiofobialive\" target=\"_blank\" rel=\"noopener noreferrer\">assine o canal da <strong>R\u00e1diofobia Podcast Network no Twitch<\/strong>!<\/a><br \/>\n&#8211; <strong><a href=\"http:\/\/leolop.es\/rfpn_itunes\" target=\"_blank\" rel=\"noopener noreferrer\">R\u00e1diofobia Podcast Network no Apple Podcasts<\/a><\/strong><br \/>\n&#8211; <strong><a href=\"https:\/\/open.spotify.com\/show\/4MDAxOhUxwCCfIbevseMOU?si=PhrKhgZ_RDuf3KGHZIvkmQ\" target=\"_blank\" rel=\"noopener noreferrer\">R\u00e1diofobia Podcast Network no Spotify<\/a><\/strong><br \/>\n&#8211; <a href=\"https:\/\/twitter.com\/radiofobialhes\" target=\"_blank\" rel=\"noopener noreferrer\">Siga <strong>@radiofobialhes<\/strong> no tuV\u00edtter<\/a><br \/>\n&#8211; <a href=\"https:\/\/www.facebook.com\/radiofobiapodcast\" target=\"_blank\" rel=\"noopener noreferrer\">Curta a p\u00e1gina do <strong>Radiofobia Podcast<\/strong> no Facebook<\/a><\/p>\n<p><span style=\"color: #990000;\"><strong>Ou\u00e7a o R\u00e1diofobia Podcast nos principais agregadores:<\/strong><\/span><br \/>\n&#8211; <strong><a href=\"https:\/\/leolop.es\/rfobia_spotify\" target=\"_blank\" rel=\"noopener noreferrer\">Spotify<\/a><\/strong><br \/>\n&#8211; <strong><a href=\"https:\/\/leolop.es\/rfobia_googlepod\" target=\"_blank\" rel=\"noopener noreferrer\">Google Podcasts<\/a><\/strong><br \/>\n&#8211; <strong><a href=\"https:\/\/http:\/\/leolop.es\/rfitunes\" target=\"_blank\" rel=\"noopener noreferrer\">Apple Podcasts<\/a><\/strong><br \/>\n&#8211; <strong><a href=\"http:\/\/leolop.es\/rfobia_amazon\" target=\"_blank\" rel=\"noopener\">Amazon Music<\/a><\/strong><br \/>\n&#8211; <strong><a href=\"https:\/\/pca.st\/V12f\" target=\"_blank\" rel=\"noopener noreferrer\">PocketCasts<\/a><\/strong><\/p>\n<p><span style=\"color: #990000;\"><strong>Publicidade:<\/strong><\/span><br \/>\n<a href=\"http:\/\/leolop.es\/rfcontato\" target=\"_blank\" rel=\"noopener noreferrer\"><strong>Entre em contato<\/strong><\/a> e saiba como <em>anunciar sua marca, produto ou servi\u00e7o em nossos podcasts<\/em>.<\/p>\n","protected":false},"excerpt":{"rendered":"<p>Neste epis\u00f3dio\u00a0recebemos o criador de conte\u00fado e cubista paraense Adel Fonseca pra nos ajudar a desvendar os mist\u00e9rios do Cubo M\u00e1gico!<\/p>\n","protected":false},"author":2,"featured_media":27701,"comment_status":"open","ping_status":"closed","sticky":false,"template":"","format":"standard","meta":{"footnotes":""},"categories":[13,35],"tags":[2802,2804,2803,1090,2132,11,14,15,592,726],"class_list":["post-27700","post","type-post","status-publish","format-standard","has-post-thumbnail","hentry","category-podcast","category-radiofobia","tag-adel-fonseca","tag-camadas","tag-cubo-magico","tag-jef-barbosa","tag-julio-macoggi","tag-leo-lopes","tag-podcast","tag-radiofobia","tag-thiago-fujiwara","tag-youtube"],"_links":{"self":[{"href":"https:\/\/radiofobia.com.br\/podcast\/wp-json\/wp\/v2\/posts\/27700","targetHints":{"allow":["GET"]}}],"collection":[{"href":"https:\/\/radiofobia.com.br\/podcast\/wp-json\/wp\/v2\/posts"}],"about":[{"href":"https:\/\/radiofobia.com.br\/podcast\/wp-json\/wp\/v2\/types\/post"}],"author":[{"embeddable":true,"href":"https:\/\/radiofobia.com.br\/podcast\/wp-json\/wp\/v2\/users\/2"}],"replies":[{"embeddable":true,"href":"https:\/\/radiofobia.com.br\/podcast\/wp-json\/wp\/v2\/comments?post=27700"}],"version-history":[{"count":10,"href":"https:\/\/radiofobia.com.br\/podcast\/wp-json\/wp\/v2\/posts\/27700\/revisions"}],"predecessor-version":[{"id":27727,"href":"https:\/\/radiofobia.com.br\/podcast\/wp-json\/wp\/v2\/posts\/27700\/revisions\/27727"}],"wp:featuredmedia":[{"embeddable":true,"href":"https:\/\/radiofobia.com.br\/podcast\/wp-json\/wp\/v2\/media\/27701"}],"wp:attachment":[{"href":"https:\/\/radiofobia.com.br\/podcast\/wp-json\/wp\/v2\/media?parent=27700"}],"wp:term":[{"taxonomy":"category","embeddable":true,"href":"https:\/\/radiofobia.com.br\/podcast\/wp-json\/wp\/v2\/categories?post=27700"},{"taxonomy":"post_tag","embeddable":true,"href":"https:\/\/radiofobia.com.br\/podcast\/wp-json\/wp\/v2\/tags?post=27700"}],"curies":[{"name":"wp","href":"https:\/\/api.w.org\/{rel}","templated":true}]}}