{"id":27853,"date":"2023-01-02T10:00:40","date_gmt":"2023-01-02T13:00:40","guid":{"rendered":"https:\/\/radiofobia.com.br\/podcast\/?p=27853"},"modified":"2022-12-28T15:02:04","modified_gmt":"2022-12-28T18:02:04","slug":"radiofobia-343-com-ricardo-alexandre-do-discoteca-basica","status":"publish","type":"post","link":"https:\/\/radiofobia.com.br\/podcast\/2023\/01\/radiofobia-343-com-ricardo-alexandre-do-discoteca-basica\/","title":{"rendered":"RADIOFOBIA 343 &#8211; com Ricardo Alexandre, do Discoteca B\u00e1sica"},"content":{"rendered":"<p><iframe title=\"RADIOFOBIA 343 - com Ricardo Alexandre, do Discoteca B\u00e1sica\" src=\"https:\/\/omny.fm\/shows\/radiofobia-podcast\/radiofobia-343-com-ricardo-alexandre-do-discoteca\/embed\" width=\"100%\" height=\"180\" frameborder=\"0\"><\/iframe><\/p>\n<p>Sauda\u00e7\u00f5es musicais, ouvinte radiofob\u00e9tico!<\/p>\n<p><span style=\"line-height: 1.5em;\">Neste primeiro epis\u00f3dio do ano\u00a0<strong><a href=\"https:\/\/www.instagram.com\/leoradiofobia\/\" target=\"_blank\" rel=\"noopener noreferrer\">Leo Lopes<\/a><\/strong>, <a href=\"https:\/\/www.instagram.com\/jessicadalcindasilva\/\"><strong>J\u00e9ssica Dalcin<\/strong><\/a>,\u00a0<a href=\"https:\/\/www.instagram.com\/jeftherbarbosa\/\"><strong>Jef Barbosa<\/strong><\/a>\u00a0e a estreante <a href=\"https:\/\/www.instagram.com\/lana_tavora\/\"><strong>Lana T\u00e1vora<\/strong><\/a>\u00a0recebem o jornalista, escritor e roteirista <a href=\"https:\/\/www.instagram.com\/ralexandredb\/\"><strong>Ricardo Alexandre<\/strong><\/a>\u00a0&#8211; diretamente do aclamado podcast musical <a href=\"https:\/\/www.instagram.com\/podcastdiscotecabasica\/\"><strong>Discoteca B\u00e1sica<\/strong><\/a> &#8211; pra um papo sobre a sua carreira, sobre m\u00fasica, podcast e muito mais!<\/span><\/p>\n<p>N\u00e3o deixe de <strong>interagir com a gente nas redes sociais<\/strong>, <strong>dar seu feedback sobre o papo e sugerir temas e convidados<\/strong>\u00a0para as pr\u00f3ximas edi\u00e7\u00f5es do nosso podcast, al\u00e9m de\u00a0<strong>deixar seu coment\u00e1rio no post,<\/strong> ok? Voc\u00ea tamb\u00e9m pode agora mandar sua cartinha para a <strong>Caixa Postal 279 &#8211; CEP 13930-970 &#8211; Serra Negra &#8211; SP<\/strong>, e seu e-mail para <strong><a title=\"[GMCP] Compose a new mail to podcast@radiofobia.com.br\" href=\"mailto:podcast@radiofobia.com.br\" target=\"blank\" rel=\"noopener noreferrer\">podcast@radiofobia.com.br<\/a><\/strong>!<\/p>\n<p><strong><span style=\"color: #990000;\">Arte do epis\u00f3dio:<\/span><\/strong>\u00a0<a href=\"https:\/\/twitter.com\/shapeedits\">Caio Cardinot<\/a><\/p>\n<p><iframe title=\"YouTube video player\" src=\"https:\/\/www.youtube.com\/embed\/NoE__-EO6mQ\" frameborder=\"0\" allowfullscreen=\"allowfullscreen\"><span data-mce-type=\"bookmark\" style=\"display: inline-block; width: 0px; overflow: hidden; line-height: 0;\" class=\"mce_SELRES_start\">\ufeff<\/span><\/iframe><\/p>\n<p><strong><span style=\"color: #990000;\">Links citados no epis\u00f3dio:<\/span><\/strong><br \/>\n&#8211; <a href=\"https:\/\/podcastdiscotecabasica.com\/\">site do Podcast Discoteca B\u00e1sica<\/a><br \/>\n&#8211; <a href=\"https:\/\/ricardoalexandre.jor.br\/\">site do Ricardo Alexandre<\/a><br \/>\n&#8211;\u00a0<a href=\"https:\/\/radiofobia.com.br\/podcast\/2013\/07\/radiofobia-classics-02-wilson-simonal\/\">R\u00c1DIOFOBIA Classics #02 &#8211; Wilson Simonal<\/a><br \/>\n&#8211; <a href=\"http:\/\/safra1974.com.br\/\">Safra 1974<\/a><br \/>\n&#8211;\u00a0<a href=\"https:\/\/podcastdiscotecabasica.com\/livro\/\">Os 500 Maiores \u00c1lbuns Brasileiros de Todos os Tempos<\/a><br \/>\n&#8211;\u00a0<a href=\"https:\/\/podcastdiscotecabasica.com\/assine\/\">Clube Discoteca B\u00e1sica<\/a><\/p>\n<p><strong><span style=\"color: #990000;\">Links citados nas Cartinhas do Tot\u00f4:<\/span><\/strong><br \/>\n&#8211; <a href=\"https:\/\/cursodepodcast.com\/\">assine o canal do <strong>Curso de Podcast<\/strong> no YouTube<\/a><br \/>\n&#8211; <a href=\"https:\/\/t.me\/ocursodepodcast\">participe do <strong>grupo do Curso de Podcast no Telegram<\/strong><\/a><br \/>\n&#8211; <a href=\"https:\/\/t.me\/radiofobianetwork\" target=\"_blank\" rel=\"noopener noreferrer\">participe do <strong>grupo de produtores, apresentadores e ouvintes dos podcasts da R\u00e1diofobia Podcast Network no Telegram<\/strong><\/a><br \/>\n&#8211; <a href=\"http:\/\/leolop.es\/rfobiayoutube\" target=\"_blank\" rel=\"noopener noreferrer\">assine o canal da <strong>R\u00e1diofobia Podcast Network no YouTube<\/strong>!<\/a><br \/>\n&#8211; <a href=\"https:\/\/www.twitch.tv\/radiofobialive\" target=\"_blank\" rel=\"noopener noreferrer\">assine o canal da <strong>R\u00e1diofobia Podcast Network no Twitch<\/strong>!<\/a><br \/>\n&#8211; <strong><a href=\"http:\/\/leolop.es\/rfpn_itunes\" target=\"_blank\" rel=\"noopener noreferrer\">R\u00e1diofobia Podcast Network no Apple Podcasts<\/a><\/strong><br \/>\n&#8211; <strong><a href=\"https:\/\/open.spotify.com\/show\/4MDAxOhUxwCCfIbevseMOU?si=PhrKhgZ_RDuf3KGHZIvkmQ\" target=\"_blank\" rel=\"noopener noreferrer\">R\u00e1diofobia Podcast Network no Spotify<\/a><\/strong><br \/>\n&#8211; <a href=\"https:\/\/twitter.com\/radiofobialhes\" target=\"_blank\" rel=\"noopener noreferrer\">Siga <strong>@radiofobialhes<\/strong> no tuV\u00edtter<\/a><br \/>\n&#8211; <a href=\"https:\/\/www.facebook.com\/radiofobiapodcast\" target=\"_blank\" rel=\"noopener noreferrer\">Curta a p\u00e1gina do <strong>Radiofobia Podcast<\/strong> no Facebook<\/a><\/p>\n<p><span style=\"color: #990000;\"><strong>Ou\u00e7a o R\u00e1diofobia Podcast nos principais agregadores:<\/strong><\/span><br \/>\n&#8211; <strong><a href=\"https:\/\/leolop.es\/rfobia_spotify\" target=\"_blank\" rel=\"noopener noreferrer\">Spotify<\/a><\/strong><br \/>\n&#8211; <strong><a href=\"https:\/\/leolop.es\/rfobia_googlepod\" target=\"_blank\" rel=\"noopener noreferrer\">Google Podcasts<\/a><\/strong><br \/>\n&#8211; <strong><a href=\"https:\/\/http:\/\/leolop.es\/rfitunes\" target=\"_blank\" rel=\"noopener noreferrer\">Apple Podcasts<\/a><\/strong><br \/>\n&#8211; <strong><a href=\"http:\/\/leolop.es\/rfobia_amazon\" target=\"_blank\" rel=\"noopener\">Amazon Music<\/a><\/strong><br \/>\n&#8211; <strong><a href=\"https:\/\/pca.st\/V12f\" target=\"_blank\" rel=\"noopener noreferrer\">PocketCasts<\/a><\/strong><\/p>\n<p><span style=\"color: #990000;\"><strong>Publicidade:<\/strong><\/span><br \/>\n<a href=\"http:\/\/leolop.es\/rfcontato\" target=\"_blank\" rel=\"noopener noreferrer\"><strong>Entre em contato<\/strong><\/a> e saiba como <em>anunciar sua marca, produto ou servi\u00e7o em nossos podcasts<\/em>.<\/p>\n","protected":false},"excerpt":{"rendered":"<p>No primeiro epis\u00f3dio do ano batemos um papo com o jornalista, escritor e roteirista Ricardo Alexandre\u00a0do podcast musical Discoteca B\u00e1sica!<\/p>\n","protected":false},"author":2,"featured_media":27854,"comment_status":"open","ping_status":"closed","sticky":false,"template":"","format":"standard","meta":{"footnotes":""},"categories":[71,13,72,35],"tags":[67,2844,101,1090,1668,2842,11,363,14,15,2843],"class_list":["post-27853","post","type-post","status-publish","format-standard","has-post-thumbnail","hentry","category-daboucast","category-podcast","category-podosfera-podcast","category-radiofobia","tag-crossover","tag-discoteca-basica","tag-especial","tag-jef-barbosa","tag-jessica-dalcin","tag-lana-taviora","tag-leo-lopes","tag-musica","tag-podcast","tag-radiofobia","tag-ricardo-alexandre"],"_links":{"self":[{"href":"https:\/\/radiofobia.com.br\/podcast\/wp-json\/wp\/v2\/posts\/27853","targetHints":{"allow":["GET"]}}],"collection":[{"href":"https:\/\/radiofobia.com.br\/podcast\/wp-json\/wp\/v2\/posts"}],"about":[{"href":"https:\/\/radiofobia.com.br\/podcast\/wp-json\/wp\/v2\/types\/post"}],"author":[{"embeddable":true,"href":"https:\/\/radiofobia.com.br\/podcast\/wp-json\/wp\/v2\/users\/2"}],"replies":[{"embeddable":true,"href":"https:\/\/radiofobia.com.br\/podcast\/wp-json\/wp\/v2\/comments?post=27853"}],"version-history":[{"count":9,"href":"https:\/\/radiofobia.com.br\/podcast\/wp-json\/wp\/v2\/posts\/27853\/revisions"}],"predecessor-version":[{"id":27875,"href":"https:\/\/radiofobia.com.br\/podcast\/wp-json\/wp\/v2\/posts\/27853\/revisions\/27875"}],"wp:featuredmedia":[{"embeddable":true,"href":"https:\/\/radiofobia.com.br\/podcast\/wp-json\/wp\/v2\/media\/27854"}],"wp:attachment":[{"href":"https:\/\/radiofobia.com.br\/podcast\/wp-json\/wp\/v2\/media?parent=27853"}],"wp:term":[{"taxonomy":"category","embeddable":true,"href":"https:\/\/radiofobia.com.br\/podcast\/wp-json\/wp\/v2\/categories?post=27853"},{"taxonomy":"post_tag","embeddable":true,"href":"https:\/\/radiofobia.com.br\/podcast\/wp-json\/wp\/v2\/tags?post=27853"}],"curies":[{"name":"wp","href":"https:\/\/api.w.org\/{rel}","templated":true}]}}