{"id":27898,"date":"2023-01-30T17:20:24","date_gmt":"2023-01-30T20:20:24","guid":{"rendered":"https:\/\/radiofobia.com.br\/podcast\/?p=27898"},"modified":"2023-02-22T17:27:11","modified_gmt":"2023-02-22T20:27:11","slug":"radiofobia-345-questao-de-linguagem-com-prof-manga","status":"publish","type":"post","link":"https:\/\/radiofobia.com.br\/podcast\/2023\/01\/radiofobia-345-questao-de-linguagem-com-prof-manga\/","title":{"rendered":"RADIOFOBIA 345 &#8211; Quest\u00e3o de Linguagem, com Prof. Manga"},"content":{"rendered":"<p><iframe title=\"RADIOFOBIA 345 - Quest\u00e3o de Linguagem, com Prof. Manga\" src=\"https:\/\/omny.fm\/shows\/radiofobia-podcast\/radiofobia-345-quest-o-de-linguagem-com-prof-manga\/embed\" width=\"100%\" height=\"180\" frameborder=\"0\"><\/iframe><\/p>\n<p>Sauda\u00e7\u00f5es etimol\u00f3gicas, ouvinte radiofob\u00e9tico!<\/p>\n<p>Existem v\u00e1rios aspectos muito interessantes e curiosos em qualquer idioma. A etimologia &#8211; que \u00e9 o estudo da origem e da evolu\u00e7\u00e3o das palavras &#8211; por exemplo, e as express\u00f5es idiom\u00e1ticas s\u00e3o fascinantes! Mas toda l\u00edngua \u00e9 viva, e est\u00e1 constantemente se modificando e se alterando conforme a \u00e9poca e o comportamento social de quem as fala!<\/p>\n<p><span style=\"line-height: 1.5em;\">Para explorar v\u00e1rias curiosidades de palavras, express\u00f5es que usamos no dia-a-dia, pronomes de tratamento e muito mais, neste epis\u00f3dio\u00a0<strong><a href=\"https:\/\/www.instagram.com\/leoradiofobia\/\" target=\"_blank\" rel=\"noopener noreferrer\">Leo Lopes<\/a><\/strong>, <a href=\"https:\/\/www.instagram.com\/jessicadalcindasilva\/\"><strong>J\u00e9ssica Dalcin<\/strong><\/a>,\u00a0<a href=\"https:\/\/www.instagram.com\/juliomcg\/\"><strong>J\u00falio Macoggi<\/strong><\/a>,\u00a0<a href=\"https:\/\/www.instagram.com\/lana_tavora\/\"><strong>Lana T\u00e1vora<\/strong><\/a> e\u00a0<a href=\"https:\/\/www.instagram.com\/estaciojv\/\"><strong>Victor Est\u00e1cio<\/strong><\/a> batem um papo com o <strong>Prof. Manga<\/strong>, do <a href=\"https:\/\/www.instagram.com\/qlinguagem\/\"><strong>Quest\u00e3o de Linguagem<\/strong><\/a>!<\/span><\/p>\n<p>N\u00e3o deixe de <strong>interagir com a gente nas redes sociais<\/strong>, <strong>dar seu feedback sobre o papo e sugerir temas e convidados<\/strong>\u00a0para as pr\u00f3ximas edi\u00e7\u00f5es do nosso podcast, al\u00e9m de\u00a0<strong>deixar seu coment\u00e1rio no post,<\/strong> ok? Voc\u00ea tamb\u00e9m pode agora mandar sua cartinha para a <strong>Caixa Postal 279 &#8211; CEP 13930-970 &#8211; Serra Negra &#8211; SP<\/strong>, e seu e-mail para <strong><a title=\"[GMCP] Compose a new mail to podcast@radiofobia.com.br\" href=\"mailto:podcast@radiofobia.com.br\" target=\"blank\" rel=\"noopener noreferrer\">podcast@radiofobia.com.br<\/a><\/strong>!<\/p>\n<p><strong><span style=\"color: #990000;\">Arte do epis\u00f3dio:<\/span><\/strong>\u00a0<a href=\"https:\/\/twitter.com\/shapeedits\">Caio Cardinot<\/a><\/p>\n<p><iframe title=\"YouTube video player\" src=\"https:\/\/www.youtube.com\/embed\/lwWzL4QpFxk\" frameborder=\"0\" allowfullscreen=\"allowfullscreen\"><span data-mce-type=\"bookmark\" style=\"display: inline-block; width: 0px; overflow: hidden; line-height: 0;\" class=\"mce_SELRES_start\">\ufeff<\/span><\/iframe><\/p>\n<p><strong><span style=\"color: #990000;\">Links citados no epis\u00f3dio:<\/span><\/strong><br \/>\n&#8211; <a href=\"https:\/\/www.questaodelinguagem.com.br\/apoie\">Seja membro do <strong>Quest\u00e3o de Linguagem<\/strong> e acesse conte\u00fados exclusivos<\/a><br \/>\n&#8211; <a href=\"https:\/\/www.instagram.com\/qlinguagem\/\">siga o <strong>@qlinguagem<\/strong> no Instagram<\/a><\/p>\n<p><strong><span style=\"color: #990000;\">Links citados nas Cartinhas do Tot\u00f4:<\/span><\/strong><br \/>\n&#8211; <a href=\"https:\/\/www.castnews.com.br\/\">Acesse o Castnews, assine a newsletter semanal e o FEED do podcast<\/a><br \/>\n&#8211; <a href=\"https:\/\/open.spotify.com\/episode\/7qysozNjFs6aTm41VxsfA7?si=320083ee03ad4f3f\">conhe\u00e7a a <strong>hist\u00f3ria da Jessica<\/strong> neste epis\u00f3dio do <strong>Ineditados<\/strong><\/a><br \/>\n&#8211; <a href=\"https:\/\/cursodepodcast.com\/\">assine o canal do <strong>Curso de Podcast<\/strong> no YouTube<\/a><br \/>\n&#8211; <a href=\"https:\/\/t.me\/ocursodepodcast\">participe do <strong>grupo do Curso de Podcast no Telegram<\/strong><\/a><br \/>\n&#8211; <a href=\"https:\/\/t.me\/radiofobianetwork\" target=\"_blank\" rel=\"noopener noreferrer\">participe do <strong>grupo de produtores, apresentadores e ouvintes dos podcasts da R\u00e1diofobia Podcast Network no Telegram<\/strong><\/a><br \/>\n&#8211; <a href=\"http:\/\/leolop.es\/rfobiayoutube\" target=\"_blank\" rel=\"noopener noreferrer\">assine o canal da <strong>R\u00e1diofobia Podcast Network no YouTube<\/strong>!<\/a><br \/>\n&#8211; <a href=\"https:\/\/www.twitch.tv\/radiofobialive\" target=\"_blank\" rel=\"noopener noreferrer\">assine o canal da <strong>R\u00e1diofobia Podcast Network no Twitch<\/strong>!<\/a><br \/>\n&#8211; <strong><a href=\"http:\/\/leolop.es\/rfpn_itunes\" target=\"_blank\" rel=\"noopener noreferrer\">R\u00e1diofobia Podcast Network no Apple Podcasts<\/a><\/strong><br \/>\n&#8211; <strong><a href=\"https:\/\/open.spotify.com\/show\/4MDAxOhUxwCCfIbevseMOU?si=PhrKhgZ_RDuf3KGHZIvkmQ\" target=\"_blank\" rel=\"noopener noreferrer\">R\u00e1diofobia Podcast Network no Spotify<\/a><\/strong><br \/>\n&#8211; <a href=\"https:\/\/twitter.com\/radiofobialhes\" target=\"_blank\" rel=\"noopener noreferrer\">Siga <strong>@radiofobialhes<\/strong> no tuV\u00edtter<\/a><br \/>\n&#8211; <a href=\"https:\/\/www.facebook.com\/radiofobiapodcast\" target=\"_blank\" rel=\"noopener noreferrer\">Curta a p\u00e1gina do <strong>Radiofobia Podcast<\/strong> no Facebook<\/a><\/p>\n<p><span style=\"color: #990000;\"><strong>Ou\u00e7a o R\u00e1diofobia Podcast nos principais agregadores:<\/strong><\/span><br \/>\n&#8211; <strong><a href=\"https:\/\/leolop.es\/rfobia_spotify\" target=\"_blank\" rel=\"noopener noreferrer\">Spotify<\/a><\/strong><br \/>\n&#8211; <strong><a href=\"https:\/\/leolop.es\/rfobia_googlepod\" target=\"_blank\" rel=\"noopener noreferrer\">Google Podcasts<\/a><\/strong><br \/>\n&#8211; <strong><a href=\"https:\/\/http:\/\/leolop.es\/rfitunes\" target=\"_blank\" rel=\"noopener noreferrer\">Apple Podcasts<\/a><\/strong><br \/>\n&#8211; <strong><a href=\"http:\/\/leolop.es\/rfobia_amazon\" target=\"_blank\" rel=\"noopener\">Amazon Music<\/a><\/strong><br \/>\n&#8211; <strong><a href=\"https:\/\/pca.st\/V12f\" target=\"_blank\" rel=\"noopener noreferrer\">PocketCasts<\/a><\/strong><\/p>\n<p><span style=\"color: #990000;\"><strong>Publicidade:<\/strong><\/span><br \/>\n<a href=\"http:\/\/leolop.es\/rfcontato\" target=\"_blank\" rel=\"noopener noreferrer\"><strong>Entre em contato<\/strong><\/a> e saiba como <em>anunciar sua marca, produto ou servi\u00e7o em nossos podcasts<\/em>.<\/p>\n","protected":false},"excerpt":{"rendered":"<p>Neste epis\u00f3dio\u00a0batemos um papo com o Prof. Manga, do Quest\u00e3o de Linguagem, para explorar curiosidades da nossa l\u00edngua portuguesa!<\/p>\n","protected":false},"author":2,"featured_media":27911,"comment_status":"open","ping_status":"closed","sticky":false,"template":"","format":"standard","meta":{"footnotes":""},"categories":[13,35],"tags":[135,2878,2879,2880,1668,2849,11,1894,2882,14,2877,2875,2876,15,2881,2841],"class_list":["post-27898","post","type-post","status-publish","format-standard","has-post-thumbnail","hentry","category-podcast","category-radiofobia","tag-ao-vivo","tag-etimologia","tag-expressoes-idiomaticas","tag-gramatica","tag-jessica-dalcin","tag-lana-tavora","tag-leo-lopes","tag-live","tag-palavras","tag-podcast","tag-portugues","tag-prof-manga","tag-questao-de-linguagem","tag-radiofobia","tag-significado","tag-victor-estacio"],"_links":{"self":[{"href":"https:\/\/radiofobia.com.br\/podcast\/wp-json\/wp\/v2\/posts\/27898","targetHints":{"allow":["GET"]}}],"collection":[{"href":"https:\/\/radiofobia.com.br\/podcast\/wp-json\/wp\/v2\/posts"}],"about":[{"href":"https:\/\/radiofobia.com.br\/podcast\/wp-json\/wp\/v2\/types\/post"}],"author":[{"embeddable":true,"href":"https:\/\/radiofobia.com.br\/podcast\/wp-json\/wp\/v2\/users\/2"}],"replies":[{"embeddable":true,"href":"https:\/\/radiofobia.com.br\/podcast\/wp-json\/wp\/v2\/comments?post=27898"}],"version-history":[{"count":11,"href":"https:\/\/radiofobia.com.br\/podcast\/wp-json\/wp\/v2\/posts\/27898\/revisions"}],"predecessor-version":[{"id":27914,"href":"https:\/\/radiofobia.com.br\/podcast\/wp-json\/wp\/v2\/posts\/27898\/revisions\/27914"}],"wp:featuredmedia":[{"embeddable":true,"href":"https:\/\/radiofobia.com.br\/podcast\/wp-json\/wp\/v2\/media\/27911"}],"wp:attachment":[{"href":"https:\/\/radiofobia.com.br\/podcast\/wp-json\/wp\/v2\/media?parent=27898"}],"wp:term":[{"taxonomy":"category","embeddable":true,"href":"https:\/\/radiofobia.com.br\/podcast\/wp-json\/wp\/v2\/categories?post=27898"},{"taxonomy":"post_tag","embeddable":true,"href":"https:\/\/radiofobia.com.br\/podcast\/wp-json\/wp\/v2\/tags?post=27898"}],"curies":[{"name":"wp","href":"https:\/\/api.w.org\/{rel}","templated":true}]}}