{"id":27929,"date":"2023-02-20T14:31:19","date_gmt":"2023-02-20T17:31:19","guid":{"rendered":"https:\/\/radiofobia.com.br\/podcast\/?p=27929"},"modified":"2023-02-22T17:26:25","modified_gmt":"2023-02-22T20:26:25","slug":"radiofobia-347-com-gaveta","status":"publish","type":"post","link":"https:\/\/radiofobia.com.br\/podcast\/2023\/02\/radiofobia-347-com-gaveta\/","title":{"rendered":"RADIOFOBIA 347 &#8211; com GAVETA"},"content":{"rendered":"<p><iframe title=\"RADIOFOBIA 347 - com GAVETA\" src=\"https:\/\/omny.fm\/shows\/radiofobia-podcast\/radiofobia-347-com-gaveta\/embed\" width=\"100%\" height=\"180\" frameborder=\"0\"><\/iframe><\/p>\n<p>Sauda\u00e7\u00f5es ca\u00f3ticas, ouvinte radiofob\u00e9tico!<\/p>\n<p>\u00c0s v\u00e9speras de completar 14 anos no ar, nosso humilde podcast tem a honra de receber novamente, pouco mais de 10 anos depois, <strong>o editor mais conhecido e ca\u00f3tico da internet brasileira<\/strong>!<\/p>\n<p>\u00c9 hora de\u00a0<strong><a href=\"https:\/\/www.instagram.com\/leoradiofobia\/\" target=\"_blank\" rel=\"noopener noreferrer\">Leo Lopes<\/a>,\u00a0<a href=\"https:\/\/www.instagram.com\/estaciojv\/\">Victor Est\u00e1cio<\/a>,\u00a0<a href=\"https:\/\/www.instagram.com\/juliomcg\/\">J\u00falio Macoggi<\/a>,\u00a0<\/strong><a href=\"https:\/\/www.instagram.com\/jessicadalcindasilva\/\"><strong>J\u00e9ssica Dalcin<\/strong><\/a>\u00a0e\u00a0<a href=\"https:\/\/www.instagram.com\/jeftherbarbosa\/\"><strong>Jef Barbosa<\/strong><\/a>\u00a0e saberem tudo o que mudou nesse meio tempo na vida do nosso querido amigo <a href=\"https:\/\/www.instagram.com\/gaveta\/\"><strong>GAVETA<\/strong><\/a>!<\/p>\n<p>N\u00e3o deixe de <strong>interagir com a gente nas redes sociais<\/strong>, <strong>dar seu feedback sobre o papo e sugerir temas e convidados<\/strong>\u00a0para as pr\u00f3ximas edi\u00e7\u00f5es do nosso podcast, al\u00e9m de\u00a0<strong>deixar seu coment\u00e1rio no post,<\/strong> ok? Voc\u00ea tamb\u00e9m pode agora mandar sua cartinha para a <strong>Caixa Postal 279 &#8211; CEP 13930-970 &#8211; Serra Negra &#8211; SP<\/strong>, e seu e-mail para <strong><a title=\"[GMCP] Compose a new mail to podcast@radiofobia.com.br\" href=\"mailto:podcast@radiofobia.com.br\" target=\"blank\" rel=\"noopener noreferrer\">podcast@radiofobia.com.br<\/a><\/strong>!<\/p>\n<p><strong><span style=\"color: #990000;\">Arte do epis\u00f3dio:<\/span><\/strong>\u00a0<a href=\"https:\/\/twitter.com\/shapeedits\">Caio Cardinot<\/a><\/p>\n<p><iframe title=\"YouTube video player\" src=\"https:\/\/www.youtube.com\/embed\/kO-v9P-yLHo\" frameborder=\"0\" allowfullscreen=\"allowfullscreen\"><span data-mce-type=\"bookmark\" style=\"display: inline-block; width: 0px; overflow: hidden; line-height: 0;\" class=\"mce_SELRES_start\">\ufeff<\/span><\/iframe><\/p>\n<p><strong><span style=\"color: #990000;\">Links citados no epis\u00f3dio:<\/span><\/strong><br \/>\n&#8211; <a href=\"https:\/\/radiofobia.com.br\/podcast\/2012\/09\/radiofobia-95-essa-louca-vida-de-editor\/\">RADIOFOBIA 95 &#8211; Essa louca VIDA DE EDITOR!<\/a><br \/>\n&#8211; <a href=\"https:\/\/www.youtube.com\/@gaveta\">canal GAVETA no YouTube<\/a><br \/>\n&#8211; <a href=\"https:\/\/www.lolja.com.br\/parceiros\/gaveta\/\">camisetas GAVETA<\/a><\/p>\n<p><strong><span style=\"color: #990000;\">Links citados nas Cartinhas do Tot\u00f4:<\/span><\/strong><br \/>\n&#8211; <a href=\"https:\/\/www.castnews.com.br\/\">assine a newsletter semanal do <strong>Castnews, a maior plataforma de not\u00edcias para podcasters do Brasil<\/strong><\/a><br \/>\n&#8211; <a href=\"https:\/\/www.castnews.com.br\/category\/podcast\/\">ou\u00e7a o <strong>podcast semanal do Castnews<\/strong><\/a><br \/>\n&#8211; <a href=\"https:\/\/t.me\/castnews_br\" target=\"_blank\" rel=\"noopener\">entre no canal do <strong>Castnews no Telegram<\/strong><\/a><br \/>\n&#8211; <a href=\"https:\/\/cursodepodcast.com\/\">assine o canal do <strong>Curso de Podcast<\/strong> no YouTube<\/a><br \/>\n&#8211; <a href=\"https:\/\/t.me\/ocursodepodcast\">participe do <strong>grupo do Curso de Podcast no Telegram<\/strong><\/a><br \/>\n&#8211; <a href=\"https:\/\/t.me\/radiofobianetwork\" target=\"_blank\" rel=\"noopener noreferrer\">participe do <strong>grupo de produtores, apresentadores e ouvintes dos podcasts da R\u00e1diofobia Podcast Network no Telegram<\/strong><\/a><br \/>\n&#8211; <a href=\"http:\/\/leolop.es\/rfobiayoutube\" target=\"_blank\" rel=\"noopener noreferrer\">assine o canal da <strong>R\u00e1diofobia Podcast Network no YouTube<\/strong>!<\/a><br \/>\n&#8211; <a href=\"https:\/\/www.twitch.tv\/radiofobialive\" target=\"_blank\" rel=\"noopener noreferrer\">assine o canal da <strong>R\u00e1diofobia Podcast Network no Twitch<\/strong>!<\/a><br \/>\n&#8211; <strong><a href=\"http:\/\/leolop.es\/rfpn_itunes\" target=\"_blank\" rel=\"noopener noreferrer\">R\u00e1diofobia Podcast Network no Apple Podcasts<\/a><\/strong><br \/>\n&#8211; <strong><a href=\"https:\/\/open.spotify.com\/show\/4MDAxOhUxwCCfIbevseMOU?si=PhrKhgZ_RDuf3KGHZIvkmQ\" target=\"_blank\" rel=\"noopener noreferrer\">R\u00e1diofobia Podcast Network no Spotify<\/a><\/strong><br \/>\n&#8211; <a href=\"https:\/\/twitter.com\/radiofobialhes\" target=\"_blank\" rel=\"noopener noreferrer\">Siga <strong>@radiofobialhes<\/strong> no tuV\u00edtter<\/a><br \/>\n&#8211; <a href=\"https:\/\/www.facebook.com\/radiofobiapodcast\" target=\"_blank\" rel=\"noopener noreferrer\">Curta a p\u00e1gina do <strong>Radiofobia Podcast<\/strong> no Facebook<\/a><\/p>\n<p><span style=\"color: #990000;\"><strong>Ou\u00e7a o R\u00e1diofobia Podcast nos principais agregadores:<\/strong><\/span><br \/>\n&#8211; <strong><a href=\"https:\/\/leolop.es\/rfobia_spotify\" target=\"_blank\" rel=\"noopener noreferrer\">Spotify<\/a><\/strong><br \/>\n&#8211; <strong><a href=\"https:\/\/leolop.es\/rfobia_googlepod\" target=\"_blank\" rel=\"noopener noreferrer\">Google Podcasts<\/a><\/strong><br \/>\n&#8211; <strong><a href=\"https:\/\/http:\/\/leolop.es\/rfitunes\" target=\"_blank\" rel=\"noopener noreferrer\">Apple Podcasts<\/a><\/strong><br \/>\n&#8211; <strong><a href=\"http:\/\/leolop.es\/rfobia_amazon\" target=\"_blank\" rel=\"noopener\">Amazon Music<\/a><\/strong><br \/>\n&#8211; <strong><a href=\"https:\/\/pca.st\/V12f\" target=\"_blank\" rel=\"noopener noreferrer\">PocketCasts<\/a><\/strong><\/p>\n<p><span style=\"color: #990000;\"><strong>Publicidade:<\/strong><\/span><br \/>\n<a href=\"http:\/\/leolop.es\/rfcontato\" target=\"_blank\" rel=\"noopener noreferrer\"><strong>Entre em contato<\/strong><\/a> e saiba como <em>anunciar sua marca, produto ou servi\u00e7o em nossos podcasts<\/em>.<\/p>\n","protected":false},"excerpt":{"rendered":"<p>\u00c0s v\u00e9speras de completar 14 anos no ar, nosso humilde podcast tem a honra de receber novamente, pouco mais de 10 anos depois, nosso amigo Anderson Gaveta!<\/p>\n","protected":false},"author":2,"featured_media":27947,"comment_status":"open","ping_status":"closed","sticky":false,"template":"","format":"standard","meta":{"footnotes":""},"categories":[13,35],"tags":[544,135,2867,2865,2862,2863,1362,1090,1668,187,2132,11,1894,2866,14,15,2864,2841,180,103],"class_list":["post-27929","post","type-post","status-publish","format-standard","has-post-thumbnail","hentry","category-podcast","category-radiofobia","tag-anderson-gaveta","tag-ao-vivo","tag-edicao-de-video","tag-gato-miopia","tag-gaveta","tag-gaveta-filmes","tag-historias","tag-jef-barbosa","tag-jessica-dalcin","tag-jovem-nerd","tag-julio-macoggi","tag-leo-lopes","tag-live","tag-non-senso","tag-podcast","tag-radiofobia","tag-sean-anthony","tag-victor-estacio","tag-video","tag-videos"],"_links":{"self":[{"href":"https:\/\/radiofobia.com.br\/podcast\/wp-json\/wp\/v2\/posts\/27929","targetHints":{"allow":["GET"]}}],"collection":[{"href":"https:\/\/radiofobia.com.br\/podcast\/wp-json\/wp\/v2\/posts"}],"about":[{"href":"https:\/\/radiofobia.com.br\/podcast\/wp-json\/wp\/v2\/types\/post"}],"author":[{"embeddable":true,"href":"https:\/\/radiofobia.com.br\/podcast\/wp-json\/wp\/v2\/users\/2"}],"replies":[{"embeddable":true,"href":"https:\/\/radiofobia.com.br\/podcast\/wp-json\/wp\/v2\/comments?post=27929"}],"version-history":[{"count":11,"href":"https:\/\/radiofobia.com.br\/podcast\/wp-json\/wp\/v2\/posts\/27929\/revisions"}],"predecessor-version":[{"id":27948,"href":"https:\/\/radiofobia.com.br\/podcast\/wp-json\/wp\/v2\/posts\/27929\/revisions\/27948"}],"wp:featuredmedia":[{"embeddable":true,"href":"https:\/\/radiofobia.com.br\/podcast\/wp-json\/wp\/v2\/media\/27947"}],"wp:attachment":[{"href":"https:\/\/radiofobia.com.br\/podcast\/wp-json\/wp\/v2\/media?parent=27929"}],"wp:term":[{"taxonomy":"category","embeddable":true,"href":"https:\/\/radiofobia.com.br\/podcast\/wp-json\/wp\/v2\/categories?post=27929"},{"taxonomy":"post_tag","embeddable":true,"href":"https:\/\/radiofobia.com.br\/podcast\/wp-json\/wp\/v2\/tags?post=27929"}],"curies":[{"name":"wp","href":"https:\/\/api.w.org\/{rel}","templated":true}]}}