{"id":28124,"date":"2023-06-26T10:00:30","date_gmt":"2023-06-26T13:00:30","guid":{"rendered":"https:\/\/radiofobia.com.br\/podcast\/?p=28124"},"modified":"2023-06-23T16:03:34","modified_gmt":"2023-06-23T19:03:34","slug":"curso-de-podcast-013-construindo-pontes-com-o-podcast","status":"publish","type":"post","link":"https:\/\/radiofobia.com.br\/podcast\/2023\/06\/curso-de-podcast-013-construindo-pontes-com-o-podcast\/","title":{"rendered":"Curso de Podcast #013 &#8211; Construindo pontes com o podcast"},"content":{"rendered":"<p><iframe title=\"Curso de Podcast #013 - Construindo pontes com o podcast\" src=\"https:\/\/omny.fm\/shows\/alo-tenica\/curso-de-podcast-013-construindo-pontes-com-o-podc\/embed\" width=\"100%\" height=\"180\" frameborder=\"0\"><\/iframe><\/p>\n<p><em><strong>Sauda\u00e7\u00f5es, ouvinte entusiasta do podcast!<\/strong><\/em><\/p>\n<p>Est\u00e1 no ar o <a href=\"http:\/\/cursodepodcast.com\" target=\"_blank\" rel=\"noopener\"><strong>Curso de Podcast<\/strong><\/a>, o seu\u00a0podcast sobre produ\u00e7\u00e3o de podcasts apresentado por\u00a0<strong><a style=\"font-weight: bold;\" href=\"http:\/\/twitter.com\/leoradiofobia\" target=\"_blank\" rel=\"noopener noreferrer\">Leo Lopes<\/a><\/strong>!<\/p>\n<p>Quem ouve #podcast a um certo tempo j\u00e1 conhece algumas caracter\u00edsticas intr\u00ednsecas dessa m\u00eddia como versatilidade, disponibilidade, facilidade de produ\u00e7\u00e3o (se comparado \u00e0 outras m\u00eddias), potencial de engajamento, variedade de temas e diversidade dos participantes entre outras.<\/p>\n<p>No entanto, existe uma outra caracter\u00edstica important\u00edssima do podcast que, se bem trabalhada, pode gerar mudan\u00e7as efetivas nas vidas de quem produz e de quem ouve: a capacidade de gerar bons relacionamentos!<\/p>\n<p>Para conversar sobre como o podcast pode ser uma ferramenta efetiva na constru\u00e7\u00e3o de pontes entre as pessoas, neste epis\u00f3dio do <strong>Curso de Podcast<\/strong> <a href=\"https:\/\/leolopes.com.br\/\"><strong>Leo Lopes<\/strong><\/a> recebe o podcaster brasileiro radicado no Jap\u00e3o <a href=\"https:\/\/www.instagram.com\/nabecastjp\/\"><strong>Carlinhos Vilaronga<\/strong><\/a>, um dos criadores do <a href=\"https:\/\/www.instagram.com\/podnipobr\/\"><strong>Coletivo<\/strong>\u00a0<strong>Podosfera Nipo-Brasileira<\/strong><\/a>, que tem excelentes experi\u00eancias para compartilhar!<\/p>\n<p><iframe title=\"YouTube video player\" src=\"https:\/\/www.youtube.com\/embed\/xUPbdU-adz0\" frameborder=\"0\" allowfullscreen=\"allowfullscreen\"><span data-mce-type=\"bookmark\" style=\"display: inline-block; width: 0px; overflow: hidden; line-height: 0;\" class=\"mce_SELRES_start\">\ufeff<\/span><\/iframe><\/p>\n<p>N\u00e3o se esque\u00e7a que voc\u00ea sempre pode <strong>interagir conosco nas redes sociais<\/strong>\u00a0e principalmente\u00a0<strong>deixar seu feedback aqui embaixo, na sess\u00e3o de coment\u00e1rios do post,\u00a0<\/strong>compartilhando conosco e com todos os ouvintes do <strong>Curso de Podcast<\/strong> as suas pr\u00f3prias reflex\u00f5es a respeito do podcast!<\/p>\n<p>Mande tamb\u00e9m sua d\u00favida, pergunta ou sugest\u00e3o tema e convidado, para que possamos continuar produzindo um conte\u00fado que ajude voc\u00ea a arrega\u00e7ar as mangas e fazer o seu pr\u00f3prio podcast!<\/p>\n<p><a href=\"https:\/\/alura.com.br\/promocao\/cursodepodcast\" target=\"_blank\" rel=\"noopener\"><img fetchpriority=\"high\" decoding=\"async\" class=\"wp-image-27316 size-full aligncenter\" src=\"https:\/\/radiofobia.com.br\/podcast\/wp-content\/uploads\/2022\/06\/banner-site_alura.png\" alt=\"\" width=\"970\" height=\"250\" srcset=\"https:\/\/radiofobia.com.br\/podcast\/wp-content\/uploads\/2022\/06\/banner-site_alura.png 970w, https:\/\/radiofobia.com.br\/podcast\/wp-content\/uploads\/2022\/06\/banner-site_alura-300x77.png 300w, https:\/\/radiofobia.com.br\/podcast\/wp-content\/uploads\/2022\/06\/banner-site_alura-150x39.png 150w, https:\/\/radiofobia.com.br\/podcast\/wp-content\/uploads\/2022\/06\/banner-site_alura-768x198.png 768w, https:\/\/radiofobia.com.br\/podcast\/wp-content\/uploads\/2022\/06\/banner-site_alura-350x90.png 350w, https:\/\/radiofobia.com.br\/podcast\/wp-content\/uploads\/2022\/06\/banner-site_alura-800x206.png 800w, https:\/\/radiofobia.com.br\/podcast\/wp-content\/uploads\/2022\/06\/banner-site_alura-400x103.png 400w\" sizes=\"(max-width: 970px) 100vw, 970px\" \/><\/a><\/p>\n<p><strong><span style=\"color: #990000;\">Este programa foi patrocinado por <span style=\"text-decoration: underline;\">Alura Cursos de Tecnologia<\/span>:<\/span><\/strong><br \/>\n&#8211; J\u00e1 s\u00e3o <strong>mais de<\/strong>\u00a0<strong>1300 cursos online!<\/strong><br \/>\n&#8211; Acesse: <a href=\"http:\/\/www.alura.com.br\/promocao\/cursodepodcast\" target=\"_blank\" rel=\"noopener noreferrer\"><strong>http:\/\/www.alura.com.br\/promocao\/cursodepodcast<\/strong><\/a><br \/>\n&#8211; <a href=\"https:\/\/leolop.es\/alura_podcast\" target=\"_blank\" rel=\"noopener noreferrer\">Inscreva-se no <strong>Curso de PRODU\u00c7\u00c3O de Podcast com Leo Lopes<\/strong> na Alura!<\/a><br \/>\n&#8211; <a href=\"https:\/\/leolop.es\/alura_podcast2\" target=\"_blank\" rel=\"noopener noreferrer\">Inscreva-se no <strong>Curso de EDI\u00c7\u00c3O de Podcast com Leo Lopes<\/strong> na Alura!<\/a><\/p>\n<p><strong><span style=\"color: #990000;\">Links citados no programa:\u00a0<\/span><\/strong><br \/>\n&#8211; <a href=\"https:\/\/cur.to\/nabecast\">conhe\u00e7a o trabalho e os podcasts da <strong>Nabecast<\/strong><\/a><\/p>\n<p><strong><span style=\"color: #990000;\">Cr\u00e9ditos do epis\u00f3dio:<\/span><\/strong><br \/>\n&#8211; Produ\u00e7\u00e3o geral, apresenta\u00e7\u00e3o, capta\u00e7\u00e3o e edi\u00e7\u00e3o: <a href=\"http:\/\/twitter.com\/leoradiofobia\">Leo Lopes<\/a><br \/>\n&#8211; Identidade Visual:\u00a0<a href=\"https:\/\/www.behance.net\/dellacolletta\" target=\"_blank\" rel=\"noopener\">Gui Dellacolletta<\/a><br \/>\n&#8211; Arte do Epis\u00f3dio: <a href=\"https:\/\/www.instagram.com\/canog_designevideo\/\">Camila Nogueira<\/a><\/p>\n<p>\ud83d\udcda<a href=\"https:\/\/leolop.es\/pgbebook\" target=\"_blank\" rel=\"noopener\"><strong><span style=\"color: #990000;\"><span style=\"text-decoration: underline;\">\u00a0CLIQUE AQUI para baixar a vers\u00e3o em e-book do livro &#8220;Podcast: Guia B\u00e1sico&#8221;<\/span>!<\/span><\/strong><\/a><\/p>\n<p><strong><span style=\"color: #990000;\">Interaja com a gente:<\/span><\/strong><br \/>\n&#8211; <a href=\"https:\/\/t.me\/radiofobianetwork\" target=\"_blank\" rel=\"noopener noreferrer\">participe do <strong>grupo de produtores, apresentadores e ouvintes dos podcasts da R\u00e1diofobia Podcast Network<\/strong> no Telegram<\/a><br \/>\n&#8211; <a href=\"https:\/\/t.me\/ocursodepodcast\">participe do <strong>grupo do Curso de Podcast<\/strong> no Telegram<\/a><br \/>\n&#8211; <a href=\"https:\/\/www.youtube.com\/user\/cursodepodcast\" target=\"_blank\" rel=\"noopener noreferrer\">Inscreva-se no canal do <strong>Curso de Podcast<\/strong> no YouTube<\/a><br \/>\n&#8211; <a href=\"https:\/\/twitter.com\/CursoDePodcast\" target=\"_blank\" rel=\"noopener noreferrer\">Siga o <strong>@cursodepodcast<\/strong> no Twitter<\/a><br \/>\n&#8211; <a href=\"http:\/\/twitter.com\/leoradiofobia\" target=\"_blank\" rel=\"noopener noreferrer\">Siga o <strong>@leoradiofobia<\/strong> no Twitter<\/a><br \/>\n&#8211; <a href=\"http:\/\/twitter.com\/radiofobia\" target=\"_blank\" rel=\"noopener noreferrer\">Siga a <strong>@radiofobia<\/strong> no Twitter<\/a><br \/>\n&#8211; <a href=\"https:\/\/www.facebook.com\/cursodepodcast\" target=\"_blank\" rel=\"noopener noreferrer\">Curta a p\u00e1gina do <strong>Curso de Podcast<\/strong> no Facebook<\/a><br \/>\n&#8211;\u00a0<a href=\"https:\/\/www.facebook.com\/radiofobiapodcast\" target=\"_blank\" rel=\"noopener noreferrer\">Curta a p\u00e1gina do\u00a0<strong>RADIOFOBIA<\/strong>\u00a0no Facebook<\/a><br \/>\n&#8211;\u00a0<a href=\"https:\/\/www.facebook.com\/radiofobiapm\" target=\"_blank\" rel=\"noopener noreferrer\">Curta a p\u00e1gina da\u00a0<strong>RADIOFOBIA Podcast e Multim\u00eddia<\/strong>\u00a0no Facebook<\/a><\/p>\n<p><span style=\"color: #990000;\"><strong>Ou\u00e7a o Curso de Podcast nos principais agregadores:<\/strong><\/span><br \/>\n&#8211; <a href=\"https:\/\/leolop.es\/alotenica_spotify\" target=\"_blank\" rel=\"noopener noreferrer\">Spotify<\/a><br \/>\n&#8211; <a href=\"https:\/\/leolop.es\/alotenica_googlepod\" target=\"_blank\" rel=\"noopener noreferrer\">Google Podcasts<\/a><br \/>\n&#8211; <a href=\"https:\/\/leolop.es\/rfpn_itunes\" target=\"_blank\" rel=\"noopener\">Apple Podcasts<\/a><br \/>\n&#8211; <a href=\"http:\/\/leolop.es\/alotenica_amazon\" target=\"_blank\" rel=\"noopener\">Amazon Music<\/a><br \/>\n&#8211; <a href=\"https:\/\/pca.st\/b2lM\" target=\"_blank\" rel=\"noopener noreferrer\">PocketCasts<\/a><\/p>\n<p><span style=\"color: #990000;\"><strong>E-mails:<\/strong><\/span><br \/>\nAjude-nos a fazer o programa enviando sua <em>colabora\u00e7\u00e3o<\/em>, <em>d\u00favida<\/em> ou <em>sugest\u00e3o de pauta<\/em> para <a href=\"mailto:cursodepodcast@gmail.com\" target=\"_blank\" rel=\"noopener\"><strong>cursodepodcast@gmail.com<\/strong><\/a>!<\/p>\n<p><span style=\"color: #990000;\"><strong>Publicidade:<\/strong><\/span><br \/>\n<a href=\"http:\/\/leolop.es\/rfcontato\" target=\"_blank\" rel=\"noopener noreferrer\"><strong>Entre em contato<\/strong><\/a> e saiba como <em>anunciar sua marca, produto ou servi\u00e7o em nossos podcasts<\/em>.<\/p>\n","protected":false},"excerpt":{"rendered":"<p>Neste epis\u00f3dio Leo Lopes recebe o podcaster brasileiro radicado no Jap\u00e3o Carlinhos Vilaronga pra bater um papo sobre como criar bons relacionamentos com o podcast!<\/p>\n","protected":false},"author":2,"featured_media":28125,"comment_status":"open","ping_status":"closed","sticky":false,"template":"","format":"standard","meta":{"footnotes":""},"categories":[358,13],"tags":[2825,2952,2856,395,2854,362,2826,2855,1362,11,1894,2951,93,14,2954,2953,365,15,2857,367],"class_list":["post-28124","post","type-post","status-publish","format-standard","has-post-thumbnail","hentry","category-cursodepodcast","category-podcast","tag-audiencia","tag-carlinhos-vilaronga","tag-comunidade","tag-curso-de-podcast","tag-download","tag-edicao","tag-engajamento","tag-fidelizacao","tag-historias","tag-leo-lopes","tag-live","tag-nabecast","tag-ouvintes","tag-podcast","tag-podosfera-nipo-brasileira","tag-pontes","tag-producao","tag-radiofobia","tag-telegram","tag-tutorial"],"_links":{"self":[{"href":"https:\/\/radiofobia.com.br\/podcast\/wp-json\/wp\/v2\/posts\/28124","targetHints":{"allow":["GET"]}}],"collection":[{"href":"https:\/\/radiofobia.com.br\/podcast\/wp-json\/wp\/v2\/posts"}],"about":[{"href":"https:\/\/radiofobia.com.br\/podcast\/wp-json\/wp\/v2\/types\/post"}],"author":[{"embeddable":true,"href":"https:\/\/radiofobia.com.br\/podcast\/wp-json\/wp\/v2\/users\/2"}],"replies":[{"embeddable":true,"href":"https:\/\/radiofobia.com.br\/podcast\/wp-json\/wp\/v2\/comments?post=28124"}],"version-history":[{"count":5,"href":"https:\/\/radiofobia.com.br\/podcast\/wp-json\/wp\/v2\/posts\/28124\/revisions"}],"predecessor-version":[{"id":28152,"href":"https:\/\/radiofobia.com.br\/podcast\/wp-json\/wp\/v2\/posts\/28124\/revisions\/28152"}],"wp:featuredmedia":[{"embeddable":true,"href":"https:\/\/radiofobia.com.br\/podcast\/wp-json\/wp\/v2\/media\/28125"}],"wp:attachment":[{"href":"https:\/\/radiofobia.com.br\/podcast\/wp-json\/wp\/v2\/media?parent=28124"}],"wp:term":[{"taxonomy":"category","embeddable":true,"href":"https:\/\/radiofobia.com.br\/podcast\/wp-json\/wp\/v2\/categories?post=28124"},{"taxonomy":"post_tag","embeddable":true,"href":"https:\/\/radiofobia.com.br\/podcast\/wp-json\/wp\/v2\/tags?post=28124"}],"curies":[{"name":"wp","href":"https:\/\/api.w.org\/{rel}","templated":true}]}}