{"id":28195,"date":"2023-08-08T11:57:30","date_gmt":"2023-08-08T14:57:30","guid":{"rendered":"https:\/\/radiofobia.com.br\/podcast\/?p=28195"},"modified":"2023-10-11T15:54:12","modified_gmt":"2023-10-11T18:54:12","slug":"voz-off-072-cesar-rosa","status":"publish","type":"post","link":"https:\/\/radiofobia.com.br\/podcast\/2023\/08\/voz-off-072-cesar-rosa\/","title":{"rendered":"VOZ OFF 072 &#8211; Cesar Rosa"},"content":{"rendered":"<p><iframe title=\"VOZ 0FF 072 - Cesar Rosa\" src=\"https:\/\/omny.fm\/shows\/voz-off\/voz-0ff-072-cesar-rosa\/embed\" width=\"100%\" height=\"180\" frameborder=\"0\"><\/iframe><\/p>\n<p><em><strong>Sauda\u00e7\u00f5es, ouvintes apaixonados por locu\u00e7\u00e3o. Est\u00e1 NO AR o\u00a0<\/strong><\/em><em><strong>72\u00ba podcast VOZ OFF!<\/strong><\/em><\/p>\n<p><span style=\"color: #666666;\">Neste epis\u00f3dio, <strong><a href=\"https:\/\/twitter.com\/antonioviviani\" target=\"_blank\" rel=\"noopener noreferrer\" data-saferedirecturl=\"https:\/\/www.google.com\/url?q=https:\/\/twitter.com\/antonioviviani&amp;source=gmail&amp;ust=1547142011247000&amp;usg=AFQjCNGZ8kg3VQj-BI_K7dDR21HNmPxEOA\">Ant\u00f4nio Viviani<\/a>\u00a0<\/strong>e\u00a0<strong><a href=\"https:\/\/twitter.com\/nicolalauletta\" target=\"_blank\" rel=\"noopener noreferrer\" data-saferedirecturl=\"https:\/\/www.google.com\/url?q=https:\/\/twitter.com\/nicolalauletta&amp;source=gmail&amp;ust=1547142011247000&amp;usg=AFQjCNEexDjV314C4BXxGZ5bnNDyXJ1YVg\">Nicola Lauletta<\/a>\u00a0<\/strong><\/span>conversam com mais uma grande voz do r\u00e1dio e da publicidade.<\/p>\n<p>Nascido em S\u00e3o Joaquim da Barra &#8211; SP, ca\u00e7ula tempor\u00e3o de 7 irm\u00e3os, desde moleque recebeu influ\u00eancia dos irm\u00e3os mais velhos que ouviam r\u00e1dio de manh\u00e3 cedo, antes de irem trabalhar.<\/p>\n<p>Come\u00e7ou a trabalhar em contabilidade, mas adorava ouvir r\u00e1dio, o H\u00e9lio Ribeiro e n\u00e3o pensava em outra coisa a n\u00e3o ser fazer a mesma coisa do \u00eddolo.<\/p>\n<p>Quando soube de um teste na r\u00e1dio local se apresentou e devido a uma confus\u00e3o na hora do teste, ganhou a oportunidade de trabalhar. Detalhe: tinha 13 anos, mas era alto e tinha a voz grave e o detalhe da idade passou sem que ningu\u00e9m notasse inicialmente.<\/p>\n<p>Com o tempo, procurou outras alternativas na regi\u00e3o at\u00e9 saber de um teste na R\u00e1dio Excelsior em S\u00e3o Paulo, conseguiu vir fazer o teste e foi aprovado pelo Antonio Celso, em 1979.<\/p>\n<p>A Excelsior era uma grande vitrine e ele acabou recebendo um convite para estrear uma nova emissora que seria um grande sucesso em S\u00e3o Paulo, assim como j\u00e1 era no Rio de Janeiro: a R\u00e1dio Cidade FM, em 1980.<\/p>\n<p>Quem vai nos contar essa hist\u00f3ria de sucesso no r\u00e1dio e depois na publicidade \u00e9 o <strong>Cesar Rosa<\/strong>.<\/p>\n<p>A conversa aconteceu em <strong>julho de 2023<\/strong> e voc\u00ea vai saber que ele trabalhou e fez sucesso em muitas grandes emissoras de r\u00e1dio em S\u00e3o Paulo e inclusive em Lisboa &#8211; Portugal, para onde levou o projeto da R\u00e1dio Cidade brasileira, sem contar os in\u00fameros comerciais de publicidade que sempre fez paralelamente ao trabalho no r\u00e1dio.<\/p>\n<p>Com a gente, e pra voc\u00eas: <strong>CESAR ROSA<\/strong>!<\/p>\n<p><strong style=\"color: #990000;\">Para seguir nas redes sociais:<\/strong><br \/>\n&#8211; <a href=\"https:\/\/www.facebook.com\/podcastvozoff\/\" target=\"_blank\" rel=\"noopener noreferrer\">Curta a p\u00e1gina do podcast <strong>Voz Off<\/strong> no Facebook<\/a><br \/>\n&#8211; <a href=\"https:\/\/twitter.com\/podcastvozoff\" target=\"_blank\" rel=\"noopener noreferrer\">Siga o <strong>@podcastvozoff<\/strong> no Twitter<\/a><br \/>\n&#8211; <a href=\"https:\/\/www.facebook.com\/antoniovivianilocutor\/\" target=\"_blank\" rel=\"noopener noreferrer\">Curta a p\u00e1gina do <strong>Antonio Viviani<\/strong> no Facebook<\/a><br \/>\n&#8211; <a href=\"https:\/\/twitter.com\/antonioviviani\" target=\"_blank\" rel=\"noopener noreferrer\">Siga o <strong>@antonioviviani<\/strong> no Twitter<\/a><br \/>\n&#8211; <a href=\"https:\/\/www.instagram.com\/antonio.viviani\/\" target=\"_blank\" rel=\"noopener noreferrer\">Siga o <strong>@antonio.viviani<\/strong> no Instagram<\/a><br \/>\n&#8211; <a href=\"https:\/\/twitter.com\/nicolalauletta\" target=\"_blank\" rel=\"noopener noreferrer\">Siga o <strong>@nicolalauletta<\/strong> no Twitter<\/a><br \/>\n&#8211; <a href=\"https:\/\/www.facebook.com\/EchosStudios\" target=\"_blank\" rel=\"noopener noreferrer\">Curta a p\u00e1gina do <strong>Echo&#8217;s Studio<\/strong> no Facebook<\/a><br \/>\n&#8211; <a href=\"https:\/\/www.facebook.com\/vozaobra\/\" target=\"_blank\" rel=\"noopener noreferrer\">Curta a p\u00e1gina do <strong>Workshop de Locu\u00e7\u00e3o Voz A Obra<\/strong>\u00a0no Facebook<\/a><br \/>\n&#8211; <a href=\"http:\/\/leolop.es\/textosentido\" target=\"_blank\" rel=\"noopener noreferrer\">Ou\u00e7a tamb\u00e9m o podcast <strong>TEXTO SENTIDO<\/strong> com Ant\u00f4nio Viviani<\/a><\/p>\n<p><strong style=\"color: #990000;\">Assine o FEED do Voz Off:<\/strong><br \/>\nPara ouvir o Voz Off no seu agregador de podcasts preferido, <a href=\"http:\/\/leolop.es\/feedvozoff\" target=\"_blank\" rel=\"noopener noreferrer\"><strong>clique aqui e assine o nosso FEED<\/strong><\/a>!<\/p>\n<p><strong style=\"color: #990000;\">Assine e avalie nosso podcast no iTunes:<\/strong><br \/>\nSe voc\u00ea usa o<strong> iTunes<\/strong> no seu computador, tablet ou smartphone, <a href=\"https:\/\/itunes.apple.com\/us\/podcast\/id1252595385\" target=\"_blank\" rel=\"noopener noreferrer\"><strong>assine e avalie nosso podcast clicando aqui<\/strong><\/a>!<\/p>\n<p><strong style=\"color: #990000;\">Voz Off no Spotify:<\/strong><br \/>\nCaso prefira ouvir o <strong>Voz Off <\/strong>no<strong> Spotify<\/strong>, <a href=\"https:\/\/open.spotify.com\/show\/16gSvztELYfMu42Vu22gug?si=UW6_DO3bQwaYUt4aNjb4TQ\" target=\"_blank\" rel=\"noopener noreferrer\"><strong>\u00e9 s\u00f3 clicar aqui e assinar o nosso podcast no servi\u00e7o de streaming<\/strong><\/a>!<\/p>\n<p><span style=\"color: #990000;\"><strong>E-mails:<\/strong><\/span><br \/>\nMande seu feedback pra gente atrav\u00e9s do e-mail\u00a0<a href=\"mailto:podcastvozoff@gmail.com\"><strong>podcastvozoff@gmail.com<\/strong><\/a>!<\/p>\n<p><span style=\"color: #990000;\"><strong>Publicidade:<\/strong><\/span><br \/>\n<a href=\"http:\/\/leolop.es\/rfcontato\" target=\"_blank\" rel=\"noopener noreferrer\"><strong>Entre em contato<\/strong><\/a> e saiba como <em>anunciar sua marca, produto ou servi\u00e7o em nossos podcasts<\/em>.<\/p>\n","protected":false},"excerpt":{"rendered":"<p>Antonio Viviani e Nicola Lauletta ouvem a hist\u00f3ria de sucesso no r\u00e1dio e depois na publicidade do locutor Cesar Rosa!<\/p>\n","protected":false},"author":2,"featured_media":28197,"comment_status":"open","ping_status":"closed","sticky":false,"template":"","format":"standard","meta":{"footnotes":""},"categories":[13,1220],"tags":[675,2768,1221,14,419,90,1088,2608,471,2994],"class_list":["post-28195","post","type-post","status-publish","format-standard","has-post-thumbnail","hentry","category-podcast","category-vozoff","tag-antonio-viviani","tag-cesar-rosa","tag-nicola-lauletta","tag-podcast","tag-publicidade","tag-radio","tag-televisao","tag-tv","tag-voz","tag-vozoff"],"_links":{"self":[{"href":"https:\/\/radiofobia.com.br\/podcast\/wp-json\/wp\/v2\/posts\/28195","targetHints":{"allow":["GET"]}}],"collection":[{"href":"https:\/\/radiofobia.com.br\/podcast\/wp-json\/wp\/v2\/posts"}],"about":[{"href":"https:\/\/radiofobia.com.br\/podcast\/wp-json\/wp\/v2\/types\/post"}],"author":[{"embeddable":true,"href":"https:\/\/radiofobia.com.br\/podcast\/wp-json\/wp\/v2\/users\/2"}],"replies":[{"embeddable":true,"href":"https:\/\/radiofobia.com.br\/podcast\/wp-json\/wp\/v2\/comments?post=28195"}],"version-history":[{"count":3,"href":"https:\/\/radiofobia.com.br\/podcast\/wp-json\/wp\/v2\/posts\/28195\/revisions"}],"predecessor-version":[{"id":28300,"href":"https:\/\/radiofobia.com.br\/podcast\/wp-json\/wp\/v2\/posts\/28195\/revisions\/28300"}],"wp:featuredmedia":[{"embeddable":true,"href":"https:\/\/radiofobia.com.br\/podcast\/wp-json\/wp\/v2\/media\/28197"}],"wp:attachment":[{"href":"https:\/\/radiofobia.com.br\/podcast\/wp-json\/wp\/v2\/media?parent=28195"}],"wp:term":[{"taxonomy":"category","embeddable":true,"href":"https:\/\/radiofobia.com.br\/podcast\/wp-json\/wp\/v2\/categories?post=28195"},{"taxonomy":"post_tag","embeddable":true,"href":"https:\/\/radiofobia.com.br\/podcast\/wp-json\/wp\/v2\/tags?post=28195"}],"curies":[{"name":"wp","href":"https:\/\/api.w.org\/{rel}","templated":true}]}}