{"id":28200,"date":"2023-08-08T16:48:18","date_gmt":"2023-08-08T19:48:18","guid":{"rendered":"https:\/\/radiofobia.com.br\/podcast\/?p=28200"},"modified":"2023-08-08T16:48:18","modified_gmt":"2023-08-08T19:48:18","slug":"radiofobeer-040-lupulopedia-la-peregrinacion-a-fazenda-de-lupulo-brasileiro","status":"publish","type":"post","link":"https:\/\/radiofobia.com.br\/podcast\/2023\/08\/radiofobeer-040-lupulopedia-la-peregrinacion-a-fazenda-de-lupulo-brasileiro\/","title":{"rendered":"R\u00e1diofoBeer #040 &#8211; Lupulop\u00e9dia: La Peregrinaci\u00f3n \u00e0 fazenda de l\u00fapulo brasileiro"},"content":{"rendered":"<p><iframe title=\"R\u00e1diofoBeer #040 - Lupulop\u00e9dia: La Peregrinaci\u00f3n \u00e0 fazenda de l\u00fapulo brasileiro\" src=\"https:\/\/omny.fm\/shows\/radiofobeer\/r-diofobeer-040-lupulop-dia-la-peregrinaci-n-fazen\/embed\" width=\"100%\" height=\"180\" frameborder=\"0\"><\/iframe><\/p>\n<p><em><strong>Sauda\u00e7\u00f5es, ouvinte cervejista<\/strong><\/em><em><strong>!<\/strong><\/em><\/p>\n<p>Est\u00e1 NO AR o <a href=\"https:\/\/twitter.com\/radiofobeer\" target=\"_blank\" rel=\"noopener noreferrer\"><strong>R\u00e1diofoBeer<\/strong><\/a>, o <strong>podcast pra quem gosta de cerveja<\/strong> produzido pela <a href=\"https:\/\/twitter.com\/rfobianetwork\" target=\"_blank\" rel=\"noopener noreferrer\"><strong>R\u00e1diofobia Podcast Network<\/strong><\/a> em parceria com a <a href=\"https:\/\/www.instagram.com\/juancaloto\/\" target=\"_blank\" rel=\"noopener noreferrer\"><strong>Cervejaria Juan Caloto<\/strong><\/a>, com\u00a0programas sobre <strong>assuntos relacionados ao mundo da cerveja e, \u00e9 claro, convidados especiais<\/strong>!<\/p>\n<p>Este podcast \u00e9 apresentado por <a href=\"https:\/\/twitter.com\/leoradiofobia\" target=\"_blank\" rel=\"noopener noreferrer\"><strong>Leo Lopes<\/strong><\/a> e por <strong>los cerveceros<\/strong> <a href=\"https:\/\/www.instagram.com\/fgumiero\/\" target=\"_blank\" rel=\"noopener noreferrer\"><strong>John<\/strong> (alcunha de Felipe Gumiero)<\/a> e <a href=\"https:\/\/www.instagram.com\/mgbellintani\/\" target=\"_blank\" rel=\"noopener noreferrer\"><strong>Calote<\/strong> (disfarce de Marcelo Bellintani)<\/a>, amigos, barbudos, s\u00f3cios e criadores da <a href=\"https:\/\/www.instagram.com\/juancaloto\/\" target=\"_blank\" rel=\"noopener noreferrer\"><strong>Cervejaria Juan Caloto<\/strong><\/a>!<\/p>\n<p>Hoje continuamos nossas aventurar pelo maravilhoso mundo do l\u00fapulo, em mais um epis\u00f3dio da nossa Lupulop\u00e9dia,\u00a0em que vamos esmiu\u00e7ando essa florzinha linda que nos faz t\u00e3o feliz!\u00a0<a href=\"https:\/\/radiofobia.com.br\/podcast\/2022\/08\/radiofobeer-034-lupulopedia-escolhendo-a-dedo-a-fazenda\/\">J\u00e1 falamos sobre a ponte entre fazendas espec\u00edficas pelo mundo e as cervejarias aqui do Brasil com o <strong>Thiago da Hops Company<\/strong><\/a>; <a href=\"https:\/\/radiofobia.com.br\/podcast\/2022\/12\/radiofobeer-038-lupulopedia-cultivo-atual-de-lupulo-no-brasil\/\">j\u00e1 falamos sobre o cultivo brasileiro, melhoramento gen\u00e9tico e o cen\u00e1rio brasileiro com o <strong>Renan Furlan da L\u00fapulo Tropical<\/strong><\/a>!<\/p>\n<p>Nosso convidado de hoje \u00e9 parte fundamental da revolu\u00e7\u00e3o do l\u00fapulo que est\u00e1 acontecendo no Brasil. Toda aqueles mitos de que l\u00fapulo precisa de muito frio, ou que n\u00e3o cresce em solo brasileiro, depois cresce, mas n\u00e3o \u00e9 bom&#8230; depois cresce, \u00e9 bom mas n\u00e3o \u00e9 vi\u00e1vel&#8230; O nosso convidado est\u00e1 ativamente derrubando essas barreiras e fazendo um produto de qualidade. Inclusive, \u00e9 da fazenda dele que veio o l\u00fapulo da nova cerveja <a href=\"https:\/\/www.instagram.com\/juancaloto\/\"><strong>Juan Caloto<\/strong><\/a>, <a href=\"https:\/\/www.instagram.com\/p\/Cvr5akdNDOn\/\"><strong>La Peregrinaci\u00f3n a Comet Valley<\/strong><\/a>!<\/p>\n<p>Hoje batemos um papo com o <a href=\"https:\/\/www.instagram.com\/victormonseffacampos\/\"><strong>Victor Monseff de Almeida Campos<\/strong><\/a>, da <a href=\"https:\/\/www.instagram.com\/fazendabellaterra\/\"><strong>Fazenda BellaTerra<\/strong><\/a>, que colocou a m\u00e3o na massa e est\u00e1 plantando de fato l\u00fapulo no Brasil!<\/p>\n<p>E voc\u00ea j\u00e1 sabe, n\u00e9? Se for dirigir n\u00e3o beba, mas se for beber, cola l\u00e1 no <a href=\"https:\/\/www.instagram.com\/esconderijo.juancaloto\/\"><strong>Esconderijo Juan Caloto<\/strong><\/a> pra tomar uma com a gente!<\/p>\n<p>N\u00e3o deixe de <strong>interagir com a gente nas redes sociais<\/strong>, <strong>dar seu feedback sobre o papo e sugerir temas e convidados<\/strong>\u00a0para as pr\u00f3ximas edi\u00e7\u00f5es do nosso podcast, al\u00e9m de\u00a0<strong>deixar seu coment\u00e1rio no post,<\/strong> ok? Voc\u00ea tamb\u00e9m pode mandar sua cartinha para a <strong>Caixa Postal 279 &#8211; CEP 13930-970 &#8211; Serra Negra &#8211; SP<\/strong>, e seu e-mail para <a href=\"mailto:radiofobeer@gmail.com\" target=\"_blank\" rel=\"noopener noreferrer\"><strong>radiofobeer@gmail.com<\/strong><\/a>!<\/p>\n<p><strong><span style=\"color: #990000;\">Links citados no epis\u00f3dio:<\/span><\/strong><br \/>\n&#8211;\u00a0<a href=\"https:\/\/www.sympla.com.br\/evento\/primeiro-encontro-de-torrefacoes-e-cervejarias-da-fazenda-bellaterra\/2105675\">Primeiro Encontro de Torrefa\u00e7\u00f5es e Cervejarias da Fazenda BellaTerra<\/a><\/p>\n<p><strong><span style=\"color: #990000;\">Segue a gente e paga uma breja:<\/span><\/strong><br \/>\n&#8211; <a href=\"https:\/\/www.instagram.com\/radiofobeer\/\" target=\"_blank\" rel=\"noopener noreferrer\">Instagram do <strong>R\u00e1diofoBeer<\/strong><\/a><br \/>\n&#8211; <a href=\"https:\/\/twitter.com\/radiofobeer\" target=\"_blank\" rel=\"noopener noreferrer\">Twitter do <strong>R\u00e1diofoBeer<\/strong><\/a><br \/>\n&#8211; <a href=\"https:\/\/www.facebook.com\/radiofobeer\" target=\"_blank\" rel=\"noopener noreferrer\">P\u00e1gina do <strong>R\u00e1diofoBeer<\/strong> no Facebook<\/a><br \/>\n&#8211; <a href=\"https:\/\/www.instagram.com\/leoradiofobia\/\" target=\"_blank\" rel=\"noopener noreferrer\">Instagram do <strong>Leo Lopes<\/strong><\/a><br \/>\n&#8211; <a href=\"https:\/\/twitter.com\/leoradiofobia\" target=\"_blank\" rel=\"noopener noreferrer\">Twitter do <strong>Leo Lopes<\/strong><\/a><br \/>\n&#8211; <a href=\"https:\/\/www.instagram.com\/juancaloto\/\" target=\"_blank\" rel=\"noopener noreferrer\">Instagram da <strong>Juan Caloto<\/strong><\/a><br \/>\n&#8211; <a href=\"https:\/\/www.instagram.com\/fgumiero\/\" target=\"_blank\" rel=\"noopener noreferrer\">Instagram do <strong>John<\/strong><\/a><br \/>\n&#8211; <a href=\"https:\/\/www.instagram.com\/mgbellintani\/\" target=\"_blank\" rel=\"noopener noreferrer\">Instagram do <strong>Calote<\/strong><\/a><\/p>\n<p><span style=\"color: #990000;\"><strong>Ou\u00e7a o R\u00e1diofoBeer nos principais agregadores:<\/strong><\/span><br \/>\n&#8211; <a href=\"https:\/\/leolop.es\/radiofobeer_spotify\" target=\"_blank\" rel=\"noopener noreferrer\">Spotify<\/a><br \/>\n&#8211; <a href=\"https:\/\/leolop.es\/radiofobeer_googlepod\" target=\"_blank\" rel=\"noopener noreferrer\">Google Podcasts<\/a><br \/>\n&#8211; <a href=\"https:\/\/leolop.es\/rfnetwork_applepod\" target=\"_blank\" rel=\"noopener noreferrer\">Apple Podcasts<\/a><br \/>\n&#8211; <a href=\"http:\/\/leolop.es\/radiofobeer_amazon\" target=\"_blank\" rel=\"noopener\">Amazon Music<\/a><br \/>\n&#8211; <a href=\"https:\/\/pca.st\/a2d2zkmk\" target=\"_blank\" rel=\"noopener noreferrer\">PocketCasts<\/a><\/p>\n<p><span style=\"color: #990000;\"><strong>Publicidade:<\/strong><\/span><br \/>\n<a href=\"http:\/\/leolop.es\/rfcontato\" target=\"_blank\" rel=\"noopener noreferrer\"><strong>Entre em contato<\/strong><\/a> e saiba como <em>anunciar sua marca, produto ou servi\u00e7o em nossos podcasts<\/em>.<\/p>\n","protected":false},"excerpt":{"rendered":"<p>Hoje batemos um papo com Victor Monseff, da Fazenda Bella Terra, em mais um epis\u00f3dio da nossa Lupulop\u00e9dia!<\/p>\n","protected":false},"author":2,"featured_media":28203,"comment_status":"open","ping_status":"closed","sticky":false,"template":"","format":"standard","meta":{"footnotes":""},"categories":[13,1832],"tags":[],"class_list":["post-28200","post","type-post","status-publish","format-standard","has-post-thumbnail","hentry","category-podcast","category-radiofobeer"],"_links":{"self":[{"href":"https:\/\/radiofobia.com.br\/podcast\/wp-json\/wp\/v2\/posts\/28200","targetHints":{"allow":["GET"]}}],"collection":[{"href":"https:\/\/radiofobia.com.br\/podcast\/wp-json\/wp\/v2\/posts"}],"about":[{"href":"https:\/\/radiofobia.com.br\/podcast\/wp-json\/wp\/v2\/types\/post"}],"author":[{"embeddable":true,"href":"https:\/\/radiofobia.com.br\/podcast\/wp-json\/wp\/v2\/users\/2"}],"replies":[{"embeddable":true,"href":"https:\/\/radiofobia.com.br\/podcast\/wp-json\/wp\/v2\/comments?post=28200"}],"version-history":[{"count":4,"href":"https:\/\/radiofobia.com.br\/podcast\/wp-json\/wp\/v2\/posts\/28200\/revisions"}],"predecessor-version":[{"id":28205,"href":"https:\/\/radiofobia.com.br\/podcast\/wp-json\/wp\/v2\/posts\/28200\/revisions\/28205"}],"wp:featuredmedia":[{"embeddable":true,"href":"https:\/\/radiofobia.com.br\/podcast\/wp-json\/wp\/v2\/media\/28203"}],"wp:attachment":[{"href":"https:\/\/radiofobia.com.br\/podcast\/wp-json\/wp\/v2\/media?parent=28200"}],"wp:term":[{"taxonomy":"category","embeddable":true,"href":"https:\/\/radiofobia.com.br\/podcast\/wp-json\/wp\/v2\/categories?post=28200"},{"taxonomy":"post_tag","embeddable":true,"href":"https:\/\/radiofobia.com.br\/podcast\/wp-json\/wp\/v2\/tags?post=28200"}],"curies":[{"name":"wp","href":"https:\/\/api.w.org\/{rel}","templated":true}]}}