{"id":28298,"date":"2023-09-12T10:00:50","date_gmt":"2023-09-12T13:00:50","guid":{"rendered":"https:\/\/radiofobia.com.br\/podcast\/?p=28298"},"modified":"2023-10-11T15:54:59","modified_gmt":"2023-10-11T18:54:59","slug":"voz-off-073-claudio-zaidan","status":"publish","type":"post","link":"https:\/\/radiofobia.com.br\/podcast\/2023\/09\/voz-off-073-claudio-zaidan\/","title":{"rendered":"VOZ OFF 073 &#8211; Claudio Zaidan"},"content":{"rendered":"<p><iframe title=\"VOZ 0FF 073 - Claudio Zaidan\" src=\"https:\/\/omny.fm\/shows\/voz-off\/voz-0ff-073-claudio-zaidan\/embed\" width=\"100%\" height=\"180\" frameborder=\"0\"><\/iframe><\/p>\n<p><em><strong>Sauda\u00e7\u00f5es, ouvintes apaixonados por locu\u00e7\u00e3o. Est\u00e1 NO AR o\u00a0<\/strong><\/em><em><strong>73\u00ba podcast VOZ OFF!<\/strong><\/em><\/p>\n<p><span style=\"color: #666666;\">Neste epis\u00f3dio, <strong><a href=\"https:\/\/twitter.com\/antonioviviani\" target=\"_blank\" rel=\"noopener noreferrer\" data-saferedirecturl=\"https:\/\/www.google.com\/url?q=https:\/\/twitter.com\/antonioviviani&amp;source=gmail&amp;ust=1547142011247000&amp;usg=AFQjCNGZ8kg3VQj-BI_K7dDR21HNmPxEOA\">Ant\u00f4nio Viviani<\/a>\u00a0<\/strong>e\u00a0<strong><a href=\"https:\/\/twitter.com\/nicolalauletta\" target=\"_blank\" rel=\"noopener noreferrer\" data-saferedirecturl=\"https:\/\/www.google.com\/url?q=https:\/\/twitter.com\/nicolalauletta&amp;source=gmail&amp;ust=1547142011247000&amp;usg=AFQjCNEexDjV314C4BXxGZ5bnNDyXJ1YVg\">Nicola Lauletta <\/a><\/strong><\/span>conversam com mais uma grande voz do r\u00e1dio.<\/p>\n<p>Nascido em Uberaba &#8211; MG, em fam\u00edlia de origem libanesa, de pai radialista e narrador esportivo, seu futuro no r\u00e1dio j\u00e1 estava praticamente definido.<\/p>\n<p>Apesar de se considerar um bicho-do-mato, e gostar de trabalhar na terra, a necessidade de ganhar melhor definiu a sua escolha pelo radialismo.<\/p>\n<p>Come\u00e7ou a trabalhar na pr\u00f3pria cidade fazendo notici\u00e1rio e programas de esporte e decidiu tentar a sorte na cidade de Santos &#8211; SP, terra do seu time de cora\u00e7\u00e3o, e acabou conseguindo um emprego na R\u00e1dio Cultura local.<\/p>\n<p>Em 1982 veio para S\u00e3o Paulo, passou pela Manchete FM, e em janeiro de 1988 entrou para a Jovem Pan, onde teve a oportunidade de trabalhar com o grande e saudoso Fernando Vieira de Melo, com quem voltaria a trabalhar depois, em 1992, agora na Trianon.<\/p>\n<p>Quem vai nos contar essa hist\u00f3ria de sucesso no r\u00e1dio \u00e9 o <strong>Claudio Zaidan<\/strong>!<\/p>\n<p>A conversa aconteceu em <strong>agosto de 2023<\/strong> e voc\u00ea vai saber que em 1994 ele recebeu um convite irrecus\u00e1vel para trabalhar na R\u00e1dio Bandeirantes, onde fez e faz ainda muito sucesso em programas como Bandeirantes A Caminho do Sol, Bandeirantes Acontece, al\u00e9m de suas passagens por outros grandes programas da rede sempre brilhando por seus coment\u00e1rios no notici\u00e1rio geral e principalmente nos esportes!<\/p>\n<p>Com a gente, e pra voc\u00eas: <strong>CLAUDIO ZAIDAN<\/strong>!<\/p>\n<p><strong style=\"color: #990000;\">Para seguir nas redes sociais:<\/strong><br \/>\n&#8211; <a href=\"https:\/\/www.facebook.com\/podcastvozoff\/\" target=\"_blank\" rel=\"noopener noreferrer\">Curta a p\u00e1gina do podcast <strong>Voz Off<\/strong> no Facebook<\/a><br \/>\n&#8211; <a href=\"https:\/\/twitter.com\/podcastvozoff\" target=\"_blank\" rel=\"noopener noreferrer\">Siga o <strong>@podcastvozoff<\/strong> no Twitter<\/a><br \/>\n&#8211; <a href=\"https:\/\/www.facebook.com\/antoniovivianilocutor\/\" target=\"_blank\" rel=\"noopener noreferrer\">Curta a p\u00e1gina do <strong>Antonio Viviani<\/strong> no Facebook<\/a><br \/>\n&#8211; <a href=\"https:\/\/twitter.com\/antonioviviani\" target=\"_blank\" rel=\"noopener noreferrer\">Siga o <strong>@antonioviviani<\/strong> no Twitter<\/a><br \/>\n&#8211; <a href=\"https:\/\/www.instagram.com\/antonio.viviani\/\" target=\"_blank\" rel=\"noopener noreferrer\">Siga o <strong>@antonio.viviani<\/strong> no Instagram<\/a><br \/>\n&#8211; <a href=\"https:\/\/twitter.com\/nicolalauletta\" target=\"_blank\" rel=\"noopener noreferrer\">Siga o <strong>@nicolalauletta<\/strong> no Twitter<\/a><br \/>\n&#8211; <a href=\"https:\/\/www.facebook.com\/EchosStudios\" target=\"_blank\" rel=\"noopener noreferrer\">Curta a p\u00e1gina do <strong>Echo&#8217;s Studio<\/strong> no Facebook<\/a><br \/>\n&#8211; <a href=\"https:\/\/www.facebook.com\/vozaobra\/\" target=\"_blank\" rel=\"noopener noreferrer\">Curta a p\u00e1gina do <strong>Workshop de Locu\u00e7\u00e3o Voz A Obra<\/strong>\u00a0no Facebook<\/a><br \/>\n&#8211; <a href=\"http:\/\/leolop.es\/textosentido\" target=\"_blank\" rel=\"noopener noreferrer\">Ou\u00e7a tamb\u00e9m o podcast <strong>TEXTO SENTIDO<\/strong> com Ant\u00f4nio Viviani<\/a><\/p>\n<p><strong style=\"color: #990000;\">Assine o FEED do Voz Off:<\/strong><br \/>\nPara ouvir o Voz Off no seu agregador de podcasts preferido, <a href=\"http:\/\/leolop.es\/feedvozoff\" target=\"_blank\" rel=\"noopener noreferrer\"><strong>clique aqui e assine o nosso FEED<\/strong><\/a>!<\/p>\n<p><strong style=\"color: #990000;\">Assine e avalie nosso podcast no iTunes:<\/strong><br \/>\nSe voc\u00ea usa o<strong> iTunes<\/strong> no seu computador, tablet ou smartphone, <a href=\"https:\/\/itunes.apple.com\/us\/podcast\/id1252595385\" target=\"_blank\" rel=\"noopener noreferrer\"><strong>assine e avalie nosso podcast clicando aqui<\/strong><\/a>!<\/p>\n<p><strong style=\"color: #990000;\">Voz Off no Spotify:<\/strong><br \/>\nCaso prefira ouvir o <strong>Voz Off <\/strong>no<strong> Spotify<\/strong>, <a href=\"https:\/\/open.spotify.com\/show\/16gSvztELYfMu42Vu22gug?si=UW6_DO3bQwaYUt4aNjb4TQ\" target=\"_blank\" rel=\"noopener noreferrer\"><strong>\u00e9 s\u00f3 clicar aqui e assinar o nosso podcast no servi\u00e7o de streaming<\/strong><\/a>!<\/p>\n<p><span style=\"color: #990000;\"><strong>E-mails:<\/strong><\/span><br \/>\nMande seu feedback pra gente atrav\u00e9s do e-mail\u00a0<a href=\"mailto:podcastvozoff@gmail.com\"><strong>podcastvozoff@gmail.com<\/strong><\/a>!<\/p>\n<p><span style=\"color: #990000;\"><strong>Publicidade:<\/strong><\/span><br \/>\n<a href=\"http:\/\/leolop.es\/rfcontato\" target=\"_blank\" rel=\"noopener noreferrer\"><strong>Entre em contato<\/strong><\/a> e saiba como <em>anunciar sua marca, produto ou servi\u00e7o em nossos podcasts<\/em>.<\/p>\n","protected":false},"excerpt":{"rendered":"<p>Neste epis\u00f3dio, Ant\u00f4nio Viviani\u00a0e\u00a0Nicola Lauletta conversam com mais uma grande voz do r\u00e1dio: Claudio Zaidan!<\/p>\n","protected":false},"author":2,"featured_media":28299,"comment_status":"open","ping_status":"closed","sticky":false,"template":"","format":"standard","meta":{"footnotes":""},"categories":[13,1220],"tags":[675,2997,1221,14,419,90,1088,2608,471,2994],"class_list":["post-28298","post","type-post","status-publish","format-standard","has-post-thumbnail","hentry","category-podcast","category-vozoff","tag-antonio-viviani","tag-claudio-zaidan","tag-nicola-lauletta","tag-podcast","tag-publicidade","tag-radio","tag-televisao","tag-tv","tag-voz","tag-vozoff"],"_links":{"self":[{"href":"https:\/\/radiofobia.com.br\/podcast\/wp-json\/wp\/v2\/posts\/28298","targetHints":{"allow":["GET"]}}],"collection":[{"href":"https:\/\/radiofobia.com.br\/podcast\/wp-json\/wp\/v2\/posts"}],"about":[{"href":"https:\/\/radiofobia.com.br\/podcast\/wp-json\/wp\/v2\/types\/post"}],"author":[{"embeddable":true,"href":"https:\/\/radiofobia.com.br\/podcast\/wp-json\/wp\/v2\/users\/2"}],"replies":[{"embeddable":true,"href":"https:\/\/radiofobia.com.br\/podcast\/wp-json\/wp\/v2\/comments?post=28298"}],"version-history":[{"count":3,"href":"https:\/\/radiofobia.com.br\/podcast\/wp-json\/wp\/v2\/posts\/28298\/revisions"}],"predecessor-version":[{"id":28303,"href":"https:\/\/radiofobia.com.br\/podcast\/wp-json\/wp\/v2\/posts\/28298\/revisions\/28303"}],"wp:featuredmedia":[{"embeddable":true,"href":"https:\/\/radiofobia.com.br\/podcast\/wp-json\/wp\/v2\/media\/28299"}],"wp:attachment":[{"href":"https:\/\/radiofobia.com.br\/podcast\/wp-json\/wp\/v2\/media?parent=28298"}],"wp:term":[{"taxonomy":"category","embeddable":true,"href":"https:\/\/radiofobia.com.br\/podcast\/wp-json\/wp\/v2\/categories?post=28298"},{"taxonomy":"post_tag","embeddable":true,"href":"https:\/\/radiofobia.com.br\/podcast\/wp-json\/wp\/v2\/tags?post=28298"}],"curies":[{"name":"wp","href":"https:\/\/api.w.org\/{rel}","templated":true}]}}