{"id":28672,"date":"2023-10-30T10:01:35","date_gmt":"2023-10-30T13:01:35","guid":{"rendered":"https:\/\/radiofobia.com.br\/podcast\/?p=28672"},"modified":"2023-10-26T15:45:06","modified_gmt":"2023-10-26T18:45:06","slug":"reflexoes-sobre-o-podcast-09-alguns-papos-de-gordo-por-eduardo-sales-filho","status":"publish","type":"post","link":"https:\/\/radiofobia.com.br\/podcast\/2023\/10\/reflexoes-sobre-o-podcast-09-alguns-papos-de-gordo-por-eduardo-sales-filho\/","title":{"rendered":"Reflex\u00f5es sobre o Podcast &#8211; 09 &#8211; Alguns papos de gordo, por Eduardo Sales Filho"},"content":{"rendered":"<p><iframe title=\"Reflex\u00f5es sobre o Podcast - 09 - Alguns papos de gordo, por Eduardo Sales Filho\" src=\"https:\/\/omny.fm\/shows\/reflexoes-sobre-o-podcast\/reflex-es-sobre-o-podcast-09-alguns-papos-de-gordo\/embed\" width=\"100%\" height=\"180\" frameborder=\"0\"><\/iframe><\/p>\n<p>No nono e \u00faltimo epis\u00f3dio de <strong>&#8220;Reflex\u00f5es sobre o Podcast&#8221;<\/strong>, <strong>Eduardo Sales Filho<\/strong> (o Dudu Sales) compartilha alguns papos de gordo contando a sua hist\u00f3ria com o podcast.<\/p>\n<p><strong><span style=\"color: #990000;\">Cr\u00e9ditos:<br \/>\n<\/span><\/strong>&#8211; Produ\u00e7\u00e3o: <a href=\"https:\/\/www.lojamarsupial.com.br\/\">Marsupial Editora<\/a> e <a href=\"https:\/\/radiofobia.com.br\/\">R\u00e1diofobia Podcast e Multim\u00eddia<\/a><br \/>\n&#8211; Publica\u00e7\u00e3o: <a href=\"https:\/\/radiofobia.com.br\/podcast\/\">R\u00e1diofobia Podcast Network<\/a><br \/>\n&#8211; Edi\u00e7\u00e3o: <a href=\"https:\/\/www.instagram.com\/duhsierra\/\">Eduardo Sierra<\/a><br \/>\n&#8211; Locu\u00e7\u00e3o: <a href=\"https:\/\/www.instagram.com\/antonio.viviani\/\">Ant\u00f4nio Viviani<\/a><br \/>\n&#8211; Identidade visual: <a href=\"https:\/\/www.instagram.com\/canog_designevideo\/\">Camila Nogueira<\/a><br \/>\n&#8211; Sonoriza\u00e7\u00e3o e dire\u00e7\u00e3o geral: <a href=\"https:\/\/www.instagram.com\/leoradiofobia\/\">Leo Lopes<\/a><\/p>\n<p><strong><span style=\"color: #990000;\">Autores:<\/span><\/strong><br \/>\n&#8211; <a href=\"https:\/\/www.instagram.com\/biakunze\/\">Bia Kunze<\/a><br \/>\n&#8211; <a href=\"https:\/\/www.instagram.com\/chrgurtner\/\">Christian Gurtner<\/a><br \/>\n&#8211; <a href=\"https:\/\/www.instagram.com\/dudusales\/\">Eduardo Sales Filho<\/a><br \/>\n&#8211; <a href=\"https:\/\/www.instagram.com\/eusouakell\/\">Kell Bonassoli<\/a><br \/>\n&#8211; <a href=\"https:\/\/www.instagram.com\/leoradiofobia\/\">Leo Lopes<\/a><br \/>\n&#8211; <a href=\"https:\/\/www.instagram.com\/lucianopires\/\">Luciano Pires<\/a><br \/>\n&#8211; <a href=\"https:\/\/www.instagram.com\/lucianopires\/\">Lucio Luiz<\/a><br \/>\n&#8211; <a href=\"https:\/\/www.instagram.com\/15passis\/\">Pablo de Assis<\/a><br \/>\n&#8211; <a href=\"https:\/\/www.instagram.com\/sergiovds\/\">Sergio Vieira<\/a><\/p>\n<p><span style=\"color: #990000;\"><strong>Ou\u00e7a &#8220;Reflex\u00f5es sobre o Podcast&#8221; nos principais agregadores:<\/strong><\/span><br \/>\n&#8211; <a href=\"https:\/\/open.spotify.com\/show\/1zfoXH3EI0DlFaHJagqduv\">Spotify<\/a><br \/>\n&#8211; <a href=\"https:\/\/podcasts.apple.com\/us\/podcast\/reflex\u00f5es-sobre-o-podcast\/id1709547809\">Apple Podcasts<\/a><br \/>\n&#8211; <a href=\"https:\/\/deezer.page.link\/V3ommkWSVuasqGnv5\">Deezer<\/a><br \/>\n&#8211; <a href=\"https:\/\/music.amazon.com.br\/podcasts\/b6517b5c-b780-4f61-b95c-190d7441a5f1\/reflex%C3%B5es-sobre-o-podcast\">Amazon Music<\/a><br \/>\n&#8211; <a href=\"https:\/\/pca.st\/d4ztkx8h\">PocketCasts<\/a><\/p>\n<p><span style=\"color: #990000;\"><strong>Publicidade:<\/strong><\/span><br \/>\n<a href=\"http:\/\/leolop.es\/rfcontato\" target=\"_blank\" rel=\"noopener noreferrer\"><strong>Entre em contato<\/strong><\/a> e saiba como <em>anunciar sua marca, produto ou servi\u00e7o em nossos podcasts<\/em>.<\/p>\n","protected":false},"excerpt":{"rendered":"<p>No nono e \u00faltimo epis\u00f3dio de &#8220;Reflex\u00f5es sobre o Podcast&#8221;, Eduardo Sales Filho (o Dudu Sales) compartilha alguns papos de gordo contando a sua hist\u00f3ria com o podcast.<\/p>\n","protected":false},"author":2,"featured_media":28673,"comment_status":"open","ping_status":"closed","sticky":false,"template":"","format":"standard","meta":{"footnotes":""},"categories":[13,2986],"tags":[2335,865,2978,2856,106,362,1100,1642,783,11,421,165,423,425,382,14,185,365,90,867,542],"class_list":["post-28672","post","type-post","status-publish","format-standard","has-post-thumbnail","hentry","category-podcast","category-reflexoes-sobre-o-podcast","tag-audio","tag-bia-kunze","tag-christian-gurtner","tag-comunidade","tag-dudu-sales","tag-edicao","tag-feed","tag-historia","tag-kell-bonassoli","tag-leo-lopes","tag-livro","tag-luciano-pires","tag-lucio-luiz","tag-marsupial-editora","tag-pablo-de-assis","tag-podcast","tag-podosfera","tag-producao","tag-radio","tag-reflexoes-sobre-o-podcast","tag-sergio-vieira"],"_links":{"self":[{"href":"https:\/\/radiofobia.com.br\/podcast\/wp-json\/wp\/v2\/posts\/28672","targetHints":{"allow":["GET"]}}],"collection":[{"href":"https:\/\/radiofobia.com.br\/podcast\/wp-json\/wp\/v2\/posts"}],"about":[{"href":"https:\/\/radiofobia.com.br\/podcast\/wp-json\/wp\/v2\/types\/post"}],"author":[{"embeddable":true,"href":"https:\/\/radiofobia.com.br\/podcast\/wp-json\/wp\/v2\/users\/2"}],"replies":[{"embeddable":true,"href":"https:\/\/radiofobia.com.br\/podcast\/wp-json\/wp\/v2\/comments?post=28672"}],"version-history":[{"count":2,"href":"https:\/\/radiofobia.com.br\/podcast\/wp-json\/wp\/v2\/posts\/28672\/revisions"}],"predecessor-version":[{"id":28710,"href":"https:\/\/radiofobia.com.br\/podcast\/wp-json\/wp\/v2\/posts\/28672\/revisions\/28710"}],"wp:featuredmedia":[{"embeddable":true,"href":"https:\/\/radiofobia.com.br\/podcast\/wp-json\/wp\/v2\/media\/28673"}],"wp:attachment":[{"href":"https:\/\/radiofobia.com.br\/podcast\/wp-json\/wp\/v2\/media?parent=28672"}],"wp:term":[{"taxonomy":"category","embeddable":true,"href":"https:\/\/radiofobia.com.br\/podcast\/wp-json\/wp\/v2\/categories?post=28672"},{"taxonomy":"post_tag","embeddable":true,"href":"https:\/\/radiofobia.com.br\/podcast\/wp-json\/wp\/v2\/tags?post=28672"}],"curies":[{"name":"wp","href":"https:\/\/api.w.org\/{rel}","templated":true}]}}