{"id":28681,"date":"2023-10-24T00:00:04","date_gmt":"2023-10-24T03:00:04","guid":{"rendered":"https:\/\/radiofobia.com.br\/podcast\/?p=28681"},"modified":"2023-10-19T16:50:51","modified_gmt":"2023-10-19T19:50:51","slug":"o-misterio-da-fazenda-vita-03-onca-em-terra-alheia","status":"publish","type":"post","link":"https:\/\/radiofobia.com.br\/podcast\/2023\/10\/o-misterio-da-fazenda-vita-03-onca-em-terra-alheia\/","title":{"rendered":"O Mist\u00e9rio da Fazenda Vita &#8211; 03 &#8211; On\u00e7a em terra alheia"},"content":{"rendered":"<p><iframe title=\"O Mist\u00e9rio da Fazenda Vita - 03 - On\u00e7a em terra alheia\" src=\"https:\/\/omny.fm\/shows\/o-misterio-da-fazenda-vita\/o-mist-rio-da-fazenda-vita-03-on-a-em-terra-alheia\/embed\" width=\"100%\" height=\"180\" frameborder=\"0\"><\/iframe><\/p>\n<p>Michael foi capturado e precisa escapar antes que seja v\u00edtima dos experimentos biol\u00f3gicos que est\u00e3o acontecendo na Fazenda Vita.<\/p>\n<p><strong>ATEN\u00c7\u00c3O: para uma experi\u00eancia totalmente imersiva, recomendamos utilizar fones de ouvido!<\/strong><\/p>\n<p><strong><span style=\"color: #990000;\">Cr\u00e9ditos:<br \/>\n<\/span><\/strong>&#8211; Produ\u00e7\u00e3o: <a href=\"https:\/\/podosfera.app\/channel\/81f04f6\/Podosfera-Originals\">Podosfera Originals<\/a>, <a href=\"https:\/\/redegeek.com.br\/\">Rede Geek<\/a> e <a href=\"https:\/\/radiofobia.com.br\/\">R\u00e1diofobia Podcast e Multim\u00eddia<\/a><br \/>\n&#8211; Publica\u00e7\u00e3o: <a href=\"https:\/\/radiofobia.com.br\/podcast\/\">R\u00e1diofobia Podcast Network<\/a><br \/>\n&#8211; Edi\u00e7\u00e3o e sonoriza\u00e7\u00e3o: <a href=\"https:\/\/www.instagram.com\/duhsierra\/\">Eduardo Sierra<\/a> e <a href=\"https:\/\/www.instagram.com\/jeftherbarbosa\/\">Jef Barbosa<\/a><br \/>\n&#8211; Locu\u00e7\u00e3o: <a href=\"https:\/\/www.instagram.com\/antonio.viviani\/\">Ant\u00f4nio Viviani<\/a><br \/>\n&#8211; Identidade visual: <a href=\"https:\/\/www.instagram.com\/canog_designevideo\/\">Camila Nogueira<\/a><br \/>\n&#8211; Dire\u00e7\u00e3o geral: <a href=\"https:\/\/www.instagram.com\/leoradiofobia\/\">Leo Lopes<\/a><\/p>\n<p><span style=\"color: #990000;\"><strong>Ou\u00e7a &#8220;O Mist\u00e9rio da Fazenda Vita&#8221; nos principais agregadores:<\/strong><\/span><br \/>\n&#8211; <a href=\"https:\/\/open.spotify.com\/show\/4AuMBVKgn9H6HkT9uhwYD8\">Spotify<\/a><br \/>\n&#8211; <a href=\"https:\/\/podcasts.apple.com\/us\/podcast\/o-mist\u00e9rio-da-fazenda-vita\/id1710080915\">Apple Podcasts<\/a><br \/>\n&#8211; <a href=\"https:\/\/deezer.page.link\/YFRxobhxd6p9hrhM9\">Deezer<\/a><br \/>\n&#8211; <a href=\"https:\/\/music.amazon.com.br\/podcasts\/a2538154-3f71-43b8-989f-1820dd7d52c9\/o-mist%C3%A9rio-da-fazenda-vita\">Amazon Music<\/a><br \/>\n&#8211; <a href=\"https:\/\/pca.st\/3dtmzq6n\">PocketCasts<\/a><\/p>\n<p><span style=\"color: #990000;\"><strong>Publicidade:<\/strong><\/span><br \/>\n<a href=\"http:\/\/leolop.es\/rfcontato\" target=\"_blank\" rel=\"noopener noreferrer\"><strong>Entre em contato<\/strong><\/a> e saiba como <em>anunciar sua marca, produto ou servi\u00e7o em nossos podcasts<\/em>.<\/p>\n","protected":false},"excerpt":{"rendered":"<p>Michael foi capturado e precisa escapar antes que seja v\u00edtima dos experimentos biol\u00f3gicos que est\u00e3o acontecendo na Fazenda Vita.<\/p>\n","protected":false},"author":2,"featured_media":28682,"comment_status":"open","ping_status":"closed","sticky":false,"template":"","format":"standard","meta":{"footnotes":""},"categories":[2985,13],"tags":[],"class_list":["post-28681","post","type-post","status-publish","format-standard","has-post-thumbnail","hentry","category-o-misterio-da-fazenda-vita","category-podcast"],"_links":{"self":[{"href":"https:\/\/radiofobia.com.br\/podcast\/wp-json\/wp\/v2\/posts\/28681","targetHints":{"allow":["GET"]}}],"collection":[{"href":"https:\/\/radiofobia.com.br\/podcast\/wp-json\/wp\/v2\/posts"}],"about":[{"href":"https:\/\/radiofobia.com.br\/podcast\/wp-json\/wp\/v2\/types\/post"}],"author":[{"embeddable":true,"href":"https:\/\/radiofobia.com.br\/podcast\/wp-json\/wp\/v2\/users\/2"}],"replies":[{"embeddable":true,"href":"https:\/\/radiofobia.com.br\/podcast\/wp-json\/wp\/v2\/comments?post=28681"}],"version-history":[{"count":2,"href":"https:\/\/radiofobia.com.br\/podcast\/wp-json\/wp\/v2\/posts\/28681\/revisions"}],"predecessor-version":[{"id":28708,"href":"https:\/\/radiofobia.com.br\/podcast\/wp-json\/wp\/v2\/posts\/28681\/revisions\/28708"}],"wp:featuredmedia":[{"embeddable":true,"href":"https:\/\/radiofobia.com.br\/podcast\/wp-json\/wp\/v2\/media\/28682"}],"wp:attachment":[{"href":"https:\/\/radiofobia.com.br\/podcast\/wp-json\/wp\/v2\/media?parent=28681"}],"wp:term":[{"taxonomy":"category","embeddable":true,"href":"https:\/\/radiofobia.com.br\/podcast\/wp-json\/wp\/v2\/categories?post=28681"},{"taxonomy":"post_tag","embeddable":true,"href":"https:\/\/radiofobia.com.br\/podcast\/wp-json\/wp\/v2\/tags?post=28681"}],"curies":[{"name":"wp","href":"https:\/\/api.w.org\/{rel}","templated":true}]}}