{"id":28686,"date":"2023-10-17T14:48:12","date_gmt":"2023-10-17T17:48:12","guid":{"rendered":"https:\/\/radiofobia.com.br\/podcast\/?p=28686"},"modified":"2023-10-17T14:48:12","modified_gmt":"2023-10-17T17:48:12","slug":"radiofobia-364-com-guilherme-silveira","status":"publish","type":"post","link":"https:\/\/radiofobia.com.br\/podcast\/2023\/10\/radiofobia-364-com-guilherme-silveira\/","title":{"rendered":"R\u00c1DIOFOBIA 364 &#8211; com Guilherme Silveira"},"content":{"rendered":"<p><iframe title=\"R\u00c1DIOFOBIA 364 - com Guilherme Silveira\" src=\"https:\/\/omny.fm\/shows\/radiofobia-podcast\/r-diofobia-364-com-guilherme-silveira\/embed\" width=\"100%\" height=\"180\" frameborder=\"0\"><\/iframe><\/p>\n<p>Sauda\u00e7\u00f5es matem\u00e1gicas, ouvinte radiofob\u00e9tico!<\/p>\n<p>Uma das melhores coisas de se produzir o mesmo podcast por quase 15 anos \u00e9 poder conhecer muitas pessoas diferentes e aprender com suas experi\u00eancias de vida. N\u00e3o raro conhecemos algu\u00e9m pela internet e pelas redes sociais, achamos que at\u00e9 conhecemos a pessoa mas, conversando com calma, somos surpreendidos por muitas hist\u00f3rias que jamais poder\u00edamos imaginar. \u00c9 exatamente o caso do nosso convidado de hoje!<\/p>\n<p>Neste epis\u00f3dio\u00a0<a href=\"https:\/\/www.instagram.com\/leoradiofobia\/\"><strong>Leo Lopes<\/strong><\/a>, <a href=\"https:\/\/www.instagram.com\/natynogueira\/\"><strong>Naty Nogueira<\/strong><\/a>, <a href=\"https:\/\/www.instagram.com\/jedalcin\/\"><strong>J\u00e9ssica Dalcin<\/strong><\/a>, <a href=\"https:\/\/www.instagram.com\/juliomcg\/\"><strong>J\u00falio Macoggi<\/strong><\/a> e <strong><a href=\"https:\/\/www.instagram.com\/estaciojv\/\">Vitor Est\u00e1cio<\/a><\/strong> batem um papo pra conhecer melhor o matem\u00e1tico, cientista da computa\u00e7\u00e3o, professor, co-fundador da Alura AND m\u00e1gico <a href=\"https:\/\/www.instagram.com\/guilherme_pessoal\/\"><strong>Guilherme Silveira<\/strong><\/a>!<\/p>\n<p>N\u00e3o deixe de <strong>interagir com a gente nas redes sociais<\/strong>, <strong>dar seu feedback sobre o papo e sugerir temas e convidados<\/strong>\u00a0para as pr\u00f3ximas edi\u00e7\u00f5es do nosso podcast, al\u00e9m de\u00a0<strong>deixar seu coment\u00e1rio no post,<\/strong> ok? Voc\u00ea tamb\u00e9m pode agora mandar sua cartinha para a <strong>Caixa Postal 279 &#8211; CEP 13930-970 &#8211; Serra Negra &#8211; SP<\/strong>, e seu e-mail para <strong><a title=\"[GMCP] Compose a new mail to podcast@radiofobia.com.br\" href=\"mailto:podcast@radiofobia.com.br\" target=\"blank\" rel=\"noopener noreferrer\">podcast@radiofobia.com.br<\/a><\/strong>!<\/p>\n<p><strong><span style=\"color: #990000;\">Arte do epis\u00f3dio:<\/span><\/strong>\u00a0<a href=\"https:\/\/linktr.ee\/sandrohojo\">Sandro Hojo<\/a><\/p>\n<p><iframe title=\"YouTube video player\" src=\"https:\/\/www.youtube.com\/embed\/oxMPhDpRrRk?si=8jPSt_e2kAhPDKwp\" frameborder=\"0\" allowfullscreen=\"allowfullscreen\"><span data-mce-type=\"bookmark\" style=\"display: inline-block; width: 0px; overflow: hidden; line-height: 0;\" class=\"mce_SELRES_start\">\ufeff<\/span><\/iframe><\/p>\n<p><strong><span style=\"color: #990000;\">Links citados no epis\u00f3dio:<\/span><\/strong><br \/>\n&#8211; <a href=\"https:\/\/www.spreaker.com\/user\/luquinhaz\/2022-luquinhaz-podcast-bts-s02e07-guilhe\">BTS S02E07 &#8211; Guilherme Silveira<\/a><br \/>\n&#8211; <a href=\"https:\/\/youtu.be\/dU11IIYPA1U?si=v5XlbFhfmOLnll3j\">Primeira participa\u00e7\u00e3o do Guilherme no reality show de m\u00e1gica &#8220;Penn &amp; Teller Fool Us&#8221;<\/a><br \/>\n&#8211; <a href=\"https:\/\/youtu.be\/UuIufmevfI0?si=WdvQx2oKtqQwBs5_\">Segunda participa\u00e7\u00e3o do Guilherme no reality show de m\u00e1gica &#8220;Penn &amp; Teller Fool Us&#8221;<\/a><br \/>\n&#8211; <a href=\"https:\/\/www.linkedin.com\/in\/nataliasouzadados\/\">perfil da Naty no Linkedin<\/a><\/p>\n<p><strong><span style=\"color: #990000;\">Links citados nas Cartinhas do Tot\u00f4:<\/span><\/strong><br \/>\n&#8211; <a href=\"https:\/\/radiofobia.com.br\/podcast\/show\/reflexoes-sobre-o-podcast\/\">Ou\u00e7a o podcast <strong>&#8220;Reflex\u00f5es sobre o Podcast&#8221;<\/strong><\/a><br \/>\n&#8211; <a href=\"https:\/\/leolop.es\/fazendavita\">Ou\u00e7a <strong>&#8220;O Mist\u00e9rio da Fazenda Vita<\/strong>&#8220;<\/a><br \/>\n&#8211; <a href=\"https:\/\/podcastexperience.com.br\/\">Podcast Experience Summit 2023<\/a><br \/>\n&#8211; <a href=\"https:\/\/www.castnews.com.br\/\">assine a newsletter semanal do <strong>Castnews, a maior plataforma de not\u00edcias para podcasters do Brasil<\/strong><\/a><br \/>\n&#8211; <a href=\"https:\/\/www.castnews.com.br\/category\/podcast\/\">ou\u00e7a o <strong>podcast semanal do Castnews<\/strong><\/a><br \/>\n&#8211; <a href=\"https:\/\/t.me\/castnews_br\" target=\"_blank\" rel=\"noopener\">entre no canal do <strong>Castnews no Telegram<\/strong><\/a><br \/>\n&#8211; <a href=\"https:\/\/cursodepodcast.com\/\">assine o canal do <strong>Curso de Podcast<\/strong> no YouTube<\/a><br \/>\n&#8211; <a href=\"https:\/\/t.me\/ocursodepodcast\">participe do <strong>grupo do Curso de Podcast no Telegram<\/strong><\/a><br \/>\n&#8211; <a href=\"https:\/\/t.me\/radiofobianetwork\" target=\"_blank\" rel=\"noopener noreferrer\">participe do <strong>grupo de produtores, apresentadores e ouvintes dos podcasts da R\u00e1diofobia Podcast Network no Telegram<\/strong><\/a><br \/>\n&#8211; <a href=\"http:\/\/leolop.es\/rfobiayoutube\" target=\"_blank\" rel=\"noopener noreferrer\">assine o canal da <strong>R\u00e1diofobia Podcast Network no YouTube<\/strong>!<\/a><br \/>\n&#8211; <a href=\"https:\/\/www.twitch.tv\/radiofobialive\" target=\"_blank\" rel=\"noopener noreferrer\">assine o canal da <strong>R\u00e1diofobia Podcast Network no Twitch<\/strong>!<\/a><br \/>\n&#8211; <strong><a href=\"http:\/\/leolop.es\/rfpn_itunes\" target=\"_blank\" rel=\"noopener noreferrer\">R\u00e1diofobia Podcast Network no Apple Podcasts<\/a><\/strong><br \/>\n&#8211; <strong><a href=\"https:\/\/open.spotify.com\/show\/4MDAxOhUxwCCfIbevseMOU?si=PhrKhgZ_RDuf3KGHZIvkmQ\" target=\"_blank\" rel=\"noopener noreferrer\">R\u00e1diofobia Podcast Network no Spotify<\/a><\/strong><br \/>\n&#8211; <a href=\"https:\/\/twitter.com\/radiofobialhes\" target=\"_blank\" rel=\"noopener noreferrer\">Siga <strong>@radiofobialhes<\/strong> no tuV\u00edtter<\/a><br \/>\n&#8211; <a href=\"https:\/\/www.facebook.com\/radiofobiapodcast\" target=\"_blank\" rel=\"noopener noreferrer\">Curta a p\u00e1gina do <strong>Radiofobia Podcast<\/strong> no Facebook<\/a><\/p>\n<p><span style=\"color: #990000;\"><strong>Ou\u00e7a o R\u00e1diofobia Podcast nos principais agregadores:<\/strong><\/span><br \/>\n&#8211; <strong><a href=\"https:\/\/leolop.es\/rfobia_spotify\" target=\"_blank\" rel=\"noopener noreferrer\">Spotify<\/a><\/strong><br \/>\n&#8211; <strong><a href=\"https:\/\/leolop.es\/rfobia_googlepod\" target=\"_blank\" rel=\"noopener noreferrer\">Google Podcasts<\/a><\/strong><br \/>\n&#8211; <strong><a href=\"https:\/\/http:\/\/leolop.es\/rfitunes\" target=\"_blank\" rel=\"noopener noreferrer\">Apple Podcasts<\/a><\/strong><br \/>\n&#8211; <strong><a href=\"http:\/\/leolop.es\/rfobia_amazon\" target=\"_blank\" rel=\"noopener\">Amazon Music<\/a><\/strong><br \/>\n&#8211; <strong><a href=\"https:\/\/pca.st\/V12f\" target=\"_blank\" rel=\"noopener noreferrer\">PocketCasts<\/a><\/strong><\/p>\n<p><span style=\"color: #990000;\"><strong>Publicidade:<\/strong><\/span><br \/>\n<a href=\"http:\/\/leolop.es\/rfcontato\" target=\"_blank\" rel=\"noopener noreferrer\"><strong>Entre em contato<\/strong><\/a> e saiba como <em>anunciar sua marca, produto ou servi\u00e7o em nossos podcasts<\/em>.<\/p>\n","protected":false},"excerpt":{"rendered":"<p>Neste epis\u00f3dio conhecemos melhor o matem\u00e1tico, cientista da computa\u00e7\u00e3o, professor, co-fundador da Alura e m\u00e1gico Guilherme Silveira!<\/p>\n","protected":false},"author":2,"featured_media":28687,"comment_status":"open","ping_status":"closed","sticky":false,"template":"","format":"standard","meta":{"footnotes":""},"categories":[13,35],"tags":[3000,135,2477,3002,2999,1502,1668,2132,11,1894,44,3001,3004,2799,3005,3003,14,2902,15,2905,315,2857,48,2841],"class_list":["post-28686","post","type-post","status-publish","format-standard","has-post-thumbnail","hentry","category-podcast","category-radiofobia","tag-alura","tag-ao-vivo","tag-cartomagia","tag-ciencia-da-computacao","tag-guilherme-silveira","tag-instagram","tag-jessica-dalcin","tag-julio-macoggi","tag-leo-lopes","tag-live","tag-magica","tag-matematica","tag-mentalismo","tag-naty-nogueira","tag-pen-teller","tag-pensamento-analitico","tag-podcast","tag-podcaster","tag-radiofobia","tag-radiofobia-podcast-e-multimidia","tag-reality-show","tag-telegram","tag-twitter","tag-victor-estacio"],"_links":{"self":[{"href":"https:\/\/radiofobia.com.br\/podcast\/wp-json\/wp\/v2\/posts\/28686","targetHints":{"allow":["GET"]}}],"collection":[{"href":"https:\/\/radiofobia.com.br\/podcast\/wp-json\/wp\/v2\/posts"}],"about":[{"href":"https:\/\/radiofobia.com.br\/podcast\/wp-json\/wp\/v2\/types\/post"}],"author":[{"embeddable":true,"href":"https:\/\/radiofobia.com.br\/podcast\/wp-json\/wp\/v2\/users\/2"}],"replies":[{"embeddable":true,"href":"https:\/\/radiofobia.com.br\/podcast\/wp-json\/wp\/v2\/comments?post=28686"}],"version-history":[{"count":5,"href":"https:\/\/radiofobia.com.br\/podcast\/wp-json\/wp\/v2\/posts\/28686\/revisions"}],"predecessor-version":[{"id":28696,"href":"https:\/\/radiofobia.com.br\/podcast\/wp-json\/wp\/v2\/posts\/28686\/revisions\/28696"}],"wp:featuredmedia":[{"embeddable":true,"href":"https:\/\/radiofobia.com.br\/podcast\/wp-json\/wp\/v2\/media\/28687"}],"wp:attachment":[{"href":"https:\/\/radiofobia.com.br\/podcast\/wp-json\/wp\/v2\/media?parent=28686"}],"wp:term":[{"taxonomy":"category","embeddable":true,"href":"https:\/\/radiofobia.com.br\/podcast\/wp-json\/wp\/v2\/categories?post=28686"},{"taxonomy":"post_tag","embeddable":true,"href":"https:\/\/radiofobia.com.br\/podcast\/wp-json\/wp\/v2\/tags?post=28686"}],"curies":[{"name":"wp","href":"https:\/\/api.w.org\/{rel}","templated":true}]}}