{"id":28691,"date":"2023-10-23T10:00:55","date_gmt":"2023-10-23T13:00:55","guid":{"rendered":"https:\/\/radiofobia.com.br\/podcast\/?p=28691"},"modified":"2023-10-19T16:23:16","modified_gmt":"2023-10-19T19:23:16","slug":"curso-de-podcast-016-19-anos-do-podcast-no-brasil","status":"publish","type":"post","link":"https:\/\/radiofobia.com.br\/podcast\/2023\/10\/curso-de-podcast-016-19-anos-do-podcast-no-brasil\/","title":{"rendered":"Curso de Podcast #016 &#8211; 19 anos do podcast no Brasil!"},"content":{"rendered":"<p><iframe title=\"Curso de Podcast #016 - 19 anos do podcast no Brasil!\" src=\"https:\/\/omny.fm\/shows\/alo-tenica\/curso-de-podcast-016-19-anos-do-podcast-no-brasil\/embed\" width=\"100%\" height=\"180\" frameborder=\"0\"><\/iframe><\/p>\n<p><em><strong>Sauda\u00e7\u00f5es, ouvinte entusiasta do podcast!<\/strong><\/em><\/p>\n<p>Est\u00e1 no ar o <a href=\"http:\/\/cursodepodcast.com\" target=\"_blank\" rel=\"noopener\"><strong>Curso de Podcast<\/strong><\/a>, o seu\u00a0podcast sobre produ\u00e7\u00e3o de podcasts apresentado por\u00a0<strong><a style=\"font-weight: bold;\" href=\"http:\/\/twitter.com\/leoradiofobia\" target=\"_blank\" rel=\"noopener noreferrer\">Leo Lopes<\/a><\/strong>!<\/p>\n<p>Em <strong>21 de outubro de 2023<\/strong> o podcast brasileiro completa 19 anos. Essa \u00e9 uma data simb\u00f3lica, por conta da publica\u00e7\u00e3o do primeiro epis\u00f3dio do hoje descontinuado Digital Minds de Danilo Medeiros, considerado o primeiro podcast do Brasil.<\/p>\n<p>Nesse meio tempo, o podcast brasileiro deixou de ser &#8220;tipo um programa de r\u00e1dio, s\u00f3 que na internet&#8221; feito por meia d\u00fazia de aficionados por tecnologia para uma m\u00eddia com milhares de produtores, muitos milh\u00f5es de epis\u00f3dios e de ouvintes e outros tantos bilh\u00f5es de downloads! Isso sem falar nos podcasts em v\u00eddeo&#8230;<\/p>\n<p>Para o d\u00e9cimo sexto epis\u00f3dio do <strong>Curso de Podcast<\/strong>, <a href=\"https:\/\/leolopes.com.br\/\"><strong>Leo Lopes<\/strong><\/a> convidou <a href=\"https:\/\/www.instagram.com\/drikasanchez\/\"><strong>Adriana Sanchez<\/strong><\/a> (a Cafe\u00edna), <a href=\"https:\/\/www.instagram.com\/thiagomiro\/\"><strong>Thiago Miro<\/strong><\/a> e <a href=\"https:\/\/www.instagram.com\/estaciojv\/\"><strong>Victor Est\u00e1cio<\/strong><\/a> pra um papo sobre como o podcast brasileiro mudou ao longo desses 19 anos e juntos tentarem imaginar o que ainda vem pela frente!<\/p>\n<p><iframe title=\"YouTube video player\" src=\"https:\/\/www.youtube.com\/embed\/l_imTunGfy0?si=6sGxfIxRfhlOjmX7\" frameborder=\"0\" allowfullscreen=\"allowfullscreen\"><span data-mce-type=\"bookmark\" style=\"display: inline-block; width: 0px; overflow: hidden; line-height: 0;\" class=\"mce_SELRES_start\">\ufeff<\/span><\/iframe><\/p>\n<p>N\u00e3o se esque\u00e7a que voc\u00ea sempre pode <strong>interagir conosco nas redes sociais<\/strong>\u00a0e principalmente\u00a0<strong>deixar seu feedback aqui embaixo, na sess\u00e3o de coment\u00e1rios do post,\u00a0<\/strong>compartilhando conosco e com todos os ouvintes do <strong>Curso de Podcast<\/strong> as suas pr\u00f3prias reflex\u00f5es a respeito do podcast!<\/p>\n<p>Mande tamb\u00e9m sua d\u00favida, pergunta ou sugest\u00e3o tema e convidado, para que possamos continuar produzindo um conte\u00fado que ajude voc\u00ea a arrega\u00e7ar as mangas e fazer o seu pr\u00f3prio podcast!<\/p>\n<p><strong><span style=\"color: #990000;\">Cursos do Leo na Alura:<\/span><\/strong><br \/>\n&#8211; <a href=\"https:\/\/leolop.es\/alura_podcast\" target=\"_blank\" rel=\"noopener noreferrer\">Inscreva-se no <strong>Curso de PRODU\u00c7\u00c3O de Podcast com Leo Lopes<\/strong> na Alura!<\/a><br \/>\n&#8211; <a href=\"https:\/\/leolop.es\/alura_podcast2\" target=\"_blank\" rel=\"noopener noreferrer\">Inscreva-se no <strong>Curso de EDI\u00c7\u00c3O de Podcast com Leo Lopes<\/strong> na Alura!<\/a><\/p>\n<p><strong><span style=\"color: #990000;\">Links citados no epis\u00f3dio:\u00a0<\/span><\/strong><br \/>\n&#8211; <a href=\"https:\/\/leolop.es\/reflexoes\">Ou\u00e7a o podcast <strong>&#8220;Reflex\u00f5es sobre o Podcast&#8221;<\/strong><\/a><br \/>\n&#8211; <a href=\"https:\/\/drikasanchez.com.br\/\">Contrate os servi\u00e7os da <strong>Drika Sanchez<\/strong><\/a><br \/>\n&#8211; <a href=\"https:\/\/www.linkedin.com\/in\/drikasanchez\/\">perfil da Drika no Linkedin<\/a><br \/>\n&#8211; <a href=\"https:\/\/papodelas.com\/\">ou\u00e7a o Papo Delas<\/a><br \/>\n&#8211; <a href=\"https:\/\/estaciolab.myportfolio.com\/\">portf\u00f3lio de fotos do Victor Est\u00e1cio<\/a><br \/>\n&#8211; <a href=\"https:\/\/www.cesin.com.br\/\">Escola CESIN<\/a><\/p>\n<p><strong><span style=\"color: #990000;\">Cr\u00e9ditos do epis\u00f3dio:<\/span><\/strong><br \/>\n&#8211; Produ\u00e7\u00e3o geral, apresenta\u00e7\u00e3o, capta\u00e7\u00e3o e edi\u00e7\u00e3o: <a href=\"http:\/\/twitter.com\/leoradiofobia\">Leo Lopes<\/a><br \/>\n&#8211; Identidade Visual:\u00a0<a href=\"https:\/\/www.behance.net\/dellacolletta\" target=\"_blank\" rel=\"noopener\">Gui Dellacolletta<\/a><br \/>\n&#8211; Arte do Epis\u00f3dio: <a href=\"https:\/\/www.instagram.com\/canog_designevideo\/\">Camila Nogueira<\/a><\/p>\n<p>\ud83d\udcda<a href=\"https:\/\/leolop.es\/pgbebook\" target=\"_blank\" rel=\"noopener\"><strong><span style=\"color: #990000;\"><span style=\"text-decoration: underline;\">\u00a0CLIQUE AQUI para baixar a vers\u00e3o em e-book do livro &#8220;Podcast: Guia B\u00e1sico&#8221;<\/span>!<\/span><\/strong><\/a><\/p>\n<p><strong><span style=\"color: #990000;\">Interaja com a gente:<\/span><\/strong><br \/>\n&#8211; <a href=\"https:\/\/t.me\/radiofobianetwork\" target=\"_blank\" rel=\"noopener noreferrer\">participe do <strong>grupo de produtores, apresentadores e ouvintes dos podcasts da R\u00e1diofobia Podcast Network<\/strong> no Telegram<\/a><br \/>\n&#8211; <a href=\"https:\/\/t.me\/ocursodepodcast\">participe do <strong>grupo do Curso de Podcast<\/strong> no Telegram<\/a><br \/>\n&#8211; <a href=\"https:\/\/www.youtube.com\/user\/cursodepodcast\" target=\"_blank\" rel=\"noopener noreferrer\">Inscreva-se no canal do <strong>Curso de Podcast<\/strong> no YouTube<\/a><br \/>\n&#8211; <a href=\"https:\/\/twitter.com\/CursoDePodcast\" target=\"_blank\" rel=\"noopener noreferrer\">Siga o <strong>@cursodepodcast<\/strong> no Twitter<\/a><br \/>\n&#8211; <a href=\"http:\/\/twitter.com\/leoradiofobia\" target=\"_blank\" rel=\"noopener noreferrer\">Siga o <strong>@leoradiofobia<\/strong> no Twitter<\/a><br \/>\n&#8211; <a href=\"http:\/\/twitter.com\/radiofobia\" target=\"_blank\" rel=\"noopener noreferrer\">Siga a <strong>@radiofobia<\/strong> no Twitter<\/a><br \/>\n&#8211; <a href=\"https:\/\/www.facebook.com\/cursodepodcast\" target=\"_blank\" rel=\"noopener noreferrer\">Curta a p\u00e1gina do <strong>Curso de Podcast<\/strong> no Facebook<\/a><br \/>\n&#8211;\u00a0<a href=\"https:\/\/www.facebook.com\/radiofobiapodcast\" target=\"_blank\" rel=\"noopener noreferrer\">Curta a p\u00e1gina do\u00a0<strong>RADIOFOBIA<\/strong>\u00a0no Facebook<\/a><br \/>\n&#8211;\u00a0<a href=\"https:\/\/www.facebook.com\/radiofobiapm\" target=\"_blank\" rel=\"noopener noreferrer\">Curta a p\u00e1gina da\u00a0<strong>RADIOFOBIA Podcast e Multim\u00eddia<\/strong>\u00a0no Facebook<\/a><\/p>\n<p><span style=\"color: #990000;\"><strong>Ou\u00e7a o Curso de Podcast nos principais agregadores:<\/strong><\/span><br \/>\n&#8211; <a href=\"https:\/\/leolop.es\/alotenica_spotify\" target=\"_blank\" rel=\"noopener noreferrer\">Spotify<\/a><br \/>\n&#8211; <a href=\"https:\/\/leolop.es\/alotenica_googlepod\" target=\"_blank\" rel=\"noopener noreferrer\">Google Podcasts<\/a><br \/>\n&#8211; <a href=\"https:\/\/leolop.es\/rfpn_itunes\" target=\"_blank\" rel=\"noopener\">Apple Podcasts<\/a><br \/>\n&#8211; <a href=\"http:\/\/leolop.es\/alotenica_amazon\" target=\"_blank\" rel=\"noopener\">Amazon Music<\/a><br \/>\n&#8211; <a href=\"https:\/\/pca.st\/b2lM\" target=\"_blank\" rel=\"noopener noreferrer\">PocketCasts<\/a><\/p>\n<p><span style=\"color: #990000;\"><strong>E-mails:<\/strong><\/span><br \/>\nAjude-nos a fazer o programa enviando sua <em>colabora\u00e7\u00e3o<\/em>, <em>d\u00favida<\/em> ou <em>sugest\u00e3o de pauta<\/em> para <a href=\"mailto:cursodepodcast@gmail.com\" target=\"_blank\" rel=\"noopener\"><strong>cursodepodcast@gmail.com<\/strong><\/a>!<\/p>\n<p><span style=\"color: #990000;\"><strong>Publicidade:<\/strong><\/span><br \/>\n<a href=\"http:\/\/leolop.es\/rfcontato\" target=\"_blank\" rel=\"noopener noreferrer\"><strong>Entre em contato<\/strong><\/a> e saiba como <em>anunciar sua marca, produto ou servi\u00e7o em nossos podcasts<\/em>.<\/p>\n","protected":false},"excerpt":{"rendered":"<p>Neste epis\u00f3dio Leo Lopes recebeu Adriana Sanchez (a Cafe\u00edna), Thiago Miro e Victor Est\u00e1cio pra um papo sobre como o podcast brasileiro mudou ao longo dos seus primeiros 19 anos de exist\u00eancia.<\/p>\n","protected":false},"author":2,"featured_media":28692,"comment_status":"open","ping_status":"closed","sticky":false,"template":"","format":"standard","meta":{"footnotes":""},"categories":[358,13],"tags":[3006,2737,2092,2825,1326,2856,395,2854,362,2826,2855,1362,11,1894,93,14,365,15,2857,959,367,2841],"class_list":["post-28691","post","type-post","status-publish","format-standard","has-post-thumbnail","hentry","category-cursodepodcast","category-podcast","tag-19-anos","tag-adriana-sanchez","tag-aniversario","tag-audiencia","tag-cafeina","tag-comunidade","tag-curso-de-podcast","tag-download","tag-edicao","tag-engajamento","tag-fidelizacao","tag-historias","tag-leo-lopes","tag-live","tag-ouvintes","tag-podcast","tag-producao","tag-radiofobia","tag-telegram","tag-thiago-miro","tag-tutorial","tag-victor-estacio"],"_links":{"self":[{"href":"https:\/\/radiofobia.com.br\/podcast\/wp-json\/wp\/v2\/posts\/28691","targetHints":{"allow":["GET"]}}],"collection":[{"href":"https:\/\/radiofobia.com.br\/podcast\/wp-json\/wp\/v2\/posts"}],"about":[{"href":"https:\/\/radiofobia.com.br\/podcast\/wp-json\/wp\/v2\/types\/post"}],"author":[{"embeddable":true,"href":"https:\/\/radiofobia.com.br\/podcast\/wp-json\/wp\/v2\/users\/2"}],"replies":[{"embeddable":true,"href":"https:\/\/radiofobia.com.br\/podcast\/wp-json\/wp\/v2\/comments?post=28691"}],"version-history":[{"count":8,"href":"https:\/\/radiofobia.com.br\/podcast\/wp-json\/wp\/v2\/posts\/28691\/revisions"}],"predecessor-version":[{"id":28707,"href":"https:\/\/radiofobia.com.br\/podcast\/wp-json\/wp\/v2\/posts\/28691\/revisions\/28707"}],"wp:featuredmedia":[{"embeddable":true,"href":"https:\/\/radiofobia.com.br\/podcast\/wp-json\/wp\/v2\/media\/28692"}],"wp:attachment":[{"href":"https:\/\/radiofobia.com.br\/podcast\/wp-json\/wp\/v2\/media?parent=28691"}],"wp:term":[{"taxonomy":"category","embeddable":true,"href":"https:\/\/radiofobia.com.br\/podcast\/wp-json\/wp\/v2\/categories?post=28691"},{"taxonomy":"post_tag","embeddable":true,"href":"https:\/\/radiofobia.com.br\/podcast\/wp-json\/wp\/v2\/tags?post=28691"}],"curies":[{"name":"wp","href":"https:\/\/api.w.org\/{rel}","templated":true}]}}