{"id":28873,"date":"2024-01-29T10:00:02","date_gmt":"2024-01-29T13:00:02","guid":{"rendered":"https:\/\/radiofobia.com.br\/podcast\/?p=28873"},"modified":"2024-01-25T17:18:47","modified_gmt":"2024-01-25T20:18:47","slug":"radiofobia-371-o-barato-saiu-caro","status":"publish","type":"post","link":"https:\/\/radiofobia.com.br\/podcast\/2024\/01\/radiofobia-371-o-barato-saiu-caro\/","title":{"rendered":"R\u00c1DIOFOBIA 371 &#8211; O barato saiu caro"},"content":{"rendered":"<p><iframe title=\"R\u00c1DIOFOBIA 371 - O barato saiu caro\" src=\"https:\/\/omny.fm\/shows\/radiofobia-podcast\/r-diofobia-371-o-barato-saiu-caro\/embed\" width=\"100%\" height=\"180\" frameborder=\"0\"><\/iframe><\/p>\n<p>Sauda\u00e7\u00f5es idiotas, ouvinte radiofob\u00e9tico!<\/p>\n<p>Tem um ditado japon\u00eas que diz: <em>&#8220;Dinheiro mal ganho, dinheiro mal gasto&#8230;&#8221;<\/em>. \u00c0s vezes a gente acha que t\u00e1 economizando uns trocados comprando aquele produto &#8220;gen\u00e9rico&#8221; ou que que &#8220;caiu do caminh\u00e3o&#8221;, e quando vai ver gastou seus trocados com uma porcaria sem tamanho, n\u00e9? Quem nunca?<\/p>\n<p>Neste epis\u00f3dio <a href=\"https:\/\/www.instagram.com\/leoradiofobia\/\"><strong>Leo Lopes<\/strong><\/a>, <a href=\"https:\/\/www.instagram.com\/jedalcin\/\"><strong>J\u00e9ssica Dalcin<\/strong><\/a>, <a href=\"https:\/\/www.instagram.com\/thiagofuji\/\"><strong>Thiago Fujiwara<\/strong><\/a>, <a href=\"https:\/\/www.instagram.com\/juliomcg\/\"><strong>J\u00falio Macoggi<\/strong><\/a>\u00a0e <strong><a href=\"https:\/\/www.instagram.com\/estaciojv\/\">Vitor Est\u00e1cio<\/a><\/strong> compartilham suas hist\u00f3rias de derrota financeira, onde o que parecia barato acabou saindo caro demais&#8230;<\/p>\n<p>N\u00e3o deixe de <strong>interagir com a gente nas redes sociais<\/strong>, <strong>dar seu feedback sobre o papo e sugerir temas e convidados<\/strong>\u00a0para as pr\u00f3ximas edi\u00e7\u00f5es do nosso podcast, al\u00e9m de\u00a0<strong>deixar seu coment\u00e1rio no post,<\/strong> ok? Voc\u00ea tamb\u00e9m pode agora mandar sua cartinha para a <strong>Caixa Postal 279 &#8211; CEP 13930-970 &#8211; Serra Negra &#8211; SP<\/strong>, e seu e-mail para <strong><a title=\"[GMCP] Compose a new mail to podcast@radiofobia.com.br\" href=\"mailto:podcast@radiofobia.com.br\" target=\"blank\" rel=\"noopener noreferrer\">podcast@radiofobia.com.br<\/a><\/strong>!<\/p>\n<p><strong><span style=\"color: #990000;\">Arte do epis\u00f3dio:<\/span><\/strong>\u00a0<a href=\"https:\/\/linktr.ee\/sandrohojo\">Sandro Hojo<\/a><\/p>\n<p><iframe title=\"YouTube video player\" src=\"https:\/\/www.youtube.com\/embed\/vLSxSB8S_eQ?si=eTPZolqelfs2FuJP\" frameborder=\"0\" allowfullscreen=\"allowfullscreen\"><span data-mce-type=\"bookmark\" style=\"display: inline-block; width: 0px; overflow: hidden; line-height: 0;\" class=\"mce_SELRES_start\">\ufeff<\/span><\/iframe><\/p>\n<p><strong><span style=\"color: #990000;\">Links citados nas Cartinhas do Tot\u00f4:<\/span><\/strong><br \/>\n&#8211; <a href=\"https:\/\/leolop.es\/acepipes\">clique para assinar e ouvir o podcast <strong>&#8220;Acepipes e Birinaites&#8221;<\/strong><\/a><br \/>\n&#8211; <a href=\"https:\/\/podnoticias.com.br\/\">assine o <strong>Pod Not\u00edcias<\/strong> no seu agregador de podcast preferido<\/a><br \/>\n&#8211; <a href=\"https:\/\/t.me\/podnoticias\">entre no canal p\u00fablico do <strong>Pod Not\u00edcias<\/strong> no Telegram<\/a><br \/>\n&#8211; <a href=\"https:\/\/www.instagram.com\/pod.noticias\/\">siga o <strong>Pod Not\u00edcias<\/strong> no Instagram<\/a><br \/>\n&#8211; <a href=\"https:\/\/www.linkedin.com\/showcase\/pod-not%C3%ADcias\/\">acompanhe a page do <strong>Pod Not\u00edcias<\/strong> no Linkedin<\/a><\/p>\n<p><strong><span style=\"color: #990000;\">Links que indicamos sempre:<\/span><\/strong><br \/>\n&#8211; <a href=\"https:\/\/radiofobia.com.br\/podcast\/show\/reflexoes-sobre-o-podcast\/\">Ou\u00e7a o podcast <strong>&#8220;Reflex\u00f5es sobre o Podcast&#8221;<\/strong><\/a><br \/>\n&#8211; <a href=\"https:\/\/leolop.es\/fazendavita\">Ou\u00e7a o podcast <strong>&#8220;O Mist\u00e9rio da Fazenda Vita<\/strong>&#8220;<\/a><br \/>\n&#8211; <a href=\"http:\/\/radiofobiaclassics.com.br\/\">Acesse o novo site e ou\u00e7a a R\u00c1DIO 24h NO AR do <strong>R\u00e1diofobia Classics!<\/strong><\/a><br \/>\n&#8211; <a href=\"https:\/\/www.castnews.com.br\/\">assine a newsletter semanal do <strong>Castnews, a maior plataforma de not\u00edcias para podcasters do Brasil<\/strong><\/a><br \/>\n&#8211; <a href=\"https:\/\/www.castnews.com.br\/category\/podcast\/\">Ou\u00e7a o <strong>podcast semanal do Castnews<\/strong><\/a><br \/>\n&#8211; <a href=\"https:\/\/t.me\/castnews_br\" target=\"_blank\" rel=\"noopener\">entre no canal do <strong>Castnews no Telegram<\/strong><\/a><br \/>\n&#8211; <a href=\"https:\/\/cursodepodcast.com\/\">assine o canal do <strong>Curso de Podcast<\/strong> no YouTube<\/a><br \/>\n&#8211; <a href=\"https:\/\/t.me\/ocursodepodcast\">participe do <strong>grupo do Curso de Podcast no Telegram<\/strong><\/a><br \/>\n&#8211; <a href=\"https:\/\/t.me\/radiofobianetwork\" target=\"_blank\" rel=\"noopener noreferrer\">participe do <strong>grupo de produtores, apresentadores e ouvintes dos podcasts da R\u00e1diofobia Podcast Network no Telegram<\/strong><\/a><br \/>\n&#8211; <a href=\"http:\/\/leolop.es\/rfobiayoutube\" target=\"_blank\" rel=\"noopener noreferrer\">assine o canal da <strong>R\u00e1diofobia Podcast Network no YouTube<\/strong>!<\/a><br \/>\n&#8211; <a href=\"https:\/\/www.twitch.tv\/radiofobialive\" target=\"_blank\" rel=\"noopener noreferrer\">assine o canal da <strong>R\u00e1diofobia Podcast Network no Twitch<\/strong>!<\/a><br \/>\n&#8211; <strong><a href=\"http:\/\/leolop.es\/rfpn_itunes\" target=\"_blank\" rel=\"noopener noreferrer\">R\u00e1diofobia Podcast Network no Apple Podcasts<\/a><\/strong><br \/>\n&#8211; <strong><a href=\"https:\/\/open.spotify.com\/show\/4MDAxOhUxwCCfIbevseMOU?si=PhrKhgZ_RDuf3KGHZIvkmQ\" target=\"_blank\" rel=\"noopener noreferrer\">R\u00e1diofobia Podcast Network no Spotify<\/a><\/strong><br \/>\n&#8211; <a href=\"https:\/\/twitter.com\/radiofobialhes\" target=\"_blank\" rel=\"noopener noreferrer\">Siga <strong>@radiofobialhes<\/strong> no tuV\u00edtter<\/a><br \/>\n&#8211; <a href=\"https:\/\/www.facebook.com\/radiofobiapodcast\" target=\"_blank\" rel=\"noopener noreferrer\">Curta a p\u00e1gina do <strong>Radiofobia Podcast<\/strong> no Facebook<\/a><\/p>\n<p><span style=\"color: #990000;\"><strong>Ou\u00e7a o R\u00e1diofobia Podcast nos principais agregadores:<\/strong><\/span><br \/>\n&#8211; <strong><a href=\"https:\/\/leolop.es\/rfobia_spotify\" target=\"_blank\" rel=\"noopener noreferrer\">Spotify<\/a><\/strong><br \/>\n&#8211; <strong><a href=\"https:\/\/leolop.es\/rfobia_googlepod\" target=\"_blank\" rel=\"noopener noreferrer\">Google Podcasts<\/a><\/strong><br \/>\n&#8211; <strong><a href=\"https:\/\/http:\/\/leolop.es\/rfitunes\" target=\"_blank\" rel=\"noopener noreferrer\">Apple Podcasts<\/a><\/strong><br \/>\n&#8211; <strong><a href=\"http:\/\/leolop.es\/rfobia_amazon\" target=\"_blank\" rel=\"noopener\">Amazon Music<\/a><\/strong><br \/>\n&#8211; <strong><a href=\"https:\/\/pca.st\/V12f\" target=\"_blank\" rel=\"noopener noreferrer\">PocketCasts<\/a><\/strong><\/p>\n<p><span style=\"color: #990000;\"><strong>Publicidade:<\/strong><\/span><br \/>\n<a href=\"http:\/\/leolop.es\/rfcontato\" target=\"_blank\" rel=\"noopener noreferrer\"><strong>Entre em contato<\/strong><\/a> e saiba como <em>anunciar sua marca, produto ou servi\u00e7o em nossos podcasts<\/em>.<\/p>\n","protected":false},"excerpt":{"rendered":"<p>Neste epis\u00f3dio compartilhamos nossas hist\u00f3rias de derrota financeira, onde o que parecia barato acabou saindo caro demais&#8230;<\/p>\n","protected":false},"author":2,"featured_media":28874,"comment_status":"open","ping_status":"closed","sticky":false,"template":"","format":"standard","meta":{"footnotes":""},"categories":[13,35],"tags":[135,3058,3019,2255,1502,1668,2132,11,1894,14,2902,15,2905,2857,592,48,2841],"class_list":["post-28873","post","type-post","status-publish","format-standard","has-post-thumbnail","hentry","category-podcast","category-radiofobia","tag-ao-vivo","tag-barato","tag-derrota","tag-dinheiro","tag-instagram","tag-jessica-dalcin","tag-julio-macoggi","tag-leo-lopes","tag-live","tag-podcast","tag-podcaster","tag-radiofobia","tag-radiofobia-podcast-e-multimidia","tag-telegram","tag-thiago-fujiwara","tag-twitter","tag-victor-estacio"],"_links":{"self":[{"href":"https:\/\/radiofobia.com.br\/podcast\/wp-json\/wp\/v2\/posts\/28873","targetHints":{"allow":["GET"]}}],"collection":[{"href":"https:\/\/radiofobia.com.br\/podcast\/wp-json\/wp\/v2\/posts"}],"about":[{"href":"https:\/\/radiofobia.com.br\/podcast\/wp-json\/wp\/v2\/types\/post"}],"author":[{"embeddable":true,"href":"https:\/\/radiofobia.com.br\/podcast\/wp-json\/wp\/v2\/users\/2"}],"replies":[{"embeddable":true,"href":"https:\/\/radiofobia.com.br\/podcast\/wp-json\/wp\/v2\/comments?post=28873"}],"version-history":[{"count":3,"href":"https:\/\/radiofobia.com.br\/podcast\/wp-json\/wp\/v2\/posts\/28873\/revisions"}],"predecessor-version":[{"id":28883,"href":"https:\/\/radiofobia.com.br\/podcast\/wp-json\/wp\/v2\/posts\/28873\/revisions\/28883"}],"wp:featuredmedia":[{"embeddable":true,"href":"https:\/\/radiofobia.com.br\/podcast\/wp-json\/wp\/v2\/media\/28874"}],"wp:attachment":[{"href":"https:\/\/radiofobia.com.br\/podcast\/wp-json\/wp\/v2\/media?parent=28873"}],"wp:term":[{"taxonomy":"category","embeddable":true,"href":"https:\/\/radiofobia.com.br\/podcast\/wp-json\/wp\/v2\/categories?post=28873"},{"taxonomy":"post_tag","embeddable":true,"href":"https:\/\/radiofobia.com.br\/podcast\/wp-json\/wp\/v2\/tags?post=28873"}],"curies":[{"name":"wp","href":"https:\/\/api.w.org\/{rel}","templated":true}]}}