{"id":29013,"date":"2024-02-14T16:38:01","date_gmt":"2024-02-14T19:38:01","guid":{"rendered":"https:\/\/radiofobia.com.br\/podcast\/?p=29013"},"modified":"2024-02-14T16:38:01","modified_gmt":"2024-02-14T19:38:01","slug":"voz-off-078-madeleine-alves","status":"publish","type":"post","link":"https:\/\/radiofobia.com.br\/podcast\/2024\/02\/voz-off-078-madeleine-alves\/","title":{"rendered":"VOZ OFF 078 &#8211; Madeleine Alves"},"content":{"rendered":"<p><iframe title=\"VOZ 0FF 078 - Madeleine Alves\" src=\"https:\/\/omny.fm\/shows\/voz-off\/voz-0ff-078-madeleine-alves\/embed\" width=\"100%\" height=\"180\" frameborder=\"0\"><\/iframe><\/p>\n<p><em><strong>Sauda\u00e7\u00f5es, ouvintes apaixonados por locu\u00e7\u00e3o. Est\u00e1 NO AR o\u00a0<\/strong><\/em><em><strong>78\u00ba podcast VOZ OFF!<\/strong><\/em><\/p>\n<p>Neste epis\u00f3dio<span style=\"color: #666666;\">, <strong><a href=\"https:\/\/twitter.com\/antonioviviani\" target=\"_blank\" rel=\"noopener noreferrer\" data-saferedirecturl=\"https:\/\/www.google.com\/url?q=https:\/\/twitter.com\/antonioviviani&amp;source=gmail&amp;ust=1547142011247000&amp;usg=AFQjCNGZ8kg3VQj-BI_K7dDR21HNmPxEOA\">Ant\u00f4nio Viviani<\/a>\u00a0<\/strong>e\u00a0<strong><a href=\"https:\/\/twitter.com\/nicolalauletta\" target=\"_blank\" rel=\"noopener noreferrer\" data-saferedirecturl=\"https:\/\/www.google.com\/url?q=https:\/\/twitter.com\/nicolalauletta&amp;source=gmail&amp;ust=1547142011247000&amp;usg=AFQjCNEexDjV314C4BXxGZ5bnNDyXJ1YVg\">Nicola Lauletta<\/a> <\/strong><\/span>conversam com mais uma grande voz do r\u00e1dio e da TV.<\/p>\n<p>Nascida em Bragan\u00e7a Paulista &#8211; SP, desde crian\u00e7a desafiada pelo pai, lia not\u00edcias de jornal em voz alta junto com um irm\u00e3o, o que fez com que ela se tornasse a oradora de sua turma e com 13 anos ao ler um texto na escola para uma radialista, foi convidada por ela para trabalhar na r\u00e1dio de sua cidade.<\/p>\n<p>Com seus 14 anos, j\u00e1 produzia e comandava um programa musical antes das jornadas esportivas e ao mudar para Campinas para fazer faculdade de jornalismo, conseguiu um emprego numa emissora na cidade.<\/p>\n<p>Certa vez foi escalada para substituir seu diretor e apresentar um evento da TV Cultura na sua cidade, e deixou excelente impress\u00e3o, tanto que lhe foi prometida uma futura oportunidade para vir para a R\u00e1dio Cultura em S\u00e3o Paulo.<\/p>\n<p>Ainda trabalhou por 6 meses em uma r\u00e1dio em Valinhos at\u00e9 finalmente receber o convite para vir para S\u00e3o Paulo e trabalhar na Cultura AM.<\/p>\n<p>Quem vai nos contar essa hist\u00f3ria de sucesso \u00e9 a <strong>Madeleine Alves<\/strong>.<\/p>\n<p>A conversa aconteceu em <strong>janeiro de 2024<\/strong> e voc\u00ea vai saber que ela tamb\u00e9m trabalhou na TV Cultura, sendo uma das apresentadoras do Jornal 60 minutos, um marco no telejornalismo televisivo dos anos 1990, at\u00e9 que decidiu voltar para o r\u00e1dio, onde trabalha at\u00e9 hoje na Cultura FM.<\/p>\n<p>Tamb\u00e9m faz parte deste epis\u00f3dio, uma homenagem p\u00f3stuma ao grande Pivo (Paulo Ivo) que nos deixou em 11 de fevereiro de 2024, tr\u00eas dias antes de lan\u00e7armos este epis\u00f3dio do Voz Off.<\/p>\n<p>Com a gente, e pra voc\u00eas: <strong>MADELEINE ALVES<\/strong>!<\/p>\n<p><strong style=\"color: #990000;\">Para seguir nas redes sociais:<\/strong><br \/>\n&#8211; <a href=\"https:\/\/www.facebook.com\/podcastvozoff\/\" target=\"_blank\" rel=\"noopener noreferrer\">Curta a p\u00e1gina do podcast <strong>Voz Off<\/strong> no Facebook<\/a><br \/>\n&#8211; <a href=\"https:\/\/twitter.com\/podcastvozoff\" target=\"_blank\" rel=\"noopener noreferrer\">Siga o <strong>@podcastvozoff<\/strong> no Twitter<\/a><br \/>\n&#8211; <a href=\"https:\/\/www.facebook.com\/antoniovivianilocutor\/\" target=\"_blank\" rel=\"noopener noreferrer\">Curta a p\u00e1gina do <strong>Antonio Viviani<\/strong> no Facebook<\/a><br \/>\n&#8211; <a href=\"https:\/\/twitter.com\/antonioviviani\" target=\"_blank\" rel=\"noopener noreferrer\">Siga o <strong>@antonioviviani<\/strong> no Twitter<\/a><br \/>\n&#8211; <a href=\"https:\/\/www.instagram.com\/antonio.viviani\/\" target=\"_blank\" rel=\"noopener noreferrer\">Siga o <strong>@antonio.viviani<\/strong> no Instagram<\/a><br \/>\n&#8211; <a href=\"https:\/\/twitter.com\/nicolalauletta\" target=\"_blank\" rel=\"noopener noreferrer\">Siga o <strong>@nicolalauletta<\/strong> no Twitter<\/a><br \/>\n&#8211; <a href=\"https:\/\/www.facebook.com\/EchosStudios\" target=\"_blank\" rel=\"noopener noreferrer\">Curta a p\u00e1gina do <strong>Echo&#8217;s Studio<\/strong> no Facebook<\/a><br \/>\n&#8211; <a href=\"https:\/\/www.facebook.com\/vozaobra\/\" target=\"_blank\" rel=\"noopener noreferrer\">Curta a p\u00e1gina do <strong>Workshop de Locu\u00e7\u00e3o Voz A Obra<\/strong>\u00a0no Facebook<\/a><br \/>\n&#8211; <a href=\"http:\/\/leolop.es\/textosentido\" target=\"_blank\" rel=\"noopener noreferrer\">Ou\u00e7a tamb\u00e9m o podcast <strong>TEXTO SENTIDO<\/strong> com Ant\u00f4nio Viviani<\/a><\/p>\n<p><strong style=\"color: #990000;\">Assine o FEED do Voz Off:<\/strong><br \/>\nPara ouvir o Voz Off no seu agregador de podcasts preferido, <a href=\"http:\/\/leolop.es\/feedvozoff\" target=\"_blank\" rel=\"noopener noreferrer\"><strong>clique aqui e assine o nosso FEED<\/strong><\/a>!<\/p>\n<p><strong style=\"color: #990000;\">Assine e avalie nosso podcast no iTunes:<\/strong><br \/>\nSe voc\u00ea usa o<strong> iTunes<\/strong> no seu computador, tablet ou smartphone, <a href=\"https:\/\/itunes.apple.com\/us\/podcast\/id1252595385\" target=\"_blank\" rel=\"noopener noreferrer\"><strong>assine e avalie nosso podcast clicando aqui<\/strong><\/a>!<\/p>\n<p><strong style=\"color: #990000;\">Voz Off no Spotify:<\/strong><br \/>\nCaso prefira ouvir o <strong>Voz Off <\/strong>no<strong> Spotify<\/strong>, <a href=\"https:\/\/open.spotify.com\/show\/16gSvztELYfMu42Vu22gug?si=UW6_DO3bQwaYUt4aNjb4TQ\" target=\"_blank\" rel=\"noopener noreferrer\"><strong>\u00e9 s\u00f3 clicar aqui e assinar o nosso podcast no servi\u00e7o de streaming<\/strong><\/a>!<\/p>\n<p><span style=\"color: #990000;\"><strong>E-mails:<\/strong><\/span><br \/>\nMande seu feedback pra gente atrav\u00e9s do e-mail\u00a0<a href=\"mailto:podcastvozoff@gmail.com\"><strong>podcastvozoff@gmail.com<\/strong><\/a>!<\/p>\n<p><span style=\"color: #990000;\"><strong>Publicidade:<\/strong><\/span><br \/>\n<a href=\"http:\/\/leolop.es\/rfcontato\" target=\"_blank\" rel=\"noopener noreferrer\"><strong>Entre em contato<\/strong><\/a> e saiba como <em>anunciar sua marca, produto ou servi\u00e7o em nossos podcasts<\/em>.<\/p>\n","protected":false},"excerpt":{"rendered":"<p>Ant\u00f4nio Viviani e Nicola Lauletta ouvem a hist\u00f3ria de sucesso no r\u00e1dio e na TV de Madeleine Alves!<\/p>\n","protected":false},"author":2,"featured_media":29014,"comment_status":"open","ping_status":"closed","sticky":false,"template":"","format":"standard","meta":{"footnotes":""},"categories":[13,1220],"tags":[],"class_list":["post-29013","post","type-post","status-publish","format-standard","has-post-thumbnail","hentry","category-podcast","category-vozoff"],"_links":{"self":[{"href":"https:\/\/radiofobia.com.br\/podcast\/wp-json\/wp\/v2\/posts\/29013","targetHints":{"allow":["GET"]}}],"collection":[{"href":"https:\/\/radiofobia.com.br\/podcast\/wp-json\/wp\/v2\/posts"}],"about":[{"href":"https:\/\/radiofobia.com.br\/podcast\/wp-json\/wp\/v2\/types\/post"}],"author":[{"embeddable":true,"href":"https:\/\/radiofobia.com.br\/podcast\/wp-json\/wp\/v2\/users\/2"}],"replies":[{"embeddable":true,"href":"https:\/\/radiofobia.com.br\/podcast\/wp-json\/wp\/v2\/comments?post=29013"}],"version-history":[{"count":2,"href":"https:\/\/radiofobia.com.br\/podcast\/wp-json\/wp\/v2\/posts\/29013\/revisions"}],"predecessor-version":[{"id":29016,"href":"https:\/\/radiofobia.com.br\/podcast\/wp-json\/wp\/v2\/posts\/29013\/revisions\/29016"}],"wp:featuredmedia":[{"embeddable":true,"href":"https:\/\/radiofobia.com.br\/podcast\/wp-json\/wp\/v2\/media\/29014"}],"wp:attachment":[{"href":"https:\/\/radiofobia.com.br\/podcast\/wp-json\/wp\/v2\/media?parent=29013"}],"wp:term":[{"taxonomy":"category","embeddable":true,"href":"https:\/\/radiofobia.com.br\/podcast\/wp-json\/wp\/v2\/categories?post=29013"},{"taxonomy":"post_tag","embeddable":true,"href":"https:\/\/radiofobia.com.br\/podcast\/wp-json\/wp\/v2\/tags?post=29013"}],"curies":[{"name":"wp","href":"https:\/\/api.w.org\/{rel}","templated":true}]}}