{"id":29199,"date":"2024-03-18T16:25:20","date_gmt":"2024-03-18T19:25:20","guid":{"rendered":"https:\/\/radiofobia.com.br\/podcast\/?p=29199"},"modified":"2024-03-18T16:25:20","modified_gmt":"2024-03-18T19:25:20","slug":"radiofobia-375-perrengues-de-trabalho-com-dois-empregos","status":"publish","type":"post","link":"https:\/\/radiofobia.com.br\/podcast\/2024\/03\/radiofobia-375-perrengues-de-trabalho-com-dois-empregos\/","title":{"rendered":"R\u00c1DIOFOBIA 375 &#8211; Perrengues de trabalho, com Dois Empregos"},"content":{"rendered":"<p><iframe title=\"R\u00c1DIOFOBIA 375 - Perrengues de trabalho, com Dois Empregos\" src=\"https:\/\/omny.fm\/shows\/radiofobia-podcast\/r-diofobia-375-perrengues-de-trabalho-com-dois-emp\/embed\" width=\"100%\" height=\"180\" frameborder=\"0\"><\/iframe><\/p>\n<p>Sauda\u00e7\u00f5es laborosas, ouvinte radiofob\u00e9tico!<\/p>\n<p>Trabalhar \u00e9 bom, \u00e9 necess\u00e1rio, mas d\u00e1 um trabalho&#8230; Qualquer pessoa que j\u00e1 tenha trabalhado pelo menos uma vez na vida com certeza de v\u00e1rias hist\u00f3rias pra contar, n\u00e3o \u00e9? Algumas de vit\u00f3ria, mas talvez muita &#8211; muitas mesmo &#8211; de perrengue. Faz parte do processo.<\/p>\n<p>Neste primeiro epis\u00f3dio do Ano 16 do R\u00c1DIOFOBIA <a href=\"https:\/\/www.instagram.com\/leoradiofobia\/\"><strong>Leo Lopes<\/strong><\/a>, <a href=\"https:\/\/www.instagram.com\/lana_tavora\/\"><strong>Lana T\u00e1vora<\/strong><\/a>, <a href=\"https:\/\/www.instagram.com\/juliomcg\/\"><strong>J\u00falio Macoggi<\/strong><\/a> e <strong><a href=\"https:\/\/www.instagram.com\/estaciojv\/\">Vitor Est\u00e1cio<\/a><\/strong> fizeram a lista dos grandes bizius que j\u00e1 passaram em seus trabalhos e convidaram os amigos <strong>Caio<\/strong> e <a href=\"https:\/\/www.instagram.com\/klaustrofobiatv\/\"><strong>Klaus<\/strong><\/a>, diretamente do podcast <a href=\"https:\/\/www.doisempregos.com.br\/\"><strong>Dois Empregos<\/strong><\/a>, para um crossover recheado de causos&#8230; e muita derrota!<\/p>\n<p>N\u00e3o deixe de <strong>interagir com a gente nas redes sociais<\/strong>, <strong>dar seu feedback sobre o papo e sugerir temas e convidados<\/strong>\u00a0para as pr\u00f3ximas edi\u00e7\u00f5es do nosso podcast, al\u00e9m de\u00a0<strong>deixar seu coment\u00e1rio no post,<\/strong> ok? Voc\u00ea tamb\u00e9m pode agora mandar sua cartinha para a <strong>Caixa Postal 279 &#8211; CEP 13930-970 &#8211; Serra Negra &#8211; SP<\/strong>, e seu e-mail para <strong><a title=\"[GMCP] Compose a new mail to podcast@radiofobia.com.br\" href=\"mailto:podcast@radiofobia.com.br\" target=\"blank\" rel=\"noopener noreferrer\">podcast@radiofobia.com.br<\/a><\/strong>!<\/p>\n<p><strong><span style=\"color: #990000;\">Arte do epis\u00f3dio:<\/span><\/strong>\u00a0<a href=\"https:\/\/linktr.ee\/sandrohojo\">Sandro Hojo<\/a><\/p>\n<p><iframe title=\"YouTube video player\" src=\"https:\/\/www.youtube.com\/embed\/iMsqFskFSrE?si=cbc9jGXZxFF1LaKD\" frameborder=\"0\" allowfullscreen=\"allowfullscreen\"><span data-mce-type=\"bookmark\" style=\"display: inline-block; width: 0px; overflow: hidden; line-height: 0;\" class=\"mce_SELRES_start\">\ufeff<\/span><\/iframe><\/p>\n<p><strong><span style=\"color: #990000;\">Links citados no epis\u00f3dio:<\/span><\/strong><br \/>\n&#8211; <a href=\"https:\/\/pca.st\/mn0v1nm3\">Dois Empregos #152 &#8211; Recrutando DURANTE o S3XO<\/a><br \/>\n&#8211; <a href=\"https:\/\/pca.st\/siq7ez3n\">Dois Empregos #96 &#8211; Saindo NO SOCO com o FRANGO!<\/a><br \/>\n&#8211; <a href=\"https:\/\/pca.st\/fqpw6yf8\">Dois Empregos #158 &#8211; O INSUPORT\u00c1VEL Chefe M\u00edstico!<\/a><\/p>\n<p><strong><span style=\"color: #990000;\">Links citados nas Cartinhas do Tot\u00f4:<\/span><\/strong><br \/>\n&#8211; <a href=\"https:\/\/omny.fm\/shows\/dois-empregos\/160-podcasts-passado-presente-e-futuro-ft-leo-lope\">participa\u00e7\u00e3o do Leo no Dois Empregos #160 &#8211; Podcasts: PASSADO, PRESENTE e FUTURO<\/a><br \/>\n&#8211; <a href=\"https:\/\/leolop.es\/acepipes010\">Acepipes e Birinaites #010 \u2013 Sandu\u00edche de pernil, com Edson Castro<\/a><br \/>\n&#8211; <a href=\"https:\/\/leolop.es\/acepipes011\">Acepipes e Birinaites #011 \u2013 Aperol Spritz, com Tato Tarcan<\/a><br \/>\n&#8211; <a href=\"https:\/\/leolop.es\/acepipes\">clique para assinar e ouvir o podcast <strong>Acepipes e Birinaites<\/strong><\/a><br \/>\n&#8211; <a href=\"https:\/\/radiofobia.com.br\/podcast\/show\/eletrobanjo\/\">clique para assinar e ouvir o <strong>Eletrobanjo<\/strong>, com Lana T\u00e1vora<\/a><br \/>\n&#8211; <a href=\"https:\/\/podnoticias.com.br\/\">assine o <strong>Pod Not\u00edcias<\/strong> no seu agregador de podcast preferido<\/a><br \/>\n&#8211; <a href=\"https:\/\/t.me\/podnoticias\">entre no canal p\u00fablico do <strong>Pod Not\u00edcias<\/strong> no Telegram<\/a><br \/>\n&#8211; <a href=\"https:\/\/www.instagram.com\/pod.noticias\/\">siga o <strong>Pod Not\u00edcias<\/strong> no Instagram<\/a><br \/>\n&#8211; <a href=\"https:\/\/www.linkedin.com\/showcase\/pod-not%C3%ADcias\/\">acompanhe a page do <strong>Pod Not\u00edcias<\/strong> no Linkedin<\/a><\/p>\n<p><strong><span style=\"color: #990000;\">Links que indicamos sempre:<\/span><\/strong><br \/>\n&#8211; <a href=\"https:\/\/radiofobia.com.br\/podcast\/show\/reflexoes-sobre-o-podcast\/\">Ou\u00e7a o podcast <strong>&#8220;Reflex\u00f5es sobre o Podcast&#8221;<\/strong><\/a><br \/>\n&#8211; <a href=\"https:\/\/leolop.es\/fazendavita\">Ou\u00e7a o podcast <strong>&#8220;O Mist\u00e9rio da Fazenda Vita<\/strong>&#8220;<\/a><br \/>\n&#8211; <a href=\"http:\/\/radiofobiaclassics.com.br\/\">Acesse o novo site e ou\u00e7a a R\u00c1DIO 24h NO AR do <strong>R\u00e1diofobia Classics!<\/strong><\/a><br \/>\n&#8211; <a href=\"https:\/\/cursodepodcast.com\/\">assine o canal do <strong>Curso de Podcast<\/strong> no YouTube<\/a><br \/>\n&#8211; <a href=\"https:\/\/t.me\/ocursodepodcast\">participe do <strong>grupo do Curso de Podcast no Telegram<\/strong><\/a><br \/>\n&#8211; <a href=\"https:\/\/t.me\/radiofobianetwork\" target=\"_blank\" rel=\"noopener noreferrer\">participe do <strong>grupo de produtores, apresentadores e ouvintes dos podcasts da R\u00e1diofobia Podcast Network no Telegram<\/strong><\/a><br \/>\n&#8211; <a href=\"http:\/\/leolop.es\/rfobiayoutube\" target=\"_blank\" rel=\"noopener noreferrer\">assine o canal da <strong>R\u00e1diofobia Podcast Network no YouTube<\/strong>!<\/a><br \/>\n&#8211; <a href=\"https:\/\/www.twitch.tv\/radiofobialive\" target=\"_blank\" rel=\"noopener noreferrer\">assine o canal da <strong>R\u00e1diofobia Podcast Network no Twitch<\/strong>!<\/a><br \/>\n&#8211; <strong><a href=\"http:\/\/leolop.es\/rfpn_itunes\" target=\"_blank\" rel=\"noopener noreferrer\">R\u00e1diofobia Podcast Network no Apple Podcasts<\/a><\/strong><br \/>\n&#8211; <strong><a href=\"https:\/\/open.spotify.com\/show\/4MDAxOhUxwCCfIbevseMOU?si=PhrKhgZ_RDuf3KGHZIvkmQ\" target=\"_blank\" rel=\"noopener noreferrer\">R\u00e1diofobia Podcast Network no Spotify<\/a><\/strong><br \/>\n&#8211; <a href=\"https:\/\/twitter.com\/radiofobialhes\" target=\"_blank\" rel=\"noopener noreferrer\">Siga <strong>@radiofobialhes<\/strong> no tuV\u00edtter<\/a><br \/>\n&#8211; <a href=\"https:\/\/www.facebook.com\/radiofobiapodcast\" target=\"_blank\" rel=\"noopener noreferrer\">Curta a p\u00e1gina do <strong>Radiofobia Podcast<\/strong> no Facebook<\/a><\/p>\n<p><span style=\"color: #990000;\"><strong>Ou\u00e7a o R\u00e1diofobia Podcast nos principais agregadores:<\/strong><\/span><br \/>\n&#8211; <strong><a href=\"https:\/\/leolop.es\/rfobia_spotify\" target=\"_blank\" rel=\"noopener noreferrer\">Spotify<\/a><\/strong><br \/>\n&#8211; <strong><a href=\"https:\/\/leolop.es\/rfobia_googlepod\" target=\"_blank\" rel=\"noopener noreferrer\">Google Podcasts<\/a><\/strong><br \/>\n&#8211; <strong><a href=\"https:\/\/http:\/\/leolop.es\/rfitunes\" target=\"_blank\" rel=\"noopener noreferrer\">Apple Podcasts<\/a><\/strong><br \/>\n&#8211; <strong><a href=\"http:\/\/leolop.es\/rfobia_amazon\" target=\"_blank\" rel=\"noopener\">Amazon Music<\/a><\/strong><br \/>\n&#8211; <strong><a href=\"https:\/\/pca.st\/V12f\" target=\"_blank\" rel=\"noopener noreferrer\">PocketCasts<\/a><\/strong><\/p>\n<p><span style=\"color: #990000;\"><strong>Publicidade:<\/strong><\/span><br \/>\n<a href=\"http:\/\/leolop.es\/rfcontato\" target=\"_blank\" rel=\"noopener noreferrer\"><strong>Entre em contato<\/strong><\/a> e saiba como <em>anunciar sua marca, produto ou servi\u00e7o em nossos podcasts<\/em>.<\/p>\n","protected":false},"excerpt":{"rendered":"<p>Um papo com os amigos Caio e Klaus, diretamente do podcast Dois Empregos, para um crossover recheado de causos&#8230; e muita derrota!<\/p>\n","protected":false},"author":2,"featured_media":29211,"comment_status":"open","ping_status":"closed","sticky":false,"template":"","format":"standard","meta":{"footnotes":""},"categories":[71,13,35],"tags":[],"class_list":["post-29199","post","type-post","status-publish","format-standard","has-post-thumbnail","hentry","category-daboucast","category-podcast","category-radiofobia"],"_links":{"self":[{"href":"https:\/\/radiofobia.com.br\/podcast\/wp-json\/wp\/v2\/posts\/29199","targetHints":{"allow":["GET"]}}],"collection":[{"href":"https:\/\/radiofobia.com.br\/podcast\/wp-json\/wp\/v2\/posts"}],"about":[{"href":"https:\/\/radiofobia.com.br\/podcast\/wp-json\/wp\/v2\/types\/post"}],"author":[{"embeddable":true,"href":"https:\/\/radiofobia.com.br\/podcast\/wp-json\/wp\/v2\/users\/2"}],"replies":[{"embeddable":true,"href":"https:\/\/radiofobia.com.br\/podcast\/wp-json\/wp\/v2\/comments?post=29199"}],"version-history":[{"count":11,"href":"https:\/\/radiofobia.com.br\/podcast\/wp-json\/wp\/v2\/posts\/29199\/revisions"}],"predecessor-version":[{"id":29233,"href":"https:\/\/radiofobia.com.br\/podcast\/wp-json\/wp\/v2\/posts\/29199\/revisions\/29233"}],"wp:featuredmedia":[{"embeddable":true,"href":"https:\/\/radiofobia.com.br\/podcast\/wp-json\/wp\/v2\/media\/29211"}],"wp:attachment":[{"href":"https:\/\/radiofobia.com.br\/podcast\/wp-json\/wp\/v2\/media?parent=29199"}],"wp:term":[{"taxonomy":"category","embeddable":true,"href":"https:\/\/radiofobia.com.br\/podcast\/wp-json\/wp\/v2\/categories?post=29199"},{"taxonomy":"post_tag","embeddable":true,"href":"https:\/\/radiofobia.com.br\/podcast\/wp-json\/wp\/v2\/tags?post=29199"}],"curies":[{"name":"wp","href":"https:\/\/api.w.org\/{rel}","templated":true}]}}