{"id":29263,"date":"2024-03-26T06:01:37","date_gmt":"2024-03-26T09:01:37","guid":{"rendered":"https:\/\/radiofobia.com.br\/podcast\/?p=29263"},"modified":"2024-03-25T17:08:12","modified_gmt":"2024-03-25T20:08:12","slug":"eletrobanjo-08-esteban-tavares","status":"publish","type":"post","link":"https:\/\/radiofobia.com.br\/podcast\/2024\/03\/eletrobanjo-08-esteban-tavares\/","title":{"rendered":"Eletrobanjo #08 &#8211; Esteban Tavares"},"content":{"rendered":"<p><iframe title=\"Eletrobanjo #08 - Esteban Tavares\" src=\"https:\/\/omny.fm\/shows\/eletrobanjo\/eletrobanjo-08-esteban-tavares\/embed\" width=\"100%\" height=\"180\" frameborder=\"0\"><\/iframe><\/p>\n<p data-pm-slice=\"1 1 []\">Seja bem-vinde ao <strong>Eletrobanjo<\/strong> &#8211; Um podcast onde se fala de m\u00fasicas, m\u00fasicos, e tudo que vai al\u00e9m do som!<\/p>\n<p>Aqui voc\u00ea encontra mini biografias de artistas que t\u00eam feito a diferen\u00e7a na ind\u00fastria da m\u00fasica, giros de not\u00edcias sobre quem est\u00e1 nas paradas, fun facts sobre artistas da nova gera\u00e7\u00e3o e muitas sugest\u00f5es de m\u00fasica.<\/p>\n<p>E por falar em gera\u00e7\u00e3o, o epis\u00f3dio de hoje &#8211; segundo do quadro <strong>Novos Cl\u00e1ssicos<\/strong>! &#8211; \u00e9 todo sobre um artista que marcou muito a minha. Seja conhecido como ex-membro da banda Fresno ou por seu trabalho autoral, o cantor <strong>Esteban Tavares<\/strong> tem uma carreira cheia de m\u00fasicas carregadas de sentimentos, desabafos e uma identidade pr\u00f3pria que \u00e9 dif\u00edcil ver hoje em dia de forma t\u00e3o natural. Espero que esse seja um encerramento \u00e0 altura pra voc\u00ea que me escutou at\u00e9 aqui.<\/p>\n<p>Recomenda\u00e7\u00f5es musicais do epis\u00f3dio:<\/p>\n<ol class=\"ak-ul\">\n<li>Sinto Muito Blues (Adi\u00f3s Esteban!)<\/li>\n<li>Cigarros e Capitais (Saca La Muerte)<\/li>\n<li>Tango Novo (Eu Tu e O Mundo)<\/li>\n<li>Milonguita (Santa Fe)<\/li>\n<li>Toda Ma\u00f1ana Tendras Una Nueva Canci\u00f3n (Santa Fe)<\/li>\n<\/ol>\n<p>A playlist pode ser encontrada no <a href=\"https:\/\/www.youtube.com\/playlist?list=PLKt_WXWYZFqH65TTFIVV4dI-lHhlDTr5O\"><strong>YouTube<\/strong><\/a> e no <a href=\"https:\/\/open.spotify.com\/playlist\/0WcnR579McHZrGXaCYeXgk\"><strong>Spotify<\/strong><\/a> .<\/p>\n<p><strong>Edi\u00e7\u00e3o do epis\u00f3dio por: <\/strong><a href=\"https:\/\/www.instagram.com\/dirosaedicoes\/\">DiRosa Edi\u00e7\u00f5es<\/a><\/p>\n<p><strong>Siga Lana T\u00e1vora e o Eletrobanjo nas redes sociais:<\/strong><\/p>\n<ul>\n<li><a href=\"https:\/\/www.instagram.com\/eletrobanjo\">Eletrobanjo no Instagram<\/a><\/li>\n<li><a href=\"https:\/\/twitter.com\/eletrobanjo\">Eletrobanjo no Twitter<\/a><\/li>\n<li><a href=\"https:\/\/www.tiktok.com\/@eletrobanjo\">Eletrobanjo no Tiktok<\/a><\/li>\n<li><a href=\"https:\/\/www.instagram.com\/lana_tavora\/\">Lana T\u00e1vora no Instagram<\/a><\/li>\n<li><a href=\"https:\/\/twitter.com\/lana_tavora\">Lana T\u00e1vora no Twitter<\/a><\/li>\n<\/ul>\n<p><strong>Ou\u00e7a o Eletrobanjo nos principais agregadores:<\/strong><\/p>\n<ul>\n<li><a href=\"https:\/\/music.amazon.com.br\/podcasts\/ffde3a55-4e01-4601-abe1-dfb6c7b75ecf\/eletrobanjo\">Amazon Music<\/a><\/li>\n<li><a href=\"https:\/\/podcasts.apple.com\/us\/podcast\/eletrobanjo\/id1728050341\">Apple Podcasts<\/a><\/li>\n<li><a href=\"https:\/\/www.deezer.com\/en\/show\/1000622462\">Deezer<\/a><\/li>\n<li><a href=\"https:\/\/pca.st\/vtadh0x4\">PocketCasts<\/a><\/li>\n<li><a href=\"https:\/\/open.spotify.com\/show\/0Qof2yG3SIyx3TwZbSVd09\">Spotify<\/a><\/li>\n<\/ul>\n<p><strong>Mande seu feedback ou sugest\u00e3o de pauta<\/strong> atrav\u00e9s do e-mail <a href=\"mailto:eletrobanjo@gmail.com\">eletrobanjo@gmail.com<\/a> (:<\/p>\n<p><strong>Publicidade:<\/strong><br \/>\n<a href=\"http:\/\/leolop.es\/rfcontato\" target=\"_blank\" rel=\"noopener noreferrer\"><strong>Entre em contato<\/strong><\/a>\u00a0e saiba como\u00a0<em>anunciar sua marca, produto ou servi\u00e7o em nossos podcasts<\/em>.<\/p>\n","protected":false},"excerpt":{"rendered":"<p>Seja bem-vinde ao Eletrobanjo &#8211; Um podcast onde se fala de m\u00fasicas, m\u00fasicos, e tudo que vai al\u00e9m do som! Aqui voc\u00ea encontra mini biografias de artistas que t\u00eam feito a diferen\u00e7a na ind\u00fastria da m\u00fasica, giros de not\u00edcias sobre quem est\u00e1 nas paradas, fun facts sobre artistas da nova gera\u00e7\u00e3o e muitas sugest\u00f5es de&#8230;<\/p>\n","protected":false},"author":2,"featured_media":29266,"comment_status":"open","ping_status":"closed","sticky":false,"template":"","format":"standard","meta":{"footnotes":""},"categories":[3060,13],"tags":[],"class_list":["post-29263","post","type-post","status-publish","format-standard","has-post-thumbnail","hentry","category-eletrobanjo","category-podcast"],"_links":{"self":[{"href":"https:\/\/radiofobia.com.br\/podcast\/wp-json\/wp\/v2\/posts\/29263","targetHints":{"allow":["GET"]}}],"collection":[{"href":"https:\/\/radiofobia.com.br\/podcast\/wp-json\/wp\/v2\/posts"}],"about":[{"href":"https:\/\/radiofobia.com.br\/podcast\/wp-json\/wp\/v2\/types\/post"}],"author":[{"embeddable":true,"href":"https:\/\/radiofobia.com.br\/podcast\/wp-json\/wp\/v2\/users\/2"}],"replies":[{"embeddable":true,"href":"https:\/\/radiofobia.com.br\/podcast\/wp-json\/wp\/v2\/comments?post=29263"}],"version-history":[{"count":4,"href":"https:\/\/radiofobia.com.br\/podcast\/wp-json\/wp\/v2\/posts\/29263\/revisions"}],"predecessor-version":[{"id":29268,"href":"https:\/\/radiofobia.com.br\/podcast\/wp-json\/wp\/v2\/posts\/29263\/revisions\/29268"}],"wp:featuredmedia":[{"embeddable":true,"href":"https:\/\/radiofobia.com.br\/podcast\/wp-json\/wp\/v2\/media\/29266"}],"wp:attachment":[{"href":"https:\/\/radiofobia.com.br\/podcast\/wp-json\/wp\/v2\/media?parent=29263"}],"wp:term":[{"taxonomy":"category","embeddable":true,"href":"https:\/\/radiofobia.com.br\/podcast\/wp-json\/wp\/v2\/categories?post=29263"},{"taxonomy":"post_tag","embeddable":true,"href":"https:\/\/radiofobia.com.br\/podcast\/wp-json\/wp\/v2\/tags?post=29263"}],"curies":[{"name":"wp","href":"https:\/\/api.w.org\/{rel}","templated":true}]}}