{"id":29714,"date":"2024-06-24T07:00:42","date_gmt":"2024-06-24T10:00:42","guid":{"rendered":"https:\/\/radiofobia.com.br\/podcast\/?p=29714"},"modified":"2024-06-21T16:35:17","modified_gmt":"2024-06-21T19:35:17","slug":"pod-noticias-019-ouvintes-de-podcast-seguem-crescendo-em-todo-o-mundo","status":"publish","type":"post","link":"https:\/\/radiofobia.com.br\/podcast\/2024\/06\/pod-noticias-019-ouvintes-de-podcast-seguem-crescendo-em-todo-o-mundo\/","title":{"rendered":"Pod Not\u00edcias 019 \u2013 Ouvintes de podcast seguem crescendo em todo o mundo"},"content":{"rendered":"<p><iframe title=\"Pod Not\u00edcias 019 \u2013 Ouvintes de podcast seguem crescendo em todo o mundo\" src=\"https:\/\/omny.fm\/shows\/podnoticias\/pod-not-cias-019-ouvintes-de-podcast-seguem-cresce\/embed\" width=\"100%\" height=\"180\" frameborder=\"0\"><span data-mce-type=\"bookmark\" style=\"display: inline-block; width: 0px; overflow: hidden; line-height: 0;\" class=\"mce_SELRES_start\">\ufeff<\/span><\/iframe><\/p>\n<p><span style=\"color: #23238e;\"><strong>Ol\u00e1, eu sou <a href=\"https:\/\/leolopes.com.br\" target=\"_blank\" rel=\"noopener\">Leo Lopes<\/a> e est\u00e1 no ar o POD NOT\u00cdCIAS, a sua dose semanal de informa\u00e7\u00e3o sobre o mercado de podcasts no Brasil e no mundo!<\/strong><\/span><\/p>\n<p><span style=\"color: #23238e;\"><strong>Hoje \u00e9 segunda-feira, dia 24 de junho de 2024 e esta \u00e9 a nossa d\u00e9cima nona edi\u00e7\u00e3o!<\/strong><\/span><\/p>\n<p>Sabia que voc\u00ea pode anunciar a sua marca, produto ou servi\u00e7o com a gente aqui no Pod Not\u00edcias e atingir um p\u00fablico qualificado que se interessa pelo podcast aqui no Brasil? Manda um e-mail pro <a href=\"mailto:contato@podnoticias.com.br\"><strong>contato@podnoticias.com.br<\/strong><\/a>, que n\u00f3s vamos ter o maior prazer em conversar com voc\u00ea sobre todas as op\u00e7\u00f5es de publicidade. E caso voc\u00ea queira colaborar com a gente com texto, sugest\u00e3o de pauta ou envio de not\u00edcias, tamb\u00e9m ser\u00e1 muito bem-vindo e pode fazer isso atrav\u00e9s do mesmo e-mail.<\/p>\n<p>1 &#8211; Na semana passada a gente comentou sobre como o podcast est\u00e1 tendo um crescimento constante de mercado, e hoje a gente vai dizer isso mais uma vez, porque um estudo recente sobre o consumo digital de not\u00edcias confirmou que audi\u00eancia de podcasts tamb\u00e9m est\u00e1 crescendo no mundo todo.<\/p>\n<p>O relat\u00f3rio Digital News Report 2024 do Reuters Institute revelou que a audi\u00eancia do \u00e1udio continua crescendo globalmente, especialmente entre jovens, pessoas instru\u00eddas e de classe m\u00e9dia-alta. <em>Not\u00edcias<\/em> e <em>Pol\u00edtica<\/em> s\u00e3o os temas mais populares entre os ouvintes homens.<\/p>\n<p>A pesquisa, que foi feita com mais de 95 mil pessoas em 47 pa\u00edses, destacou que o consumo das not\u00edcias est\u00e1 mudando, e que agora plataformas digitais como TikTok, YouTube e reels do Instagram t\u00eam um papel crucial na dissemina\u00e7\u00e3o da informa\u00e7\u00e3o. Infelizmente, essas mesmas ferramentas tamb\u00e9m tem um papel crucial na desinforma\u00e7\u00e3o e propaga\u00e7\u00e3o de fake news, bem como a de conte\u00fados sint\u00e9ticos &#8211; que s\u00e3o aqueles criados por intelig\u00eancias artificiais, e que n\u00e3o s\u00e3o confi\u00e1veis porque a base de dados das IA&#8217;s costuma imitar o comportamento humano online, o que compromete a parcialidade da not\u00edcia.<\/p>\n<p>Por conta desses fatores, no mundo todo o interesse por not\u00edcias diminuiu e a evas\u00e3o seletiva de not\u00edcias aumentou.<\/p>\n<p>Apesar disso, os podcasts continuam sendo uma m\u00eddia considerada &#8220;confi\u00e1vel&#8221;. Pelo menos, muito mais do que as outras.<\/p>\n<p><a href=\"https:\/\/www.linkedin.com\/posts\/pod-not%C3%ADcias_relat%C3%B3rio-o-relat%C3%B3rio-digital-news-report-activity-7209196249583906816-7kYT?utm_source=share&amp;utm_medium=member_desktop\">Link<\/a><\/p>\n<p>2 &#8211; Segundo a revista americana Vulture, os podcasts de bate-papo est\u00e3o em alta mais uma vez, tanto pelo poder de &#8220;viraliza\u00e7\u00e3o&#8221;, com alguns epis\u00f3dios batendo mais de 60 milh\u00f5es de visualiza\u00e7\u00f5es no YouTube, quanto pelo potencial que esse formato tem de criar discuss\u00f5es e gerar repercuss\u00e3o. E tamb\u00e9m n\u00e3o \u00e9 a toa, porque foi desse pensamento a\u00ed que alguns charlat\u00f5es da internet come\u00e7aram a criar cortes de podcast fake pra tentar viralizar, mas enfim&#8230;<\/p>\n<p>De acordo com o cr\u00edtico Nicholas Quah, a inclus\u00e3o do v\u00eddeo aos podcasts foi um fator decisivo pra isso, j\u00e1 que os v\u00eddeos geram mais engajamento org\u00e2nico na internet. S\u00f3 que ele tamb\u00e9m apontou que outro fator importante \u00e9 a semelhan\u00e7a do formato com o r\u00e1dio tradicional, que \u00e9 uma m\u00eddia consolidada que sempre teve p\u00fablico &#8211; inclusive hoje em dia, claro.<\/p>\n<p>Os podcasts de bate-papo e entrevistas, em especial, emulam esse &#8220;feeling&#8221; da r\u00e1dio tradicional, e por isso saem na frente na disputa com podcasts narrativos e documentais, por exemplo.<\/p>\n<p>Esses programas s\u00e3o l\u00edderes de audi\u00eancia por conta do interesse do ouvinte nos convidados, a fama dos apresentadores, e as poss\u00edveis controv\u00e9rsias que podem sair das conversas.<\/p>\n<p>A parte mais chatinha da an\u00e1lise, \u00e9 que aparentemente n\u00e3o \u00e9 mais necess\u00e1rio ter qualquer habilidade como entrevistador. Principalmente no caso dos programas que o host j\u00e1 \u00e9 uma celebridade: se ele conseguir captar e reter a aten\u00e7\u00e3o do p\u00fablico, j\u00e1 t\u00e1 bom. A\u00ed, infelizmente a qualidade do conte\u00fado cai um pouco. N\u00e3o tem o que fazer.<\/p>\n<p><a href=\"https:\/\/www.linkedin.com\/posts\/pod-not%C3%ADcias_return-of-the-mic-activity-7209264893512863745-IPz9?utm_source=share&amp;utm_medium=member_desktop\">Link<\/a><\/p>\n<p>3 &#8211; E um estudo realizado na Su\u00e9cia pela OMD e a Acast, revelou que cada d\u00f3lar investido em publicidade em podcasts gera um retorno de US$4,90 em vendas aumentadas, com a publicidade em podcasts sendo a que tem o maior retorno de longo prazo entre outras m\u00eddias, como redes sociais e r\u00e1dio.<\/p>\n<p>A an\u00e1lise cobriu um gasto total de publicidade de 2 bilh\u00f5es de kronas suecos (SEK) entre 2021 e 2023, o que equivale a pouco mais de US$190 milh\u00f5es.<\/p>\n<p>Segundo o estudo, os podcasts tamb\u00e9m se destacam como o melhor meio de publicidade para constru\u00e7\u00e3o de marca e gera\u00e7\u00e3o de vendas.<\/p>\n<p>N\u00e3o que isso seja novidade pra gente, mas sempre vale a pena atualizar as informa\u00e7\u00f5es no seu m\u00eddia kit, porque, afinal de contas, o fato \u00e9 que podcast vende.<\/p>\n<p><a href=\"https:\/\/www.linkedin.com\/posts\/pod-not%C3%ADcias_study-1-in-podcast-ads-490-in-increased-activity-7209915967882076161-w2Xc?utm_source=share&amp;utm_medium=member_desktop\">Link<\/a><\/p>\n<p><span style=\"color: #23238e;\"><strong>AINDA EM NOT\u00cdCIAS DA SEMANA:<\/strong><\/span><\/p>\n<p>4 &#8211; O governo da \u00c1ustria est\u00e1 ampliando o financiamento para meios de comunica\u00e7\u00e3o, que agora inclui r\u00e1dios privadas e podcasts. Pela primeira vez, vai ser disponibilizado um subs\u00eddio de 500 mil euros (cerca de 540 mil d\u00f3lares) especificamente pros podcasts, como parte de um aumento geral de 27 milh\u00f5es de d\u00f3lares para emissoras privadas.<\/p>\n<p>Representantes dos partidos \u00d6VP e Verdes criaram essa proposta do aumento do financiamento, defendendo a import\u00e2ncia de apoiar e valorizar os produtos jornal\u00edsticos que surgiram na podosfera nos \u00faltimos anos, e que j\u00e1 produziam conte\u00fado de qualidade mesmo sem financiamento nenhum.<\/p>\n<p>A Associa\u00e7\u00e3o de Emissoras Privadas Austr\u00edacas elogiou a iniciativa, ressaltando a import\u00e2ncia desse financiamento para fortalecer a diversidade da m\u00eddia e tamb\u00e9m garantir informa\u00e7\u00f5es baseadas em fatos, combatendo as informa\u00e7\u00f5es descontroladas e falsas que t\u00eam surgido por l\u00e1, especialmente por ser ano de elei\u00e7\u00f5es na \u00c1ustria.<\/p>\n<p>E esse \u00e9 s\u00f3 mais um exemplo do podcast mostrando o quanto tem credibilidade!<\/p>\n<p><a href=\"https:\/\/www.linkedin.com\/posts\/pod-not%C3%ADcias_%C3%B6sterreich-plant-mehr-f%C3%B6rdergelder-f%C3%BCr-privatfunk-activity-7209258380190789633-eQw5?utm_source=share&amp;utm_medium=member_desktop\">Link<\/a><\/p>\n<p>5 &#8211; A Justi\u00e7a Federal determinou a suspens\u00e3o de postagens de policiais em podcasts e videocasts no YouTube, por estarem, supostamente, disseminando discursos de \u00f3dio.<\/p>\n<p>A a\u00e7\u00e3o atende parcialmente aos pedidos do Minist\u00e9rio P\u00fablico Federal (MPF) e da Defensoria P\u00fablica da Uni\u00e3o (DPU).<\/p>\n<p>A Pol\u00edcia Militar do Rio de Janeiro foi notificada depois da publica\u00e7\u00e3o de reportagens do site Ponte Jornalismo sobre conte\u00fados violentos nesses canais. Os \u00f3rg\u00e3os jur\u00eddicos solicitaram aos podcasts a exclus\u00e3o dos trechos mencionados e tamb\u00e9m foi pedido ao Google para prevenir futuros casos.<\/p>\n<p>Al\u00e9m disso, foi pedido \u00e0 Justi\u00e7a que o Estado aplique medidas disciplinares aos policiais, que tamb\u00e9m podem ter que desembolsar at\u00e9 R$200 mil por danos morais coletivos, se perderem no processo.<\/p>\n<p>A decis\u00e3o afetou os canais Copcast, Fala Glauber e Caf\u00e9 com a Pol\u00edcia.<\/p>\n<p>Bom pra lembrar que toda a\u00e7\u00e3o tr\u00e1s uma consequ\u00eancia e servidor p\u00fablico n\u00e3o pode sair falando bobagem por a\u00ed como se n\u00e3o fosse nada. Podcast n\u00e3o \u00e9 terra sem lei.<\/p>\n<p><a href=\"https:\/\/www.linkedin.com\/posts\/pod-not%C3%ADcias_a-justi%C3%A7a-federal-determinou-a-suspens%C3%A3o-activity-7209256431319977984-P2QH?utm_source=share&amp;utm_medium=member_desktop\">Link<\/a><\/p>\n<p><span style=\"color: #23238e;\"><strong>E MAIS:<\/strong><\/span><\/p>\n<p>6 &#8211; O Spotify for Podcasters anunciou na \u00faltima semana uma atualiza\u00e7\u00e3o nos termos e condi\u00e7\u00f5es de uso, que afeta tanto quem hospeda quanto quem distribui o seu podcast na plataforma.<\/p>\n<p>As principais mudan\u00e7as incluem a necessidade de sinalizar podcasts com &#8220;conte\u00fado promocional&#8221;, igual \u00e0s exig\u00eancias do YouTube, a remo\u00e7\u00e3o do feed RSS como m\u00e9todo de entrega de conte\u00fado, e a redu\u00e7\u00e3o dos requisitos de licenciamento, j\u00e1 que n\u00e3o existe mais a obrigatoriedade de exibir o aviso de direitos autorais do Spotify.<\/p>\n<p>Por enquanto, nada mudou no campo dos conte\u00fados criados por intelig\u00eancia artificial, e aparentemente os conte\u00fados dos usu\u00e1rios n\u00e3o est\u00e3o sendo usados pra treinamento de IA&#8217;s. Menos mal.<\/p>\n<p>Al\u00e9m disso, os novos termos incluem cl\u00e1usulas de lit\u00edgio, que aumentaram os termos e condi\u00e7\u00f5es em nada menos do que <em>duas p\u00e1ginas inteiras<\/em>.<\/p>\n<p>Se voc\u00ea quiser ler as mudan\u00e7as na \u00edntegra, o novo termo de uso est\u00e1 dispon\u00edvel no blog do Spotify.<\/p>\n<p><a href=\"https:\/\/www.linkedin.com\/posts\/pod-not%C3%ADcias_o-spotify-for-podcasters-anunciou-uma-atualiza%C3%A7%C3%A3o-activity-7209248713083412480-4X4z?utm_source=share&amp;utm_medium=member_desktop\">Link<\/a><\/p>\n<p>7 &#8211; E o The Guardian teceu elogios ao Apple Podcasts pela sua nova ferramenta de transcri\u00e7\u00e3o. Segundo o portal, as transcri\u00e7\u00f5es al\u00e9m de acess\u00edveis, s\u00e3o &#8220;um prazer de ler&#8221;.<\/p>\n<p>A fun\u00e7\u00e3o foi desenvolvida para tornar os podcasts mais acess\u00edveis, \u00e9 claro, especialmente para pessoas com defici\u00eancia auditiva. Apesar do recurso ter sido lan\u00e7ado com atraso em rela\u00e7\u00e3o a outras plataformas, como Amazon Music e Spotify, a Apple decidiu oferecer transcri\u00e7\u00f5es para todos os novos epis\u00f3dios de podcasts, sem limitar a funcionalidade a uma parte espec\u00edfica do cat\u00e1logo.<\/p>\n<p>O desenvolvimento da ferramenta envolveu a colabora\u00e7\u00e3o de funcion\u00e1rios da Apple portadores de defici\u00eancia e outras organiza\u00e7\u00f5es de pessoas com defici\u00eancia. As transcri\u00e7\u00f5es usam a tecnologia de sincronia de palavras da Apple Music e a tipografia da Apple Books para melhorar a legibilidade.<\/p>\n<p>V\u00e1rios usu\u00e1rios e ativistas pelos direitos dos PCD&#8217;s apoiaram a Apple por ter priorizado a precis\u00e3o e qualidade das transcri\u00e7\u00f5es, mesmo que isso tenha levado mais tempo para ser implementado.<\/p>\n<p><a href=\"https:\/\/www.linkedin.com\/posts\/pod-not%C3%ADcias_accessible-and-a-pleasure-to-read-how-activity-7209910047726850050-X4bz?utm_source=share&amp;utm_medium=member_desktop\">Link<\/a><\/p>\n<p>8 &#8211; E na \u00faltima ter\u00e7a-feira, o Governo de Luanda lan\u00e7ou o podcast &#8220;Eu sou daqui&#8221;, pra refor\u00e7ar a intera\u00e7\u00e3o do governo com a comunidade e abordar programas que est\u00e3o em curso pelo estado.<\/p>\n<p>Na estreia, o podcast falou bastante sobre o potencial do turismo em Luanda, convidando os moradores a explorar os pontos tur\u00edsticos e as hist\u00f3rias que tornam a capital da Angola um destino \u00fanico.<\/p>\n<p>A primeira edi\u00e7\u00e3o contou com a participa\u00e7\u00e3o de Am\u00e9lia Carlos Cazalma, docente universit\u00e1ria, e Ana Sofia Marta, CEO da Plataforma Digital Gotaze.<\/p>\n<p>Segundo o Governo Provincial de Luanda no Facebook, o podcast \u00e9 um novo formato de comunica\u00e7\u00e3o para apresentar ao p\u00fablico programas como o de Reordenamento do Com\u00e9rcio, o Programa de Ordenamento do Tr\u00e2nsito e o Programa de Arboriza\u00e7\u00e3o de Luanda.<\/p>\n<p><a href=\"https:\/\/www.linkedin.com\/posts\/pod-not%C3%ADcias_cidadania-governo-de-luanda-lan%C3%A7a-podcast-activity-7209251777399947265-SN51?utm_source=share&amp;utm_medium=member_desktop\">Link<\/a><\/p>\n<p><span style=\"color: #23238e;\"><strong>HOJE NO GIRO SOBRE PESSOAS QUE FAZEM A M\u00cdDIA:<\/strong><\/span><\/p>\n<p>9 &#8211; Na semana passada, a equipe do Amazon Music publicou quais s\u00e3o os 10 podcasts mais ouvidos no Brasil na plataforma. \u00c9 uma lista ecl\u00e9tica e que agrada todos os gostos, desde fofoca e com\u00e9dia at\u00e9 pol\u00edtica e finan\u00e7as. Entre os mais populares, est\u00e3o:<\/p>\n<p>Hist\u00f3rias da Firma;<br \/>\nCaso Bizarro;<br \/>\nN\u00e3o Inviabilize;<br \/>\nIntelig\u00eancia Ltda;<br \/>\nModus Operandi,<br \/>\nO Assunto do G1;<br \/>\nOs S\u00f3cios Podcast;<\/p>\n<p>Entre outros programas, que tamb\u00e9m tem assuntos variados.<\/p>\n<p>Se voc\u00ea quiser ver a lista completa, pode conferir todos os nomes l\u00e1 no Pod Not\u00edcias. O link, como sempre, vai estar na descri\u00e7\u00e3o desse epis\u00f3dio.<\/p>\n<p><a href=\"https:\/\/www.linkedin.com\/posts\/pod-not%C3%ADcias_os-10-podcasts-mais-ouvidos-no-amazon-music-activity-7209968018821414912--4SF?utm_source=share&amp;utm_medium=member_desktop\">Link<\/a><\/p>\n<p>10 &#8211; O podcast <strong>Caso das 10 Mil<\/strong>, da Folha, foi premiado no <strong>International Women&#8217;s Podcast Awards<\/strong>, na categoria de produ\u00e7\u00f5es que n\u00e3o foram feitas em ingl\u00eas. O programa foi a \u00fanica produ\u00e7\u00e3o brasileira a trazer um pr\u00eamio pra c\u00e1.<\/p>\n<p>A s\u00e9rie mergulha fundo no maior processo por aborto do Brasil (que envolveu quase 10 mil mulheres, como o nome sugere) contando tudo sobre a queda de uma cl\u00ednica em Campo Grande e as discuss\u00f5es intensas que vieram \u00e0 seguir sobre os direitos reprodutivos no Brasil.<\/p>\n<p>A maior parte da equipe do podcast tamb\u00e9m \u00e9 feminina: as rep\u00f3rteres Angela Boldrini e Carolina Moraes fizeram a pesquisa e investiga\u00e7\u00e3o, a coordena\u00e7\u00e3o ficou por conta de Mag\u00e9 Flores, e a edi\u00e7\u00e3o de som, com o Raphael Concli.<\/p>\n<p>Se voc\u00ea ainda n\u00e3o ouviu o Caso das 10 Mil e ficou interessado, o programa est\u00e1 dispon\u00edvel no site da Folha e em todas as principais plataformas de \u00e1udio.<\/p>\n<p><a href=\"https:\/\/www.linkedin.com\/posts\/pod-not%C3%ADcias_podcast-caso-das-10-mil-da-folha-vence-activity-7209920479636213761-IQyo?utm_source=share&amp;utm_medium=member_desktop\">Link<\/a><\/p>\n<p>11 &#8211; E nessa edi\u00e7\u00e3o n\u00f3s estamos de volta com o quadro &#8216;<strong>O Podcast no Jap\u00e3o<\/strong>&#8216;, trazendo as \u00faltimas novidades da Podosfera Nipo-Brasileira. No m\u00eas passado, a gente inaugurou este espa\u00e7o apresentado pelo Carlinhos Vilaronga, da Nabecast, e hoje ele retorna para nos atualizar sobre as atividades e novidades dos podcasters brasileiros que moram no Jap\u00e3o. Bem-vindo de volta, meu amigo Carlinhos Vilaronga!<\/p>\n<p><strong>CARLINHOS:<\/strong> Ol\u00e1 Leo, ol\u00e1 ouvintes!<br \/>\nRetornando ao ao Pod Not\u00edcias para compartilhar com voc\u00eas um pouco do que rolou na Podosfera Nipo-brasileira nas \u00faltimas semanas.<\/p>\n<p>Educa\u00e7\u00e3o e ci\u00eancia.<br \/>\nA Escola Alcance de Hamamatsu lan\u00e7ou no dia 04 de Maio um bal\u00e3o meteorol\u00f3gico. A iniciativa foi uma das atividades preparat\u00f3rias para a Feira de Ci\u00eancias realizada pela institui\u00e7\u00e3o no dia 25 de Maio. Contexto: a comunidade brasileira no Jap\u00e3o atualmente \u00e9 de cerca de 210 mil pessoas. Para atender essa comunidade existem v\u00e1rias institui\u00e7\u00f5es de ensino. Por\u00e9m, a Escola Alcance foi a primeira institui\u00e7\u00e3o de ensino brasileira a conseguir autoriza\u00e7\u00e3o para o lan\u00e7amento de um bal\u00e3o meteorol\u00f3gico, o que fez da ocasi\u00e3o um marco para a comunidade. <a href=\"https:\/\/open.spotify.com\/episode\/0yt4mpzqnnPuGg2DfMC1hH\">O podcast Mochiyori esteve presente<\/a> no lan\u00e7amento e entrevistou educadores, pais e alunos que participaram da atividade.<\/p>\n<p>Literatura<br \/>\nNo dia 18 de Maio o jovem escritor Gabriel Caetano lan\u00e7ou o livro Sigma, Mono no Aware. O livro \u00e9 parte da s\u00e9rie &#8220;Os indom\u00e1veis&#8221;, que \u00e9 apresentada pelo autor como &#8220;Um universo de super-her\u00f3is brasileiros cheio de representatividade BR.&#8221; A personagem principal da hist\u00f3ria \u00e9 uma descendente de japoneses e parte da hist\u00f3ria se passa aqui no Jap\u00e3o. Em um momento da hist\u00f3ria ela visita uma grande festa brasileira que acontece por aqui e conhece um podcaster. Para n\u00e3o correr o risco de dar spoilers, vou para os coment\u00e1rios por aqui. Uma curiosidade \u00e9 que a minha jornada pessoal com podcast foi a refer\u00eancia utilizada pelo autor para a cria\u00e7\u00e3o da personagem e claro, fiquei surpreso e honrado ao ler a hist\u00f3ria e as considera\u00e7\u00f5es deixadas pelo autor no final do livro.<\/p>\n<p>Indica\u00e7\u00e3o:<br \/>\nPara finalizar, gostaria de indicar <a href=\"https:\/\/open.spotify.com\/episode\/2cCfFLcUGsrNhhLh9WJpyb\">o epis\u00f3dio 15 do podcast <strong>Tokyo Minds<\/strong><\/a>, que \u00e9 apresentado pelo Sandro Nucitelli. Neste epis\u00f3dio ele entrevista o produtor de conte\u00fado Nicolas Hideo. Tem tamb\u00e9m participa\u00e7\u00e3o especial do Kevin Macedo, conhecido nas redes sociais como Samurai Life JP.<\/p>\n<p>Em breve retorno com mais not\u00edcias da Podosfera Nipo-brasileira.<\/p>\n<p>Carlinhos Vilaronga da cidade de Kosai na prov\u00edncia de Shizuoka, exclusivo para o Pod Not\u00edcias.<\/p>\n<p><strong><span style=\"color: #23238e;\">SOBRE LAN\u00c7AMENTOS:<\/span><\/strong><\/p>\n<p>12 &#8211; Na \u00faltima quinta-feira foi ao ar o podcast <strong>Plano Real \u2013 Hist\u00f3rias n\u00e3o contadas<\/strong>. O programa apresenta em seis epis\u00f3dios os bastidores e a consolida\u00e7\u00e3o do Plano Real, com relatos de seus idealizadores como Edmar Bacha, Gustavo Franco e Gustavo Loyola.<\/p>\n<p>O jornalista Carlos Alberto Sardenberg conduz as conversas, falando desde a inesperada nomea\u00e7\u00e3o de Fernando Henrique Cardoso para o Minist\u00e9rio da Fazenda, at\u00e9 os desafios que foram enfrentados durante a execu\u00e7\u00e3o do plano. \u00c9 um conte\u00fado bem interessante pra quem quer entender melhor sobre a hist\u00f3ria da economia brasileira.<\/p>\n<p>O podcast \u00e9 lan\u00e7ado todas as quintas-feiras no site da CBN e nas principais plataformas de podcast.<\/p>\n<p><a href=\"https:\/\/www.linkedin.com\/posts\/pod-not%C3%ADcias_est%C3%A1-no-ar-o-podcast-plano-real-hist%C3%B3rias-activity-7209918296840671233-3DvJ?utm_source=share&amp;utm_medium=member_desktop\">Link<\/a><\/p>\n<p>13 &#8211; E tamb\u00e9m na semana passada foram lan\u00e7ados dois podcasts pra p\u00fablicos bastante espec\u00edficos: o <strong>Mexe o Balaio<\/strong>, sobre dan\u00e7a, e o <strong>Hora Rubra<\/strong>, sobre o universo de Star Trek.<\/p>\n<p>O Mexe o Balaio estreou no 19 de junho com Tiago Banha e Ingrid Lago como apresentadores, colocando a dan\u00e7a e seus profissionais como os protagonistas da conversa, especialmente na cena de dan\u00e7a de Salvador. O podcast \u00e9 financiado pelo Governo do Estado da Bahia.<\/p>\n<p>J\u00e1 no Hora Rubra, o papo foi sobre temas recentes, como a iminente estreia da segunda temporada de Star Trek: Prodigy na Netflix, e a recep\u00e7\u00e3o a Star Wars: The Acolyte.<\/p>\n<p>Os dois podcasts j\u00e1 est\u00e3o no ar, e \u00e9 claro que os links pros programas v\u00e3o estar na descri\u00e7\u00e3o desse epis\u00f3dio.<\/p>\n<p><a href=\"https:\/\/www.linkedin.com\/posts\/pod-not%C3%ADcias_mexe-o-balaio-podcast-sobre-dan%C3%A7a-estreia-activity-7209962065359237122-2j61?utm_source=share&amp;utm_medium=member_desktop\">Mexe o Balaio<\/a> \/ <a href=\"https:\/\/www.trekbrasilis.org\/2024\/06\/19\/hr-01-estreia-do-podcast-e-comentarios-da-semana\/\">Hora Rubra<\/a><\/p>\n<p><strong><span style=\"color: #23238e;\">RECOMENDA\u00c7\u00c3O NACIONAL:<\/span><\/strong><\/p>\n<p>14 &#8211; E na semana passada a gente combinou que a recomenda\u00e7\u00e3o nacional dessa semana seria feita por: voc\u00ea! A gente convidou voc\u00ea, nosso ouvinte, a indicar pra n\u00f3s o SEU podcast na nossa Caixinha de Perguntas do Instagram.<\/p>\n<p>E aqui no Pod Not\u00edcias, promessa feita \u00e9 promessa cumprida. Ent\u00e3o nossas recomenda\u00e7\u00f5es nacionais dessa semana, v\u00e3o para os podcasts:<\/p>\n<ul>\n<li><a href=\"https:\/\/open.spotify.com\/show\/75DdZiZgeUwLNMjwtYbhWP\">Casul Cast<\/a><\/li>\n<li><a href=\"https:\/\/open.spotify.com\/show\/6LogZR1xrcbQSSRgWQAxhm\">Cognamentos<\/a><\/li>\n<li><a href=\"https:\/\/open.spotify.com\/show\/51gOai9B0KlfcRhvAMUxwK\">Corrida on Demand<\/a><\/li>\n<li>Espinha de Peixe<\/li>\n<li><a href=\"https:\/\/www.deezer.com\/br\/show\/5404927\">#FalaJFAL, da Justi\u00e7a Federal do Alagoas<\/a><\/li>\n<li><a href=\"https:\/\/open.spotify.com\/show\/1xOy6tg5dJQAj8TDKLN0Z4\">M\u00e3o na Orelha<\/a><\/li>\n<li><a href=\"https:\/\/open.spotify.com\/show\/48HIvXnyHpuoNrQO1BDS4v\">Papo Delas<\/a><\/li>\n<li><a href=\"https:\/\/open.spotify.com\/show\/1niOoHeeCYkZCmAdX9OcUJ\">Pedra Papel e Podcast<\/a><\/li>\n<li><a href=\"https:\/\/open.spotify.com\/show\/22sNroklX19vhTRFxlPmLJ\">P\u00e9s Descal\u00e7os FC<\/a><\/li>\n<li><a href=\"https:\/\/open.spotify.com\/show\/2sb1fOz8gjw9XWpSny3Zye\">R\u00e1dio Guilhotina<\/a><\/li>\n<\/ul>\n<p>E s\u00f3 n\u00e3o tem mais indica\u00e7\u00f5es porque mais pessoas n\u00e3o interagiram na nossa Caixinha de Perguntas. Ent\u00e3o, quando tiver a pr\u00f3xima oportunidade, corre l\u00e1, porque ela fica dispon\u00edvel por 24 horas.<\/p>\n<p>Como sempre, todos os links dos programas indicados v\u00e3o estar na descri\u00e7\u00e3o desse epis\u00f3dio. Tem muita coisa bacana que com certeza vale a pena conferir &#8211; e assinar no seu agregador de podcast preferido.<\/p>\n<p><span style=\"font-weight: 400;\">E assim a gente fecha esta d\u00e9cima nona edi\u00e7\u00e3o do <strong>Pod Not\u00edcias<\/strong>. Acesse podnoticias.com.br para ter acesso \u00e0 transcri\u00e7\u00e3o e os links das fontes de todas as not\u00edcias deste epis\u00f3dio!<\/span><\/p>\n<p><span style=\"color: #23238e;\"><strong>Acompanhe o Pod Not\u00edcias diariamente:<\/strong><\/span><br \/>\n&#8211; <a href=\"https:\/\/www.linkedin.com\/showcase\/pod-not%C3%ADcias\/\">Page do Linkedin<\/a><br \/>\n&#8211; <a href=\"https:\/\/www.instagram.com\/pod.noticias\/\">Instagram<\/a><br \/>\n&#8211; <a href=\"https:\/\/t.me\/podnoticias\" target=\"_blank\" rel=\"noopener\">Canal p\u00fablico do Telegram<\/a><\/p>\n<p><span style=\"color: #23238e;\"><strong>Ou\u00e7a o Pod Not\u00edcias nos principais agregadores:<\/strong><\/span><br \/>\n&#8211; <a href=\"https:\/\/open.spotify.com\/show\/1swQFRqVxPiXUxdFAR5y4h\">Spotify<\/a><br \/>\n&#8211; <a href=\"https:\/\/podcasts.apple.com\/us\/podcast\/castnews-not%C3%ADcias-para-podcasters\/id1667164896\">Apple Podcasts<\/a><br \/>\n&#8211; <a href=\"https:\/\/www.deezer.com\/br\/show\/5671107\">Deezer<\/a><br \/>\n&#8211; <a href=\"https:\/\/music.amazon.com.br\/podcasts\/cdb06c29-e2c3-425b-8098-3be0eabc24ce\/\">Amazon Music<\/a><br \/>\n&#8211; <a href=\"https:\/\/pca.st\/mgdrc8vq\">PocketCasts<\/a><\/p>\n<p><span style=\"color: #23238e;\"><strong>O Pod Not\u00edcias \u00e9 uma produ\u00e7\u00e3o original da <a href=\"https:\/\/radiofobia.com.br\">R\u00e1diofobia Podcast e Multim\u00eddia<\/a> e publicado pela <a href=\"https:\/\/radiofobia.com.br\/podcast\">R\u00e1diofobia Podcast Network<\/a>, e conta com as colabora\u00e7\u00f5es de:<\/strong><\/span><br \/>\n&#8211; <a href=\"https:\/\/www.instagram.com\/camilanfs\/\"><strong>Camila Nogueira<\/strong> &#8211; arte<\/a><br \/>\n&#8211; <a href=\"https:\/\/www.instagram.com\/duhsierra\/\"><strong>Eduardo Sierra<\/strong> &#8211; edi\u00e7\u00e3o<\/a><br \/>\n&#8211; <a href=\"https:\/\/www.instagram.com\/lana_tavora\/\"><strong>Lana T\u00e1vora<\/strong> &#8211; pesquisa, pauta e reda\u00e7\u00e3o final<\/a><br \/>\n&#8211; <a href=\"https:\/\/leolopes.com.br\/\"><strong>Leo Lopes<\/strong> &#8211; dire\u00e7\u00e3o geral e apresenta\u00e7\u00e3o<\/a><br \/>\n&#8211; <a href=\"https:\/\/www.instagram.com\/thiagomiro\/\"><strong>Thiago Miro<\/strong> &#8211; pesquisa<\/a><br \/>\n&#8211; <a href=\"https:\/\/www.instagram.com\/nabecastjp\/\"><strong>Carlinhos Vilaronga<\/strong> &#8211; coluna &#8220;O Podcast no Jap\u00e3o&#8221;<\/a><\/p>\n<p><span style=\"color: #23238e;\"><strong>Publicidade:<\/strong><\/span><br \/>\n<a href=\"https:\/\/radiofobia.com.br\/contato\" target=\"_blank\" rel=\"noopener noreferrer\"><strong>Entre em contato<\/strong><\/a> e saiba como <em>anunciar sua marca, produto ou servi\u00e7o<\/em> no <strong>Pod Not\u00edcias<\/strong>.<\/p>\n","protected":false},"excerpt":{"rendered":"<p>\ufeff Ol\u00e1, eu sou Leo Lopes e est\u00e1 no ar o POD NOT\u00cdCIAS, a sua dose semanal de informa\u00e7\u00e3o sobre o mercado de podcasts no Brasil e no mundo! Hoje \u00e9 segunda-feira, dia 24 de junho de 2024 e esta \u00e9 a nossa d\u00e9cima nona edi\u00e7\u00e3o! Sabia que voc\u00ea pode anunciar a sua marca, produto&#8230;<\/p>\n","protected":false},"author":7,"featured_media":29720,"comment_status":"open","ping_status":"closed","sticky":false,"template":"","format":"standard","meta":{"footnotes":""},"categories":[3059,13],"tags":[],"class_list":["post-29714","post","type-post","status-publish","format-standard","has-post-thumbnail","hentry","category-pod-noticias","category-podcast"],"_links":{"self":[{"href":"https:\/\/radiofobia.com.br\/podcast\/wp-json\/wp\/v2\/posts\/29714","targetHints":{"allow":["GET"]}}],"collection":[{"href":"https:\/\/radiofobia.com.br\/podcast\/wp-json\/wp\/v2\/posts"}],"about":[{"href":"https:\/\/radiofobia.com.br\/podcast\/wp-json\/wp\/v2\/types\/post"}],"author":[{"embeddable":true,"href":"https:\/\/radiofobia.com.br\/podcast\/wp-json\/wp\/v2\/users\/7"}],"replies":[{"embeddable":true,"href":"https:\/\/radiofobia.com.br\/podcast\/wp-json\/wp\/v2\/comments?post=29714"}],"version-history":[{"count":22,"href":"https:\/\/radiofobia.com.br\/podcast\/wp-json\/wp\/v2\/posts\/29714\/revisions"}],"predecessor-version":[{"id":29748,"href":"https:\/\/radiofobia.com.br\/podcast\/wp-json\/wp\/v2\/posts\/29714\/revisions\/29748"}],"wp:featuredmedia":[{"embeddable":true,"href":"https:\/\/radiofobia.com.br\/podcast\/wp-json\/wp\/v2\/media\/29720"}],"wp:attachment":[{"href":"https:\/\/radiofobia.com.br\/podcast\/wp-json\/wp\/v2\/media?parent=29714"}],"wp:term":[{"taxonomy":"category","embeddable":true,"href":"https:\/\/radiofobia.com.br\/podcast\/wp-json\/wp\/v2\/categories?post=29714"},{"taxonomy":"post_tag","embeddable":true,"href":"https:\/\/radiofobia.com.br\/podcast\/wp-json\/wp\/v2\/tags?post=29714"}],"curies":[{"name":"wp","href":"https:\/\/api.w.org\/{rel}","templated":true}]}}