{"id":29811,"date":"2024-07-09T10:00:16","date_gmt":"2024-07-09T13:00:16","guid":{"rendered":"https:\/\/radiofobia.com.br\/podcast\/?p=29811"},"modified":"2024-07-08T15:50:44","modified_gmt":"2024-07-08T18:50:44","slug":"voz-off-083-jose-augusto-arnelas","status":"publish","type":"post","link":"https:\/\/radiofobia.com.br\/podcast\/2024\/07\/voz-off-083-jose-augusto-arnelas\/","title":{"rendered":"VOZ OFF 083 &#8211; Jos\u00e9 Augusto Arnelas"},"content":{"rendered":"<p><iframe title=\"VOZ 0FF 083 - Jos\u00e9 Augusto Arnelas\" src=\"https:\/\/omny.fm\/shows\/voz-off\/voz-0ff-083-jos-augusto-arnelas\/embed\" width=\"100%\" height=\"180\" frameborder=\"0\"><\/iframe><\/p>\n<p><em><strong>Sauda\u00e7\u00f5es, ouvintes apaixonados por locu\u00e7\u00e3o. Est\u00e1 NO AR o\u00a0<\/strong><\/em><em><strong>83\u00ba podcast VOZ OFF!<\/strong><\/em><\/p>\n<p>Neste epis\u00f3dio<span style=\"color: #666666;\">, <strong><a href=\"https:\/\/twitter.com\/antonioviviani\" target=\"_blank\" rel=\"noopener noreferrer\" data-saferedirecturl=\"https:\/\/www.google.com\/url?q=https:\/\/twitter.com\/antonioviviani&amp;source=gmail&amp;ust=1547142011247000&amp;usg=AFQjCNGZ8kg3VQj-BI_K7dDR21HNmPxEOA\">Ant\u00f4nio Viviani<\/a>\u00a0<\/strong>e\u00a0<strong><a href=\"https:\/\/twitter.com\/nicolalauletta\" target=\"_blank\" rel=\"noopener noreferrer\" data-saferedirecturl=\"https:\/\/www.google.com\/url?q=https:\/\/twitter.com\/nicolalauletta&amp;source=gmail&amp;ust=1547142011247000&amp;usg=AFQjCNEexDjV314C4BXxGZ5bnNDyXJ1YVg\">Nicola Lauletta<\/a> <\/strong><\/span>conversam com uma grande voz do r\u00e1dio e da TV!<\/p>\n<p>Nascido no nordeste&#8230; de Portugal, na aldeia de Freixiel, Tr\u00e1s os Montes, veio morar no Brasil com 8 anos e se fixou em S\u00e3o Paulo &#8211; Capital.<\/p>\n<p>Ouvia muito as r\u00e1dionovelas da extinta R\u00e1dio S\u00e3o Paulo, na casa da tia, e mesmo sendo muito t\u00edmido, se via obrigado pelas professoras das escolas onde estudava, a apresentar os eventos, devido \u00e0 sua voz marcante.<\/p>\n<p>Por\u00e9m, formou-se t\u00e9cnico em eletr\u00f4nica e dava assist\u00eancia a emissoras de r\u00e1dio, quando foi incentivado por D\u00e1rcio Arruda e tentar a carreira de locutor, inclusive o indicando para uma vaga na pequena R\u00e1dio Difusora Litoral Sul de Tabo\u00e3o da Serra, onde deu os primeiros passos na profiss\u00e3o.<\/p>\n<p>De l\u00e1 foi para a R\u00e1dio Clube de Santo Andr\u00e9 &#8211; hoje Trianon &#8211; depois Am\u00e9rica, inicialmente em S\u00e3o Paulo, depois por 2 anos no Rio de Janeiro, voltando para S\u00e3o Paulo para trabalhar na Excelsior AM em 1977.<\/p>\n<p>Tamb\u00e9m trabalhou na Antena 1, Manchete FM, TV Globo, na R\u00e1dio e na TV Cultura, Eldorado FM, Alpha FM e Scala FM.<\/p>\n<p>Quem vai nos contar essa hist\u00f3ria de sucesso \u00e9 o aquariano <strong>Jos\u00e9 Augusto Arnelas<\/strong>.<\/p>\n<p>A conversa aconteceu em junho de 2024 e voc\u00ea vai saber que nos tempos de TV Cultura, ele se especializou em narrar document\u00e1rios; que desde 2013 \u00e9 o narrador da s\u00e9rie de sucesso How The Universe Works do Discovery Science, que no Brasil se chama Como Funciona o Universo; e que Arnelas tamb\u00e9m \u00e9 ministro da Igreja Messi\u00e2nica!<\/p>\n<p>Com a gente, e pra voc\u00eas: <strong>JOS\u00c9 AUGUSTO ARNELAS<\/strong>!<\/p>\n<p><strong style=\"color: #990000;\">Para seguir nas redes sociais:<\/strong><br \/>\n&#8211; <a href=\"https:\/\/www.facebook.com\/podcastvozoff\/\" target=\"_blank\" rel=\"noopener noreferrer\">Curta a p\u00e1gina do podcast <strong>Voz Off<\/strong> no Facebook<\/a><br \/>\n&#8211; <a href=\"https:\/\/twitter.com\/podcastvozoff\" target=\"_blank\" rel=\"noopener noreferrer\">Siga o <strong>@podcastvozoff<\/strong> no Twitter<\/a><br \/>\n&#8211; <a href=\"https:\/\/www.facebook.com\/antoniovivianilocutor\/\" target=\"_blank\" rel=\"noopener noreferrer\">Curta a p\u00e1gina do <strong>Antonio Viviani<\/strong> no Facebook<\/a><br \/>\n&#8211; <a href=\"https:\/\/twitter.com\/antonioviviani\" target=\"_blank\" rel=\"noopener noreferrer\">Siga o <strong>@antonioviviani<\/strong> no Twitter<\/a><br \/>\n&#8211; <a href=\"https:\/\/www.instagram.com\/antonio.viviani\/\" target=\"_blank\" rel=\"noopener noreferrer\">Siga o <strong>@antonio.viviani<\/strong> no Instagram<\/a><br \/>\n&#8211; <a href=\"https:\/\/twitter.com\/nicolalauletta\" target=\"_blank\" rel=\"noopener noreferrer\">Siga o <strong>@nicolalauletta<\/strong> no Twitter<\/a><br \/>\n&#8211; <a href=\"https:\/\/www.facebook.com\/EchosStudios\" target=\"_blank\" rel=\"noopener noreferrer\">Curta a p\u00e1gina do <strong>Echo&#8217;s Studio<\/strong> no Facebook<\/a><br \/>\n&#8211; <a href=\"https:\/\/www.facebook.com\/vozaobra\/\" target=\"_blank\" rel=\"noopener noreferrer\">Curta a p\u00e1gina do <strong>Workshop de Locu\u00e7\u00e3o Voz A Obra<\/strong>\u00a0no Facebook<\/a><br \/>\n&#8211; <a href=\"http:\/\/leolop.es\/textosentido\" target=\"_blank\" rel=\"noopener noreferrer\">Ou\u00e7a tamb\u00e9m o podcast <strong>TEXTO SENTIDO<\/strong> com Ant\u00f4nio Viviani<\/a><\/p>\n<p><strong style=\"color: #990000;\">Assine o FEED do Voz Off:<\/strong><br \/>\nPara ouvir o Voz Off no seu agregador de podcasts preferido, <a href=\"http:\/\/leolop.es\/feedvozoff\" target=\"_blank\" rel=\"noopener noreferrer\"><strong>clique aqui e assine o nosso FEED<\/strong><\/a>!<\/p>\n<p><strong style=\"color: #990000;\">Assine e avalie nosso podcast no iTunes:<\/strong><br \/>\nSe voc\u00ea usa o<strong> iTunes<\/strong> no seu computador, tablet ou smartphone, <a href=\"https:\/\/itunes.apple.com\/us\/podcast\/id1252595385\" target=\"_blank\" rel=\"noopener noreferrer\"><strong>assine e avalie nosso podcast clicando aqui<\/strong><\/a>!<\/p>\n<p><strong style=\"color: #990000;\">Voz Off no Spotify:<\/strong><br \/>\nCaso prefira ouvir o <strong>Voz Off <\/strong>no<strong> Spotify<\/strong>, <a href=\"https:\/\/open.spotify.com\/show\/16gSvztELYfMu42Vu22gug?si=UW6_DO3bQwaYUt4aNjb4TQ\" target=\"_blank\" rel=\"noopener noreferrer\"><strong>\u00e9 s\u00f3 clicar aqui e assinar o nosso podcast no servi\u00e7o de streaming<\/strong><\/a>!<\/p>\n<p><span style=\"color: #990000;\"><strong>E-mails:<\/strong><\/span><br \/>\nMande seu feedback pra gente atrav\u00e9s do e-mail\u00a0<a href=\"mailto:podcastvozoff@gmail.com\"><strong>podcastvozoff@gmail.com<\/strong><\/a>!<\/p>\n<p><span style=\"color: #990000;\"><strong>Publicidade:<\/strong><\/span><br \/>\n<a href=\"http:\/\/leolop.es\/rfcontato\" target=\"_blank\" rel=\"noopener noreferrer\"><strong>Entre em contato<\/strong><\/a> e saiba como <em>anunciar sua marca, produto ou servi\u00e7o em nossos podcasts<\/em>.<\/p>\n","protected":false},"excerpt":{"rendered":"<p>Ant\u00f4nio Viviani\u00a0e\u00a0Nicola Lauletta conversam com uma grande voz do r\u00e1dio e da TV: Jos\u00e9 Augusto Arnelas!<\/p>\n","protected":false},"author":2,"featured_media":29812,"comment_status":"open","ping_status":"closed","sticky":false,"template":"","format":"standard","meta":{"footnotes":""},"categories":[13,1220],"tags":[],"class_list":["post-29811","post","type-post","status-publish","format-standard","has-post-thumbnail","hentry","category-podcast","category-vozoff"],"_links":{"self":[{"href":"https:\/\/radiofobia.com.br\/podcast\/wp-json\/wp\/v2\/posts\/29811","targetHints":{"allow":["GET"]}}],"collection":[{"href":"https:\/\/radiofobia.com.br\/podcast\/wp-json\/wp\/v2\/posts"}],"about":[{"href":"https:\/\/radiofobia.com.br\/podcast\/wp-json\/wp\/v2\/types\/post"}],"author":[{"embeddable":true,"href":"https:\/\/radiofobia.com.br\/podcast\/wp-json\/wp\/v2\/users\/2"}],"replies":[{"embeddable":true,"href":"https:\/\/radiofobia.com.br\/podcast\/wp-json\/wp\/v2\/comments?post=29811"}],"version-history":[{"count":3,"href":"https:\/\/radiofobia.com.br\/podcast\/wp-json\/wp\/v2\/posts\/29811\/revisions"}],"predecessor-version":[{"id":29925,"href":"https:\/\/radiofobia.com.br\/podcast\/wp-json\/wp\/v2\/posts\/29811\/revisions\/29925"}],"wp:featuredmedia":[{"embeddable":true,"href":"https:\/\/radiofobia.com.br\/podcast\/wp-json\/wp\/v2\/media\/29812"}],"wp:attachment":[{"href":"https:\/\/radiofobia.com.br\/podcast\/wp-json\/wp\/v2\/media?parent=29811"}],"wp:term":[{"taxonomy":"category","embeddable":true,"href":"https:\/\/radiofobia.com.br\/podcast\/wp-json\/wp\/v2\/categories?post=29811"},{"taxonomy":"post_tag","embeddable":true,"href":"https:\/\/radiofobia.com.br\/podcast\/wp-json\/wp\/v2\/tags?post=29811"}],"curies":[{"name":"wp","href":"https:\/\/api.w.org\/{rel}","templated":true}]}}