{"id":29817,"date":"2024-07-10T15:18:55","date_gmt":"2024-07-10T18:18:55","guid":{"rendered":"https:\/\/radiofobia.com.br\/podcast\/?p=29817"},"modified":"2024-07-10T15:18:55","modified_gmt":"2024-07-10T18:18:55","slug":"radiofobia-classics-73-milton-nascimento","status":"publish","type":"post","link":"https:\/\/radiofobia.com.br\/podcast\/2024\/07\/radiofobia-classics-73-milton-nascimento\/","title":{"rendered":"R\u00c1DIOFOBIA Classics #73 &#8211; Milton Nascimento"},"content":{"rendered":"<p><iframe title=\"R\u00c1DIOFOBIA Classics #73 - Milton Nascimento\" src=\"https:\/\/omny.fm\/shows\/radiofobia-classics\/r-diofobia-classics-73-milton-nascimento\/embed\" width=\"100%\" height=\"180\" frameborder=\"0\"><\/iframe><\/p>\n<p>Seja bem vindo ao <strong>R\u00c1DIOFOBIA Classics, <\/strong>nosso podcast musical apresentado por\u00a0<strong><a href=\"http:\/\/twitter.com\/leoradiofobia\" target=\"_blank\" rel=\"noopener noreferrer\">Leo Lopes<\/a><\/strong>!<\/p>\n<p>Nesta atra\u00e7\u00e3o apresentamos um pouco da\u00a0<strong>hist\u00f3ria dos principais artistas da m\u00fasica mundial<\/strong>, assim como <strong>alguns de seus maiores sucessos<\/strong>, revivendo um estilo de programas especiais que costum\u00e1vamos ouvir no r\u00e1dio nos anos 1980 e 1990. Nossa inten\u00e7\u00e3o \u00e9 apresentar uma vis\u00e3o geral da hist\u00f3ria musical desses grandes artistas e ilustrar o programa com trechos de algumas de suas m\u00fasicas mais conhecidas!<\/p>\n<p>Nascido no Rio de Janeiro, radicado em Minas Gerais, consagrado em todo o Brasil e reverenciado no mundo inteiro: assim \u00e9 <strong>Milton Nascimento<\/strong>, o nosso Bituca, um dos grandes nomes da m\u00fasica popular brasileira que fazem parte do pante\u00e3o cultural do nosso pa\u00eds!<\/p>\n<p>Ao longo de 61 anos de carreira, Milton gravou 34 \u00e1lbuns de est\u00fadio e 10 ao vivo, tendo feito parcerias com dezenas de artistas no Brasil e no mundo e ganhado nada menos do que 5 Grammy Awards!<\/p>\n<p>Ainda que tenha anunciado sua aposentadoria dos palcos, Milton segue ativamente fazendo m\u00fasica sem previs\u00e3o de parar, e \u00e9 o homenageado deste epis\u00f3dio de retorno do <strong>R\u00e1diofobia Classics<\/strong>!<\/p>\n<p><strong>Diz pra gente o que achou do programa<\/strong> e <strong>indique sua banda ou artista preferido,\u00a0<span style=\"text-decoration: underline;\">nacional ou internacional<\/span><\/strong>, deixando seus coment\u00e1rios no post ou ent\u00e3o enviando um e-mail para <strong><a title=\"[GMCP] Compose a new mail to classics@radiofobia.com.br\" href=\"mailto:classics@radiofobia.com.br\" target=\"_blank\" rel=\"noopener noreferrer\">classics@radiofobia.com.br<\/a><\/strong> !<\/p>\n<p><strong>Voc\u00ea tamb\u00e9m pode colaborar rascunhando uma pauta sobre sua indica\u00e7\u00e3o!<\/strong> Capriche no texto e na pesquisa e envie por e-mail com seu <strong>nome, idade, ocupa\u00e7\u00e3o e cidade onde mora<\/strong>, para podermos dar os devidos cr\u00e9ditos quando (ou se&#8230;) o programa for ao ar!<\/p>\n<p><strong><span style=\"color: #990000;\">Playlist do epis\u00f3dio no Spotify:<\/span><\/strong><\/p>\n<p><iframe style=\"border-radius: 12px;\" src=\"https:\/\/open.spotify.com\/embed\/playlist\/1awMCQZDbjgxGfYHzcjTmq?utm_source=generator&amp;theme=0\" width=\"100%\" height=\"352\" frameborder=\"0\" allowfullscreen=\"allowfullscreen\"><\/iframe><\/p>\n<p><strong><span style=\"color: #990000;\">Links do epis\u00f3dio:<\/span><\/strong><br \/>\n&#8211; <a href=\"https:\/\/pca.st\/9f328aav\">Podcast Discoteca B\u00e1sica T04E01: Clube da Esquina &#8211; Milton Nascimento &amp; L\u00f4 Borges (1972)<\/a><br \/>\n&#8211; <a href=\"https:\/\/www.youtube.com\/watch?v=go9nJ30SnM4\">Dudu Lima Trio e Milton Nascimento &#8211; Tamarear (YouTube)<\/a><\/p>\n<p><strong><span style=\"color: #990000;\">Cr\u00e9ditos do epis\u00f3dio:<\/span><\/strong><br \/>\n&#8211; Produ\u00e7\u00e3o geral, apresenta\u00e7\u00e3o, capta\u00e7\u00e3o e edi\u00e7\u00e3o: <a href=\"http:\/\/twitter.com\/leoradiofobia\">Leo Lopes<\/a><br \/>\n&#8211; Pesquisa e produ\u00e7\u00e3o de pauta: <a href=\"https:\/\/twitter.com\/lana_tavora\">Lana T\u00e1vora<\/a><br \/>\n&#8211;\u00a0Identidade visual:\u00a0<a href=\"https:\/\/www.behance.net\/dellacolletta\" target=\"_blank\" rel=\"noopener\">Gui Dellacolletta<\/a><br \/>\n&#8211; Arte: <a href=\"https:\/\/www.instagram.com\/canog_designevideo\/\">Camila Nogueira<\/a><\/p>\n<p><span style=\"color: #990000;\"><strong>Site e r\u00e1dio online:<\/strong><\/span><br \/>\nOu\u00e7a todos os epis\u00f3dios e a <strong>R\u00c1DIO ONLINE 24h <\/strong>em <a href=\"https:\/\/radiofobiaclassics.com.br\/\"><strong>radiofobiaclassics.com.br<\/strong><\/a>!<\/p>\n<p><span style=\"color: #990000;\"><strong>Aplicativo Android:<\/strong><\/span><br \/>\n<a href=\"https:\/\/leolop.es\/classicsapp\">Clique para baixar gratuitamente o <strong>app do R\u00e1diofobia Classics para dispositivos Android<\/strong><\/a>!<\/p>\n<p><strong style=\"color: #990000;\">Acompanhe o R\u00e1diofobia Classics nas redes sociais:<\/strong><br \/>\n&#8211; siga o <strong><a href=\"https:\/\/www.instagram.com\/radiofobiaclassics\/\">@radiofobiaclassics no Instagram<\/a><\/strong><br \/>\n&#8211; siga o <strong><a href=\"https:\/\/twitter.com\/rfobiaclassics\" target=\"_blank\" rel=\"noopener noreferrer\">@rfobiaclassics no Twitter<\/a><br \/>\n<\/strong>&#8211; curta a p\u00e1gina do <a href=\"https:\/\/www.facebook.com\/radiofobiaclassics\"><strong>R\u00e1diofobia Classics no Facebook<\/strong><\/a><\/p>\n<p><span style=\"color: #990000;\"><strong>Ou\u00e7a o R\u00e1diofobia Classics nos principais agregadores:<\/strong><\/span><br \/>\n&#8211; <strong><a href=\"http:\/\/leolop.es\/rfclassics_itunes\" target=\"_blank\" rel=\"noopener noreferrer\">Apple Podcasts<\/a><\/strong><br \/>\n&#8211; <a href=\"http:\/\/leolop.es\/rfclassics_amazon\" target=\"_blank\" rel=\"noopener\"><strong>Amazon Music<\/strong><\/a><br \/>\n&#8211; <strong><a href=\"http:\/\/leolop.es\/rfclassics_pocket\" target=\"_blank\" rel=\"noopener noreferrer\">PocketCasts<\/a><br \/>\n<\/strong>&#8211;<a href=\"https:\/\/www.deezer.com\/br\/show\/2237302\"><strong> Deezer<\/strong><\/a><\/p>\n<p><span style=\"color: #990000;\"><strong>Publicidade:<\/strong><\/span><br \/>\n<a href=\"http:\/\/leolop.es\/rfcontato\" target=\"_blank\" rel=\"noopener noreferrer\"><strong>Entre em contato<\/strong><\/a> e saiba como <em>anunciar sua marca, produto ou servi\u00e7o em nossos podcasts<\/em>.<\/p>\n","protected":false},"excerpt":{"rendered":"<p>O R\u00e1diofobia Classics retorna com a biografia de um patrim\u00f4nio cultural do Brasil: Milton Nascimento, o nosso Bituca!<\/p>\n","protected":false},"author":2,"featured_media":29818,"comment_status":"open","ping_status":"closed","sticky":false,"template":"","format":"standard","meta":{"footnotes":""},"categories":[13,450],"tags":[],"class_list":["post-29817","post","type-post","status-publish","format-standard","has-post-thumbnail","hentry","category-podcast","category-classics"],"_links":{"self":[{"href":"https:\/\/radiofobia.com.br\/podcast\/wp-json\/wp\/v2\/posts\/29817","targetHints":{"allow":["GET"]}}],"collection":[{"href":"https:\/\/radiofobia.com.br\/podcast\/wp-json\/wp\/v2\/posts"}],"about":[{"href":"https:\/\/radiofobia.com.br\/podcast\/wp-json\/wp\/v2\/types\/post"}],"author":[{"embeddable":true,"href":"https:\/\/radiofobia.com.br\/podcast\/wp-json\/wp\/v2\/users\/2"}],"replies":[{"embeddable":true,"href":"https:\/\/radiofobia.com.br\/podcast\/wp-json\/wp\/v2\/comments?post=29817"}],"version-history":[{"count":9,"href":"https:\/\/radiofobia.com.br\/podcast\/wp-json\/wp\/v2\/posts\/29817\/revisions"}],"predecessor-version":[{"id":29827,"href":"https:\/\/radiofobia.com.br\/podcast\/wp-json\/wp\/v2\/posts\/29817\/revisions\/29827"}],"wp:featuredmedia":[{"embeddable":true,"href":"https:\/\/radiofobia.com.br\/podcast\/wp-json\/wp\/v2\/media\/29818"}],"wp:attachment":[{"href":"https:\/\/radiofobia.com.br\/podcast\/wp-json\/wp\/v2\/media?parent=29817"}],"wp:term":[{"taxonomy":"category","embeddable":true,"href":"https:\/\/radiofobia.com.br\/podcast\/wp-json\/wp\/v2\/categories?post=29817"},{"taxonomy":"post_tag","embeddable":true,"href":"https:\/\/radiofobia.com.br\/podcast\/wp-json\/wp\/v2\/tags?post=29817"}],"curies":[{"name":"wp","href":"https:\/\/api.w.org\/{rel}","templated":true}]}}