{"id":29905,"date":"2024-08-05T07:00:40","date_gmt":"2024-08-05T10:00:40","guid":{"rendered":"https:\/\/radiofobia.com.br\/podcast\/?p=29905"},"modified":"2024-08-02T16:57:34","modified_gmt":"2024-08-02T19:57:34","slug":"pod-noticias-025-publicidade-no-podcast-segue-crescendo","status":"publish","type":"post","link":"https:\/\/radiofobia.com.br\/podcast\/2024\/08\/pod-noticias-025-publicidade-no-podcast-segue-crescendo\/","title":{"rendered":"Pod Not\u00edcias 025 &#8211; Publicidade no podcast segue crescendo"},"content":{"rendered":"<p><iframe title=\"Pod Not\u00edcias 025 - Publicidade no podcast segue crescendo\" src=\"https:\/\/omny.fm\/shows\/podnoticias\/pod-not-cias-025-publicidade-no-podcast-segue-cres\/embed\" width=\"100%\" height=\"180\" frameborder=\"0\"><\/iframe><\/p>\n<p><a href=\"http:\/\/leolop.es\/novocurso\"><img fetchpriority=\"high\" decoding=\"async\" class=\"aligncenter size-full wp-image-1018\" src=\"https:\/\/podnoticias.com.br\/wp-content\/uploads\/2024\/05\/publi_content_academy_0724.gif\" alt=\"Curso Podcast para Todos, com Leo Lopes - Content Academy\" width=\"948\" height=\"250\" \/><\/a><\/p>\n<p><span style=\"color: #23238e;\"><strong>Ol\u00e1, eu sou <a href=\"https:\/\/leolopes.com.br\" target=\"_blank\" rel=\"noopener\">Leo Lopes<\/a> e o POD NOT\u00cdCIAS chega \u00e0 sua vig\u00e9sima quinta edi\u00e7\u00e3o trazendo um resumo de tudo o que aconteceu ao longo da semana n<\/strong><\/span><strong style=\"color: #23238e;\">o mercado de podcasts no Brasil e no mundo!<\/strong><\/p>\n<p><span style=\"color: #23238e;\"><strong>Hoje \u00e9 segunda-feira, dia 5 de agosto de 2024!<\/strong><\/span><\/p>\n<p>Este epis\u00f3dio conta com o apoio da <a href=\"https:\/\/www.contentacademy.com.br\/\"><strong>CONTENT ACADEMY<\/strong><\/a>, uma plataforma de cursos online voltada para quem quer trabalhar com cria\u00e7\u00e3o de conte\u00fado, onde o mais legal \u00e9 que os professores s\u00e3o os pr\u00f3prios criadores e os profissionais que trabalham com eles. Ent\u00e3o tem curso de <strong>True Crime com o Ivan Mizanzuk do Projeto Humanos<\/strong>, tem <strong>Webjornalismo independente com o Alvaro e a Ana do Meteoro Brasil<\/strong>, tem <strong>Storytelling com o Kenji do Normose<\/strong>, tem curso de <strong>Edi\u00e7\u00e3o de v\u00eddeo para Youtube com o Will do Jogatina Maneira<\/strong>, tem tamb\u00e9m o meu curso <a href=\"https:\/\/leolop.es\/novocurso\" target=\"_blank\" rel=\"noopener\"><strong>Podcast para todos<\/strong> (que t\u00e1 com uma mega promo\u00e7\u00e3o por tempo limitado)<\/a> e mais um monte de cursos incr\u00edveis! Ent\u00e3o entra l\u00e1 no site pra dar uma conferida em <a href=\"https:\/\/www.contentacademy.com.br\/\"><strong>contentacademy.com.br<\/strong><\/a>!<\/p>\n<p>Se voc\u00ea tamb\u00e9m quiser anunciar a sua marca, produto ou servi\u00e7o com a gente aqui no Pod Not\u00edcias \u2013 tanto no podcast como no nosso site \u2013, manda um e-mail pro <strong>contato@podnoticias.com.br<\/strong>, que n\u00f3s vamos ter o maior prazer em conversar com voc\u00ea sobre todas as op\u00e7\u00f5es de publicidade. E se voc\u00ea quiser colaborar com a gente com texto, sugest\u00e3o de pauta ou envio de not\u00edcias, tamb\u00e9m vai ser muito bem-vindo e pode fazer isso atrav\u00e9s do mesmo e-mail.<\/p>\n<p>1 &#8211; Abrindo nossa edi\u00e7\u00e3o desta semana, a gente vai trazer os dados mais recentes da Magellan AI sobre os an\u00fancios em \u00e1udio.<\/p>\n<p>Segundo o relat\u00f3rio de benchmarks da empresa, referente ao segundo trimestre de 2024, os <em>investimentos<\/em> em an\u00fancios de podcast aumentaram cerca de 22% ano a ano, mas a <em>quantidade<\/em> de an\u00fancios em podcasts aumentou 20%. Ou seja; n\u00e3o s\u00f3 a quantidade de an\u00fancios nos podcasts est\u00e1 crescendo, mas ela tamb\u00e9m est\u00e1 sendo <em>mais bem paga<\/em>.<\/p>\n<p>A carga m\u00e9dia de an\u00fancios foi de 7,2% no segundo trimestre de 2024, um n\u00famero maior do que os 5,9% no mesmo per\u00edodo de 2023. O que sugere que, para um programa t\u00edpico de uma hora, cerca de 4,3 minutos s\u00e3o destinados \u00e0 publicidade.<\/p>\n<p>Esse n\u00famero ainda \u00e9 um pouco menor do que nas r\u00e1dios. No relat\u00f3rio da Magellan AI a refer\u00eancia foram alguns programas matinais de r\u00e1dio da Audacy, NPR e 2GB, nos quais a porcentagem de an\u00fancios fica entre 24% e 27,1% da minutagem total do programa.<\/p>\n<p>Ainda assim, 20% de crescimento ano a ano \u00e9 um n\u00famero bem expressivo, principalmente considerando que as outras m\u00eddias digitais, mesmo que tenham mais investimentos, est\u00e3o com eles estacionados na mesma porcentagem desde 2020 (que foi o primeiro ano da pandemia).<\/p>\n<p>Ent\u00e3o t\u00e1 chegando o ano da publicidade no podcast, s\u00f3 n\u00e3o v\u00ea quem n\u00e3o quer!<\/p>\n<p><a href=\"https:\/\/podnoticias.com.br\/quantidade-de-anuncios-em-podcasts-tem-aumento-de-20\/\">Link<\/a><\/p>\n<p>2 &#8211; E j\u00e1 que estamos falando em an\u00fancios em podcast, na semana passada o desenvolvedor Micah Engle-Eshleman lan\u00e7ou o Adblock Podcast, que \u00e9 um novo aplicativo que pula automaticamente todos os an\u00fancios em podcasts e programas de \u00e1udio.<\/p>\n<p>Ele j\u00e1 est\u00e1 dispon\u00edvel para usu\u00e1rios do iTunes e \u00e9 um aplicativo contrat\u00e1vel por assinatura &#8211; pra que os criadores dos podcasts n\u00e3o percam a receita publicit\u00e1ria deles, olha s\u00f3 que legal. Mas como \u00e9 que isso funciona? Bem, o Adblock detecta e &#8220;pula&#8221; os an\u00fancios de forma autom\u00e1tica, armazenando o \u00e1udio no cache, e a\u00ed ele destina US$ 0,04 aos podcasters por cada an\u00fancio que \u00e9 ignorado.<\/p>\n<p>Falando assim pode parecer que \u00e9 pouco, mas a m\u00e9dia de pagamentos por impress\u00f5es no mercado \u00e9 U$ 0,03, ent\u00e3o o valor \u00e9 mais do que justo pra gerar essa troca.<\/p>\n<p>O \u00fanico plano de assinatura dispon\u00edvel no momento \u00e9 o Premium, que ignora at\u00e9 50 an\u00fancios mensais pelo valor de $3,99 &#8211; tamb\u00e9m mensal. Se n\u00e3o for suficiente pro ouvinte, ele ainda pode comprar 100 &#8220;skips&#8221; extras por $5,99. O bom, \u00e9 que todos os pulos extras que forem adquiridos, n\u00e3o expiram de um m\u00eas pro outro. Ent\u00e3o se voc\u00ea comprou 100 e sobrou 20, no m\u00eas seguinte voc\u00ea vai ter os 50 pulos mensais + esses 20 que sobraram.<\/p>\n<p>Por enquanto, o aplicativo n\u00e3o tem nenhuma outra vers\u00e3o, mas o desenvolvedor disse que j\u00e1 est\u00e1 trabalhando nisso.<\/p>\n<p><a href=\"https:\/\/podnoticias.com.br\/adblock-podcast-novo-aplicativo-que-permite-pular-anuncios-em-podcasts\/\">Link<\/a><\/p>\n<p>3 &#8211; A AudioUK, uma entidade que representa a ind\u00fastria de podcasts, r\u00e1dio e audiolivros no Reino Unido, est\u00e1 tentando criar um lobby pra garantir alguns benef\u00edcios fiscais para quem produz podcasts e audiobooks em solo brit\u00e2nico.<\/p>\n<p>A iniciativa partiu de um manifesto que foi divulgado no come\u00e7o desse ano, que busca replicar os incentivos fiscais que j\u00e1 existem pra TV e cinema, principalmente considerando a possibilidade do podcast atrair investimentos internacionais.<\/p>\n<p>Com isso, a AudioUK lan\u00e7ou uma pesquisa pra atualizar os dados de um relat\u00f3rio que j\u00e1 foi feito em 2021, para mostrar ao novo governo brit\u00e2nico qual foi o crescimento da ind\u00fastria, e qual o seu potencial no futuro.<\/p>\n<p>A Diretora Administrativa da AudioUK, Chloe Straw, pediu aos produtores de podcast de todos os tamanhos que participem da pesquisa para fortalecer a defesa dessas pol\u00edticas e impulsionar a ind\u00fastria de produ\u00e7\u00e3o de \u00e1udio no pa\u00eds.<\/p>\n<p><a href=\"https:\/\/podnoticias.com.br\/audiouk-busca-dados-do-setor-para-obter-alivio-fiscal-no-reino-unido\/\">Link<\/a><\/p>\n<p><span style=\"color: #23238e;\"><strong>AINDA EM NOT\u00cdCIAS DA SEMANA:<\/strong><\/span><\/p>\n<p>4 &#8211; A produtora canadense de podcast Pacific Content foi comprada pela start-up brit\u00e2nica Lower Street. A Lower Street, que est\u00e1 no mercado desde 2017, \u00e9 uma ag\u00eancia de produ\u00e7\u00e3o de podcasts corporativos completos, e j\u00e1 trabalhou com marcas como Adobe e Pepsico. O valor da negocia\u00e7\u00e3o n\u00e3o foi divulgado ao p\u00fablico.<\/p>\n<p>O que foi divulgado foram as impress\u00f5es dos envolvidos, e parece que t\u00e1 todo mundo muito feliz com isso: o Harry Morton, fundador da Lower Street, disse que sempre foi um grande admirador dos podcasts da Pacific Content, e o Steve Pratt da Pacific Content devolveu a gentileza e os elogios dizendo que t\u00e1 confiante e entusiasmado com a nova fase das empresas.<\/p>\n<p>V\u00e1rios funcion\u00e1rios da Pacific Content v\u00e3o se juntar \u00e0 equipe da Lower Street nas pr\u00f3ximas semanas &#8211; o que n\u00e3o vai ser uma integra\u00e7\u00e3o muito dif\u00edcil, porque os 29 funcion\u00e1rios da Lower Street j\u00e1 trabalham de forma remota, ent\u00e3o aumenta o time, aumenta o trabalho, mas n\u00e3o aumenta tanto assim a complexidade.<\/p>\n<p><a href=\"https:\/\/podnoticias.com.br\/pacific-content-e-vendida-para-a-start-up-britanica-lower-street\/\">Link<\/a><\/p>\n<p>5 &#8211; A SiriusXM anunciou o lan\u00e7amento do SiriusXM Podcasts+, um servi\u00e7o de assinatura independente que vai estar dispon\u00edvel para o Apple Podcasts a partir de hoje, 5 de agosto.<\/p>\n<p>O servi\u00e7o oferece epis\u00f3dios sem an\u00fancios, conte\u00fados b\u00f4nus e acesso antecipado a novos epis\u00f3dios de v\u00e1rios programas populares dos Estados Unidos.<\/p>\n<p>Por enquanto, a assinatura \u00e9 exclusiva para o Apple Podcasts, mas j\u00e1 foi anunciado que o servi\u00e7o vai ser expandido para outras plataformas em breve, al\u00e9m de ficar dispon\u00edvel em mais de 60 pa\u00edses pela taxa de US$6 mensais ou de US$45 por ano.<\/p>\n<p><a href=\"https:\/\/podnoticias.com.br\/siriusxm-lanca-servico-de-assinatura-independente-para-podcasts\/\">Link<\/a><\/p>\n<p>6 &#8211; E a empresa de hospedagem de podcasts bCast, sediada em Londres, anunciou na \u00faltima semana que vai encerrar as suas atividades.<\/p>\n<p>O motivo \u00e9 que a receita gerada atualmente pela plataforma n\u00e3o est\u00e1 sendo suficiente pra cobrir todos os custos de opera\u00e7\u00e3o.<\/p>\n<p>Pra quem n\u00e3o lembra ou n\u00e3o sabe, a bCast \u00e9 uma empresa que teve uma expans\u00e3o mete\u00f3rica em 2020 e 2021, quando vendeu uma penca de servi\u00e7os &#8220;vital\u00edcios&#8221; pra produtores menores de podcast.<\/p>\n<p>Quando os fundadores perceberam que isso tinha sido um erro, tentaram ajustar o modelo de neg\u00f3cios de v\u00e1rias formas &#8211; inclusive voltando atr\u00e1s no que venderam e tentando cobrar pelos planos vital\u00edcios&#8230; O que gerou um au\u00ea. Eles foram t\u00e3o criticados que acabaram voltando atr\u00e1s at\u00e9 nisso, dizendo que iam procurar reduzir custos de outras fontes.<\/p>\n<p>Mas, infelizmente, isso n\u00e3o aconteceu, e eles n\u00e3o viram outra sa\u00edda al\u00e9m de fechar a empresa.<\/p>\n<p>Os usu\u00e1rios do bCast t\u00eam at\u00e9 o dia 30 de agosto de 2024 para transferir seus podcasts para uma nova plataforma e redirecionar os seus feeds RSS pra um novo servi\u00e7o. Boa sorte pra eles.<\/p>\n<p><a href=\"https:\/\/podnoticias.com.br\/bcast-encerra-atividades-apos-crescimento-insustentavel\/\">Link<\/a><\/p>\n<p><span style=\"color: #23238e;\"><strong>E MAIS:<\/strong><\/span><\/p>\n<p>7 &#8211; A Acast divulgou o seu relat\u00f3rio financeiro do segundo trimestre de 2024, onde teve um crescimento de 24% nas vendas l\u00edquidas &#8211; um n\u00famero que representa mais ou menos 44 milh\u00f5es de d\u00f3lares.<\/p>\n<p>Esse \u00e9 o d\u00e9cimo anivers\u00e1rio da Acast como l\u00edder de mercado, hospedando mais de 125.000 podcasts e pagando mais de US$ 390 milh\u00f5es pros seus criadores. A receita m\u00e9dia por escuta aumentou 45%, mesmo com uma queda de 15% no total do n\u00famero de escutas, que ainda \u00e9 atribu\u00edda \u00e0s mudan\u00e7as no iOS 17 da Apple. Lembra que o aplicativo n\u00e3o faz mais download autom\u00e1tico dos epis\u00f3dios? Ent\u00e3o.<\/p>\n<p>A Acast tamb\u00e9m se destacou em uma pesquisa de mercado que mostrou qu\u00e3o alto anda o retorno sobre investimento de publicidade em podcasts.<\/p>\n<p>Pra resumir: em termos de mercado, esse foi um \u00f3timo trimestre pra Acast, tanto financeiramente quanto em fortalecimento de marca.<\/p>\n<p><a href=\"https:\/\/podnoticias.com.br\/acast-relata-crescimento-em-relatorio-do-segundo-trimestre-de-2024\/\">Link<\/a><\/p>\n<p>8 &#8211; Na \u00faltima semana de julho, o Pocket Casts lan\u00e7ou uma atualiza\u00e7\u00e3o com uma s\u00e9rie de melhorias e novos recursos para aprimorar a UX do aplicativo.<\/p>\n<p>O destaque foi a cria\u00e7\u00e3o da ferramenta <em>Clip It &amp; Share It<\/em> (ou Compartilhamento de Clipes), com a qual os usu\u00e1rios podem criar e compartilhar trechos dos epis\u00f3dios de podcast. Essa fun\u00e7\u00e3o, que era muito solicitada pelos usu\u00e1rios, j\u00e1 est\u00e1 dispon\u00edvel no Web Player e nos aplicativos de desktop, e deve ficar dispon\u00edvel pra Android e iOS em breve.<\/p>\n<p>E, por falar no sistema da Apple, o aplicativo agora oferece novos widgets para acesso r\u00e1pido a podcasts e epis\u00f3dios favoritos no iOS, al\u00e9m de tamb\u00e9m ter ajustado os limites de velocidade. Agora, o ouvinte pode ouvir com a velocidade de reprodu\u00e7\u00e3o de at\u00e9 5x, mas se o ouvinte n\u00e3o for um deficiente auditivo que t\u00e1 acostumado a ouvir os \u00e1udios muito r\u00e1pido &#8211; pra quem isso faria sentido -, pra qualquer outra pessoa isso seria coisa de maluco ou de psicopata. Ouvir em velocidade 5 do cr\u00e9u? Pra qu\u00ea? Enfim, n\u00e9, como tem louco pra tudo&#8230; Eu pretendo ficar s\u00f3 com o compartilhamento de cliques mesmo, ouvindo em 1x, obrigado.<\/p>\n<p><a href=\"https:\/\/podnoticias.com.br\/pocket-casts-lanca-novos-recursos-e-melhorias-em-julho-de-2024\/\">Link<\/a><\/p>\n<p>9 &#8211; E \u00e9 claro que aqui no Pod Not\u00edcias a gente faz, toda semana, um resumo de tudo que aconteceu de mais importante no mercado de podcasts, mas l\u00e1 no nosso site sempre tem muito mais conte\u00fado que vale a pena conferir na \u00edntegra. Na \u00faltima semana, por exemplo, teve dicas de equipamento, artigo novo publicado pelos nossos colunistas e outras not\u00edcias que acabaram n\u00e3o entrando aqui no corte do programa, porque a gente t\u00e1 noticiando muito e todos os dias.<\/p>\n<p>Ent\u00e3o n\u00e3o deixa de acessar o nosso site em <strong>podnoticias.com.br<\/strong> pra conferir o review que a gente publicou de algumas c\u00e2meras da Sony, e tamb\u00e9m ler o texto: &#8220;<em>N\u00e3o sei entrevistar, ent\u00e3o vou virar podcaster<\/em>&#8220;, que fala sobre aquela panelinha do podcast que a gente j\u00e1 t\u00e1 cansado de saber quem \u00e9, e que faz umas entrevistas t\u00e3o ruins que chegam a baixar a r\u00e9gua do jornalismo no podcast. Enfim, tem bastante coisa l\u00e1 no site pra voc\u00ea.<\/p>\n<p>Os links diretos pro site v\u00e3o estar, como sempre, na descri\u00e7\u00e3o desse epis\u00f3dio.<\/p>\n<p><a href=\"https:\/\/podnoticias.com.br\/3-cameras-sony-para-investir-em-vlog-ou-podcast-em-2024\/\">Link<\/a> \/ <a href=\"https:\/\/podnoticias.com.br\/nao-sei-fazer-entrevistas-entao-vou-virar-podcaster\/\">Link<\/a><\/p>\n<p><span style=\"color: #23238e;\"><strong>HOJE NO GIRO SOBRE PESSOAS QUE FAZEM A M\u00cdDIA:<\/strong><\/span><\/p>\n<p>10 &#8211; A HBO est\u00e1 produzindo uma miniss\u00e9rie baseada no podcast &#8220;Praia dos Ossos&#8221; da R\u00e1dio Novelo, e j\u00e1 anunciou o elenco que vai participar da produ\u00e7\u00e3o (e que elenco de peso, hein?).<\/p>\n<p>O podcast fala sobre o assassinato da socialite \u00c2ngela Diniz em 1976. A \u00c2ngela vai ser interpretada pela atriz Marjorie Estiano, enquanto Emilio Dantas vai fazer o papel do Doca Street, que \u00e9 o ex-namorado e tamb\u00e9m o assassino da \u00c2ngela Diniz. Outros nomes ilustres que v\u00e3o participar da s\u00e9rie s\u00e3o Ant\u00f4nio Fagundes, Renata Gaspar e Thiago Lacerda.<\/p>\n<p>Por enquanto, a s\u00e9rie n\u00e3o tem data de estreia definida, mas a gente j\u00e1 sabe que ela vai ter 6 epis\u00f3dios. Se voc\u00ea quiser saber mais sobre a produ\u00e7\u00e3o, o elenco ou o podcast, n\u00e3o deixa de acessar a \u00edntegra da mat\u00e9ria l\u00e1 no nosso site.<\/p>\n<p><a href=\"https:\/\/podnoticias.com.br\/hbo-divulga-elenco-da-minisserie-baseada-no-podcast-praia-dos-ossos\/\">Link<\/a><\/p>\n<p>11 &#8211; E na nossa Caixa de perguntas do Instagram na semana passada, a gente perguntou &#8220;<strong>se voc\u00ea pudesse participar como convidado de qualquer podcast, qual programa voc\u00ea escolheria e por qu\u00ea?<\/strong>&#8220;, e a gente recebeu algumas respostas muito boas e muito criativas, e a gente faz quest\u00e3o de ler aqui as tr\u00eas melhores respostas baseadas na nossa opini\u00e3o, puramente:<\/p>\n<ol>\n<li>Eu queria participar do <strong>\u00c9 N\u00f3ia Minha?<\/strong> pra ver se minha cabe\u00e7a \u00e9 forte o suficiente pra n\u00e3o sair com novas minhocas que a Camila Fremder falaria.<\/li>\n<li>Queria ir e levar o Richard Rasmussen pra <strong>Dentro da Cabe\u00e7a do Vidane<\/strong>, pra descobrir se ele \u00e9 feliz mesmo ou se \u00e9 um animal que est\u00e1 em profundo sofrimento.<\/li>\n<li>O <strong>PodNipoBr<\/strong> no presencial, porque isso significa que eu consegui ir pro Jap\u00e3o.<\/li>\n<\/ol>\n<p>Muito boas respostas, mais uma vez o ouvinte do Pod Not\u00edcias t\u00e1 de parab\u00e9ns.<\/p>\n<p>Agora, pra essa semana, a pergunta \u00e9 menos filos\u00f3fica e mais pr\u00e1tica: <b>Voc\u00ea usa algum recurso de Intelig\u00eancia Artificial no seu podcast? Se sim, qual?<\/b><\/p>\n<p>Como sempre, a caixinha vai ficar aberta nos stories do Instagram do Pod Not\u00edcias por apenas 24 horas, ent\u00e3o n\u00e3o deixe de acessar l\u00e1 ainda hoje pra deixar a sua participa\u00e7\u00e3o, em <strong>@pod.noticias<\/strong>.<\/p>\n<p><a href=\"https:\/\/www.instagram.com\/pod.noticias\">Instagram do Pod Not\u00edcias<\/a><\/p>\n<p>12\u00a0 &#8211; E na edi\u00e7\u00e3o de hoje, a primeira edi\u00e7\u00e3o de Agosto de 2024, a nossa coluna mensal <strong>Podcast no Jap\u00e3o <\/strong>est\u00e1 de volta, apresentada pelo nosso querido amigo e colunista Carlinhos Vilaronga &#8211; pra quem eu passo a palavra. Diretamente do Jap\u00e3o, fala a\u00ed Carlinhos!<\/p>\n<h5><b>Carlinhos:<\/b><\/h5>\n<p>Ol\u00e1 Leo e ol\u00e1 ouvintes do Pod Not\u00edcias!<\/p>\n<p><span style=\"font-weight: 400;\">Voltando aqui para compartilhar com voc\u00eas um panorama das atividades da comunidade brasileira de podcasters no Jap\u00e3o.<\/span><\/p>\n<p><span style=\"font-weight: 400;\">No dia 24 de junho, na primeira edi\u00e7\u00e3o do <a href=\"https:\/\/www.instagram.com\/brazilianday.japan\/\"><strong>Brazilian Day<\/strong><\/a> na prov\u00edncia de Gunma, a <a href=\"https:\/\/www.instagram.com\/kowa_empreiteira\/\"><strong>empresa de recursos humanos Kowa<\/strong><\/a> realizou uma a\u00e7\u00e3o para gerar intera\u00e7\u00e3o e comunicar acolhimento aos visitantes do evento. A a\u00e7\u00e3o incluiu caf\u00e9, p\u00e3o de queijo e uma mesa de podcast. Eu, particularmente, achei uma \u00f3tima escolha. Os epis\u00f3dios ser\u00e3o publicados em parceria com a Nabecast Podcasts &amp; Multimedia.<\/span><\/p>\n<p><a href=\"https:\/\/www.instagram.com\/p\/C8SzE8ESi4i\/\">Link<\/a><\/p>\n<p><b><\/b><span style=\"font-weight: 400;\">No dia 30 de junho, a ONG japonesa <strong>Dive.TV<\/strong> realizou, na cidade de Kariya, a <a href=\"https:\/\/www.dive-tv.nagoya\/pt\/career-expo-sports\"><strong>Career Expo Sports<\/strong><\/a>, uma feira que apresentou poss\u00edveis caminhos na carreira do esporte no Jap\u00e3o. Todo o conte\u00fado foi ministrado em portugu\u00eas e teve como p\u00fablico-alvo jovens estudantes brasileiros. O Mochiyori podcast esteve presente no evento e conversou com a fundadora da ONG e os profissionais convidados.<\/span><\/p>\n<p><a href=\"https:\/\/open.spotify.com\/show\/487uXCcKUH15Sy3oGyHWNN\">Link<\/a><\/p>\n<p><span style=\"font-weight: 400;\">No dia 2 de julho, a <a href=\"https:\/\/nihonwebtv.com\/\"><strong>Nihon Web TV<\/strong><\/a>, uma iniciativa brasileira de conte\u00fado independente, anunciou a parceria com o podcast <a href=\"https:\/\/www.instagram.com\/japodecast_\/\"><strong>J\u00e1podCast<\/strong><\/a>, que \u00e9 apresentado por Leandro Takahashi e Kelvin Nakashima. Macsael Oda, fundador da Nihon Web TV, em mensagem informou que: &#8220;O J\u00e1podCast entra para a programa\u00e7\u00e3o da Nihon Web TV com o objetivo de enriquecer ainda mais a grade com conte\u00fados exclusivos&#8221;. Fica a\u00ed o desejo de sucesso para essa parceria.<\/span><\/p>\n<p><a href=\"https:\/\/nihonwebtv.com\/sobre\">Link<\/a><\/p>\n<p><span style=\"font-weight: 400;\">No dia 20 de julho, foi realizada a <a href=\"https:\/\/feiradeeducacao.exposim.io\/\"><strong>oitava edi\u00e7\u00e3o da Feira de Educa\u00e7\u00e3o<\/strong><\/a>. A feira aconteceu na modalidade virtual e \u00e9 uma iniciativa conjunta dos Consulados-Gerais do Brasil em T\u00f3quio, Hamamatsu e Nagoya. A feira contou com a participa\u00e7\u00e3o de institui\u00e7\u00f5es japonesas e brasileiras, e os apresentadores dos podcasts <a href=\"https:\/\/www.instagram.com\/castbrotherspodcast\/\"><strong>CastBrothers<\/strong><\/a>, <a href=\"https:\/\/www.instagram.com\/mochiyori.jp\/\"><strong>Mochiyori<\/strong><\/a> e <a href=\"https:\/\/www.instagram.com\/saiderapodcast_\/\"><strong>Saidera<\/strong><\/a> foram convidados a contribuir moderando pain\u00e9is que discutiram ensino a dist\u00e2ncia, interc\u00e2mbio internacional e o cotidiano do estudante brasileiro na universidade japonesa. O conte\u00fado na \u00edntegra pode ser acessado at\u00e9 20 de agosto no site feiradeeducacao.com.<\/span><\/p>\n<p><a href=\"https:\/\/feiradeeducacao.exposim.io\/\">Link<\/a> \/ <a href=\"https:\/\/www.instagram.com\/nabecastjp\/\">Link<\/a><\/p>\n<p><span style=\"font-weight: 400;\">E pra encerrar minha participa\u00e7\u00e3o de hoje, o Coletivo Podosfera Nipo-brasileira anunciou que a Semana Podosfera Nipo-brasileira 2024 ser\u00e1 realizada a partir de 21 de outubro, o Dia Nacional do Podcast. O evento celebrar\u00e1 os 20 anos do podcast e contar\u00e1 com entrevistas, pain\u00e9is e mesas de discuss\u00e3o. Mais informa\u00e7\u00f5es ser\u00e3o compartilhadas em breve no perfil @podnipobr no Instagram.<\/span><\/p>\n<p><a href=\"https:\/\/www.instagram.com\/podnipobr\/\"><span style=\"font-weight: 400;\">Instagram Podosfera Nipo-brasileira<\/span><\/a><\/p>\n<p><span style=\"font-weight: 400;\">Obrigado ouvinte pela escuta. Carlinhos Vilaronga, da cidade de Kosai no Jap\u00e3o exclusivo para o Pod Not\u00edcias. Abra\u00e7o a todos.<\/span><\/p>\n<p><strong><span style=\"color: #23238e;\">SOBRE LAN\u00c7AMENTOS:<\/span><\/strong><\/p>\n<p>13 &#8211; Na \u00faltima ter\u00e7a-feira, dia 30 de julho, foi ao ar o primeiro epis\u00f3dio do podcast <a href=\"https:\/\/tabularasasenior.com.br\/\"><strong>T\u00e1bula Rasa<\/strong><\/a>, apresentado pelo Felipe Ferreira, e que fala sobre tudo o que voc\u00ea precisa saber pra envelhecer com dignidade: anti-etarismo, aposentadoria, recoloca\u00e7\u00e3o profissional quando voc\u00ea \u00e9 s\u00eanior e muito mais.<\/p>\n<p>O Felipe \u00e9 um aposentado profissional, com muita experi\u00eancia pra compartilhar sobre esses temas, e nessa primeira temporada vai trazer todas as perguntas que voc\u00ea precisa se fazer pra planejar uma aposentadoria que n\u00e3o seja compuls\u00f3ria.<\/p>\n<p>O Tabula Rasa \u00e9 produzido aqui, pela <a href=\"https:\/\/radiofobia.com.br\/\"><strong>R\u00e1diofobia Podcast e Multim\u00eddia<\/strong><\/a> e publicado tamb\u00e9m pela <a href=\"https:\/\/radiofobia.com.br\/podcast\"><strong>R\u00e1diofobia Podcast Network<\/strong><\/a>, e tem novos epis\u00f3dios publicados \u00e0s ter\u00e7as-feiras em todas as principais plataformas de \u00e1udio. Se voc\u00ea, como eu (que acabei de completar 50 anos), tamb\u00e9m est\u00e1 pensando no seu plano de aposentadoria, n\u00e3o deixa de conferir.<\/p>\n<p><a href=\"https:\/\/podnoticias.com.br\/podcast-tabula-rasa-promove-dialogos-sobre-envelhecimento-digno\/\">Link<\/a><\/p>\n<p>14 &#8211; E em comemora\u00e7\u00e3o aos 15 anos do portal Tenho Mais Discos Que Amigos!, eles lan\u00e7aram o TMDQA! Talks, o novo mesacast do portal, apresentado pelo Cesinha Ovalle, Tony, e Rafael Teixeira.<\/p>\n<p>No programa, eles v\u00e3o trazer entrevistas e hist\u00f3rias exclusivas dos artistas convidados de cada epis\u00f3dio. A primeira temporada vai ter seis epis\u00f3dios no total, com nomes como Terno Rei, Rashid, Supercombo e Carol Biazin.<\/p>\n<p>Os epis\u00f3dios v\u00e3o ao ar no Spotify, YouTube e no site do TMDQA!.<\/p>\n<p><a href=\"https:\/\/podnoticias.com.br\/tmdqa-talks-o-novo-podcast-do-portal-tenho-mais-discos-que-amigos\/\">Link<\/a><\/p>\n<p><strong><span style=\"color: #23238e;\">RECOMENDA\u00c7\u00c3O NACIONAL:<\/span><\/strong><\/p>\n<p>15 &#8211; E a nossa recomenda\u00e7\u00e3o nacional dessa semana, vai pra um podcast que desafia os estere\u00f3tipos e amplia os horizontes no mundo das viagens: \u00e9 o <strong>Viajante Sem Pauta<\/strong>, apresentado pelo nosso amigo e colega Cain\u00e3 Ito.<\/p>\n<p>O programa, que j\u00e1 tem 5 anos de exist\u00eancia e mais de 100 epis\u00f3dios, leva o ouvinte pelos quatro cantos do mundo sem sair do lugar, falando sobre todo tipo de tema que surge na cabe\u00e7a de um viajante que t\u00e1 indo pela viagem, e n\u00e3o por pauta.<\/p>\n<p>Publicado a cada 15 dias mais ou menos, alguns dos temas que j\u00e1 foram falados no podcast foram: jornadas fotogr\u00e1ficas, destinos seguros pra LGBT&#8217;s, cortes de cabelo quando n\u00e3o se tem um barbeiro fixo, e muito mais.<\/p>\n<p>O podcast tamb\u00e9m tem um clube do livro e um grupo exclusivo com v\u00e1rios benef\u00edcios pros ouvintes mais engajados, que fazem o pr\u00f3prio projeto ser uma grande viagem.<\/p>\n<p>E vale dizer aqui, ele t\u00e1 concorrendo ao Pr\u00eamio MPB na categoria &#8220;Viagem e Lazer&#8221;. Ent\u00e3o, se voc\u00ea ouvir e gostar, vale acessar o site da premia\u00e7\u00e3o e deixar o seu voto pra ajudar o Cain\u00e3.<\/p>\n<p>O Viajante Sem Pauta est\u00e1 dispon\u00edvel em todas as principais plataformas de podcast, ent\u00e3o n\u00e3o deixa de conferir e de assinar no seu agregador favorito.<\/p>\n<p><a href=\"https:\/\/open.spotify.com\/show\/25D0j5CQOwwA2g2ffb3r6H\">Link<\/a><\/p>\n<p><span style=\"font-weight: 400;\">E assim a gente fecha esta vig\u00e9sima quinta edi\u00e7\u00e3o do <strong>Pod Not\u00edcias<\/strong>. Acesse <a href=\"https:\/\/podnoticias.com.br\" target=\"_blank\" rel=\"noopener\"><strong>podnoticias.com.br<\/strong><\/a> para ter acesso \u00e0 \u00edntegra das not\u00edcias com todas as fontes e a transcri\u00e7\u00e3o completa do epis\u00f3dio, al\u00e9m dos artigos dos nossos colunistas e todos os links relacionados.<\/span><\/p>\n<p><span style=\"color: #23238e;\"><strong>Acompanhe o Pod Not\u00edcias diariamente:<\/strong><\/span><br \/>\n&#8211; <a href=\"https:\/\/t.me\/podnoticias\" target=\"_blank\" rel=\"noopener\">Canal p\u00fablico do Telegram<\/a><br \/>\n&#8211; <a href=\"https:\/\/www.instagram.com\/pod.noticias\/\">Instagram<\/a><br \/>\n&#8211; <a href=\"https:\/\/www.linkedin.com\/showcase\/pod-not%C3%ADcias\/\">Page do Linkedin<\/a><\/p>\n<p><span style=\"color: #23238e;\"><strong>Ou\u00e7a o Pod Not\u00edcias nos principais agregadores:<\/strong><\/span><br \/>\n&#8211; <a href=\"https:\/\/open.spotify.com\/show\/1swQFRqVxPiXUxdFAR5y4h\">Spotify<\/a><br \/>\n&#8211; <a href=\"https:\/\/podcasts.apple.com\/us\/podcast\/castnews-not%C3%ADcias-para-podcasters\/id1667164896\">Apple Podcasts<\/a><br \/>\n&#8211; <a href=\"https:\/\/www.deezer.com\/br\/show\/5671107\">Deezer<\/a><br \/>\n&#8211; <a href=\"https:\/\/music.amazon.com.br\/podcasts\/cdb06c29-e2c3-425b-8098-3be0eabc24ce\/\">Amazon Music<\/a><br \/>\n&#8211; <a href=\"https:\/\/pca.st\/mgdrc8vq\">PocketCasts<\/a><\/p>\n<p><span style=\"color: #23238e;\"><strong>O Pod Not\u00edcias \u00e9 uma produ\u00e7\u00e3o original da <a href=\"https:\/\/radiofobia.com.br\">R\u00e1diofobia Podcast e Multim\u00eddia<\/a> e publicado pela <a href=\"https:\/\/radiofobia.com.br\/podcast\">R\u00e1diofobia Podcast Network<\/a>, e conta com as colabora\u00e7\u00f5es de:<\/strong><\/span><br \/>\n&#8211; <a href=\"https:\/\/www.instagram.com\/camilanfs\/\"><strong>Camila Nogueira<\/strong> &#8211; arte<\/a><br \/>\n&#8211; <a href=\"https:\/\/www.instagram.com\/duhsierra\/\"><strong>Eduardo Sierra<\/strong> &#8211; edi\u00e7\u00e3o<\/a><br \/>\n&#8211; <a href=\"https:\/\/www.instagram.com\/lana_tavora\/\"><strong>Lana T\u00e1vora<\/strong> &#8211; pesquisa, pauta e reda\u00e7\u00e3o final<\/a><br \/>\n&#8211; <a href=\"https:\/\/leolopes.com.br\/\"><strong>Leo Lopes<\/strong> &#8211; dire\u00e7\u00e3o geral e apresenta\u00e7\u00e3o<\/a><br \/>\n&#8211; <a href=\"https:\/\/www.instagram.com\/thiagomiro\/\"><strong>Thiago Miro<\/strong> &#8211; pesquisa<\/a><br \/>\n&#8211; <a href=\"https:\/\/www.instagram.com\/nabecastjp\/\"><strong>Carlinhos Vilaronga<\/strong> &#8211; coluna &#8220;O Podcast no Jap\u00e3o&#8221;<\/a><\/p>\n<p><span style=\"color: #23238e;\"><strong>Publicidade:<\/strong><\/span><br \/>\n<a href=\"https:\/\/radiofobia.com.br\/contato\" target=\"_blank\" rel=\"noopener noreferrer\"><strong>Entre em contato<\/strong><\/a> e saiba como <em>anunciar sua marca, produto ou servi\u00e7o<\/em> no <strong>Pod Not\u00edcias<\/strong>.<\/p>\n","protected":false},"excerpt":{"rendered":"<p>Hoje \u00e9 segunda-feira, dia 5 de agosto de 2024 e esta \u00e9 a nossa vig\u00e9sima quinta edi\u00e7\u00e3o!<\/p>\n","protected":false},"author":2,"featured_media":29906,"comment_status":"open","ping_status":"closed","sticky":false,"template":"","format":"standard","meta":{"footnotes":""},"categories":[3059,13],"tags":[],"class_list":["post-29905","post","type-post","status-publish","format-standard","has-post-thumbnail","hentry","category-pod-noticias","category-podcast"],"_links":{"self":[{"href":"https:\/\/radiofobia.com.br\/podcast\/wp-json\/wp\/v2\/posts\/29905","targetHints":{"allow":["GET"]}}],"collection":[{"href":"https:\/\/radiofobia.com.br\/podcast\/wp-json\/wp\/v2\/posts"}],"about":[{"href":"https:\/\/radiofobia.com.br\/podcast\/wp-json\/wp\/v2\/types\/post"}],"author":[{"embeddable":true,"href":"https:\/\/radiofobia.com.br\/podcast\/wp-json\/wp\/v2\/users\/2"}],"replies":[{"embeddable":true,"href":"https:\/\/radiofobia.com.br\/podcast\/wp-json\/wp\/v2\/comments?post=29905"}],"version-history":[{"count":2,"href":"https:\/\/radiofobia.com.br\/podcast\/wp-json\/wp\/v2\/posts\/29905\/revisions"}],"predecessor-version":[{"id":29908,"href":"https:\/\/radiofobia.com.br\/podcast\/wp-json\/wp\/v2\/posts\/29905\/revisions\/29908"}],"wp:featuredmedia":[{"embeddable":true,"href":"https:\/\/radiofobia.com.br\/podcast\/wp-json\/wp\/v2\/media\/29906"}],"wp:attachment":[{"href":"https:\/\/radiofobia.com.br\/podcast\/wp-json\/wp\/v2\/media?parent=29905"}],"wp:term":[{"taxonomy":"category","embeddable":true,"href":"https:\/\/radiofobia.com.br\/podcast\/wp-json\/wp\/v2\/categories?post=29905"},{"taxonomy":"post_tag","embeddable":true,"href":"https:\/\/radiofobia.com.br\/podcast\/wp-json\/wp\/v2\/tags?post=29905"}],"curies":[{"name":"wp","href":"https:\/\/api.w.org\/{rel}","templated":true}]}}