{"id":29920,"date":"2024-08-12T07:00:24","date_gmt":"2024-08-12T10:00:24","guid":{"rendered":"https:\/\/radiofobia.com.br\/podcast\/?p=29920"},"modified":"2024-08-09T17:32:14","modified_gmt":"2024-08-09T20:32:14","slug":"pod-noticias-026-a-hora-de-se-tornar-podcaster-e-agora","status":"publish","type":"post","link":"https:\/\/radiofobia.com.br\/podcast\/2024\/08\/pod-noticias-026-a-hora-de-se-tornar-podcaster-e-agora\/","title":{"rendered":"Pod Not\u00edcias 026 &#8211; A hora de se tornar podcaster \u00e9 AGORA!"},"content":{"rendered":"<p><iframe title=\"Pod Not\u00edcias 026 - A hora de se tornar podcaster \u00e9 AGORA!\" src=\"https:\/\/omny.fm\/shows\/podnoticias\/pod-not-cias-026-a-hora-de-se-tornar-podcaster-ago\/embed\" width=\"100%\" height=\"180\" frameborder=\"0\"><\/iframe><\/p>\n<p><a href=\"http:\/\/leolop.es\/novocurso\"><img fetchpriority=\"high\" decoding=\"async\" class=\"aligncenter size-full wp-image-1018\" src=\"https:\/\/podnoticias.com.br\/wp-content\/uploads\/2024\/05\/publi_content_academy_0724.gif\" alt=\"Curso Podcast para Todos, com Leo Lopes - Content Academy\" width=\"948\" height=\"250\" \/><\/a><\/p>\n<p><span style=\"color: #23238e;\"><strong>Ol\u00e1, eu sou <a href=\"https:\/\/leolopes.com.br\" target=\"_blank\" rel=\"noopener\">Leo Lopes<\/a> e est\u00e1 no ar o POD NOT\u00cdCIAS, o podcast semanal que traz at\u00e9 voc\u00ea um resumo de tudo que acontece de mais importante no mercado de podcasts no Brasil e no mundo!<\/strong><\/span><\/p>\n<p><span style=\"color: #23238e;\"><strong>Hoje \u00e9 segunda-feira, dia 12 de agosto de 2024 e esta \u00e9 a nossa vig\u00e9sima sexta edi\u00e7\u00e3o!<\/strong><\/span><\/p>\n<p>1 &#8211;\u00a0Em algum momento voc\u00ea j\u00e1 parou e se perguntou: &#8220;Ser\u00e1 que \u00e9 tarde demais pra come\u00e7ar um podcast?&#8221;. Se esse pensamento j\u00e1 te ocorreu, fica tranquilo, que \u00e9 claro que voc\u00ea n\u00e3o est\u00e1 sozinho.<\/p>\n<p>A gente abre esta edi\u00e7\u00e3o do Pod Not\u00edcias falando sobre como ainda existem muitas oportunidades para novas vozes no podcast, mesmo em um mercado que <em>parece<\/em> que j\u00e1 est\u00e1 saturado. &#8220;<em>Parece<\/em>&#8221; sendo a palavra de ordem dessa frase, t\u00e1?<\/p>\n<p>De acordo com as pesquisas mais recentes sobre podcast no mundo todo, embora existam milh\u00f5es de podcasts por a\u00ed, menos de 15% deles s\u00e3o considerados &#8220;ativos&#8221; e com publica\u00e7\u00f5es regulares, mesmo que isso seja a prefer\u00eancia do p\u00fablico. Ou seja, tem muito espa\u00e7o pra novos criadores de conte\u00fado por a\u00ed, que queiram preencher essa lacuna de conte\u00fado cont\u00ednuo.<\/p>\n<p>Os especialistas de comunica\u00e7\u00e3o recomendam que novos podcasters foquem em nichos espec\u00edficos, e tragam pro podcast toda a sua perspectiva \u00fanica sobre os assuntos que falarem, porque \u00e9 isso que atrai e fideliza os ouvintes.<\/p>\n<p>Vale lembrar que as barreiras de entrada nas m\u00eddias est\u00e3o mais baixas do que nunca: existem equipamentos acess\u00edveis, plataformas gratuitas, muita informa\u00e7\u00e3o f\u00e1cil de se achar na internet, v\u00e1rias oportunidades de monetiza\u00e7\u00e3o, enfim&#8230; Ent\u00e3o, contrariando os pensamentos pessimistas que surgem aqui e ali, esse \u00e9 o <strong>melhor momento<\/strong> pra se tornar um podcaster!<\/p>\n<p><a href=\"https:\/\/podnoticias.com.br\/e-tarde-demais-para-querer-ser-podcaster\/\">Link<\/a><\/p>\n<p>E se voc\u00ea est\u00e1 pensando em come\u00e7ar a produzir podcasts, eu trago aqui alguns conte\u00fados que eu venho produzindo desde 2012 e com certeza podem te ajudar!<\/p>\n<p>Come\u00e7ando pelo meu livro <strong>&#8220;Podcast: Guia B\u00e1sico&#8221;<\/strong>, que voltou a estar dispon\u00edvel na <a href=\"https:\/\/amzn.to\/3AbTmBA\">loja Kindle da Amazon<\/a> e agora tamb\u00e9m no <a href=\"https:\/\/leolop.es\/podcastgbglivros\">Google Livros<\/a>, ambas edi\u00e7\u00f5es por apenas R$24,90 nesse relan\u00e7amento. Apesar do livro ter sido publicado em 2015, os caminhos pra se produzir um podcast continuam totalmente v\u00e1lidos!<\/p>\n<p>Tem tamb\u00e9m o <a href=\"https:\/\/leolop.es\/cursodepodcast_rf\"><strong>Curso de Podcast<\/strong><\/a>, um podcast sobre produ\u00e7\u00e3o de podcasts que eu venho produzindo h\u00e1 quase 11 anos e que est\u00e1 voltando com novos epis\u00f3dios a partir desta semana, e dispon\u00edvel em todos os agregadores de podcast e tamb\u00e9m no <a href=\"https:\/\/www.youtube.com\/cursodepodcast\"><strong>YouTube<\/strong><\/a> onde eu sempre gravo os epis\u00f3dios atrav\u00e9s de uma live com a participa\u00e7\u00e3o dos ouvintes e tamb\u00e9m os integrantes do meu grupo &#8220;<strong>Curso de Podcast<\/strong>&#8221; no Telegram. Se voc\u00ea quiser entrar, o link \u00e9 <a href=\"http:\/\/t.me\/ocursodepodcast\">t.me\/ocursodepodcast<\/a> totalmente de gra\u00e7a voc\u00ea pode ter contato comigo e com muitos outros profissionais do podcast no Brasil.<\/p>\n<p>E pra fechar, o meu curso\u00a0<a href=\"https:\/\/leolop.es\/novocurso\" target=\"_blank\" rel=\"noopener\"><strong>Podcast para todos<\/strong> (que t\u00e1 com uma mega promo\u00e7\u00e3o por tempo limitado)<\/a>, dispon\u00edvel exclusivamente na Content Academy, uma plataforma online de cursos voltados pra criadores de conte\u00fado que tem muito curso bacana pra voc\u00ea! Entra l\u00e1 no site pra dar uma conferida em <a href=\"https:\/\/www.contentacademy.com.br\/\"><strong>contentacademy.com.br<\/strong><\/a>!<\/p>\n<ul>\n<li><a href=\"https:\/\/amzn.to\/3AbTmBA\">Podcast: Guia B\u00e1sico &#8211; Loja Kindle &#8211; R$24,90<\/a><\/li>\n<li><a href=\"https:\/\/leolop.es\/podcastgbglivros\">Podcast: Guia B\u00e1sico &#8211; Google Livros &#8211; R$24,90<\/a><\/li>\n<li><a href=\"https:\/\/leolop.es\/cursodepodcast_rf\">Curso de Podcast<\/a><\/li>\n<li><a href=\"https:\/\/leolop.es\/novocurso\" target=\"_blank\" rel=\"noopener\">Podcast para todos &#8211; Content Academy (valor promocional por tempo limtado)<\/a><\/li>\n<\/ul>\n<p>2 &#8211; E j\u00e1 que na primeira not\u00edcia a gente falou sobre as possibilidades de monetiza\u00e7\u00e3o para podcasts, na semana passada o Patreon publicou dados de que os podcasters faturaram mais de 350 milh\u00f5es de d\u00f3lares na plataforma em 2023.<\/p>\n<p>No momento, s\u00e3o mais ou menos 40 mil podcasters que usam o Patreon como ferramenta de monetiza\u00e7\u00e3o e constru\u00e7\u00e3o de comunidade. Por l\u00e1, eles conseguem disponibilizar conte\u00fado exclusivo, epis\u00f3dios extras, enfim, todo tipo de recompensa pros seus assinantes.<\/p>\n<p>Como o Patreon \u00e9 uma plataforma de financiamento e assinaturas que n\u00e3o pertence a nenhuma plataforma de \u00e1udio, os criadores de conte\u00fado podem usar sem restri\u00e7\u00f5es e sem contratos de exclusividade &#8211; o que nesse momento \u00e9 algo muito importante, especialmente porque garante a liberdade criativa do podcaster e o engajamento direto com os seus f\u00e3s e apoiadores.<\/p>\n<p>A gente fez as nossas continhas aqui, e com esse valor dividido pelos 40 mil usu\u00e1rios do Patreon, eles receberam (em m\u00e9dia) U$700 d\u00f3lares por m\u00eas em 2023. \u00c9 claro que esse n\u00famero n\u00e3o \u00e9 exato &#8211; alguns devem ter recebido um pouco mais, outros um pouco menos, mas com certeza n\u00e3o \u00e9 uma receita nada mal. At\u00e9 porque n\u00e3o entram os n\u00fameros da publicidade paga, que pode dar outra camada de pagamentos pros podcasters.<\/p>\n<p><a href=\"https:\/\/podnoticias.com.br\/podcasters-faturaram-mais-de-350-milhoes-no-patreon-em-2023\/\">Link<\/a><\/p>\n<p>3 &#8211; H\u00e1 cerca de um ano, as empresas Sounder e Urban One lan\u00e7aram <a href=\"https:\/\/www.castnews.com.br\/pesquisa-sounder-urban-one-uso-ia-publicidade-podcasts-negros\/\">uma pesquisa<\/a> sobre o uso de intelig\u00eancias artificiais e machine learning na publicidade em podcasts, que chegou a uma conclus\u00e3o, no m\u00ednimo, preocupante. Eu n\u00e3o sei se voc\u00ea lembra, mas os m\u00e9todos de seguran\u00e7a e adequa\u00e7\u00e3o de marca n\u00e3o levavam em conta o contexto dos epis\u00f3dios de podcasts, ent\u00e3o eles come\u00e7aram a sinalizar o conte\u00fado de criadores de conte\u00fado negros como &#8220;impr\u00f3prios&#8221; ou &#8220;perigosos&#8221;.<\/p>\n<p>Isso aconteceu por causa da falta de nuances das m\u00e1quinas, que n\u00e3o tem qualquer compreens\u00e3o cultural e n\u00e3o entendem que, por exemplo, apresentadores negros podem usar a N-word, n\u00e9, aquela palavrinha, sem que isso seja problem\u00e1tico.<\/p>\n<p>Enfim. Na \u00faltima semana, depois de v\u00e1rios meses de planejamento, a Barometer e a DCP firmaram uma parceria pra criar a <strong>Black Podcast Coalition<\/strong> (ou &#8220;Coaliz\u00e3o de Podcasts Negros&#8221;), um coletivo de redes e programas negros influentes.<\/p>\n<p>Todos os programas da <strong>BPC<\/strong> v\u00e3o ser rastreados e certificados quanto \u00e0 seguran\u00e7a das marcas em poderem anunciar com eles. Segundo os respons\u00e1veis, esses programas s\u00e3o &#8220;na verdade muito mais adequados e menos arriscados do que a m\u00e9dia dos programas do top 50 da Edison Research&#8221;.<\/p>\n<p><a href=\"https:\/\/podnoticias.com.br\/black-podcast-coalition\/\">Link<\/a><\/p>\n<p><span style=\"color: #23238e;\"><strong>AINDA EM NOT\u00cdCIAS DA SEMANA:<\/strong><\/span><\/p>\n<p>4 &#8211; A Goalhanger, maior produtora independente de podcasts do Reino Unido, comemorou um recorde de mais de 21 milh\u00f5es de downloads e visualiza\u00e7\u00f5es entre maio e julho desse ano.<\/p>\n<p>O destaque ficou com os programas de sucesso \u201cThe Rest Is Politics\u201d (que fala sobre pol\u00edtica) e \u201cThe Rest Is Football\u201d (que sim, como voc\u00ea deve ter adivinhado, fala sobre futebol). Esses dois programas atra\u00edram milh\u00f5es de espectadores e ouvintes, especialmente porque l\u00e1 na Gr\u00e3 Bretanha t\u00e1 acontecendo a cobertura eleitoral e a Eurocopa.<\/p>\n<p>Mas, mesmo que esses podcasts tenham crescido em &#8220;solo ideal&#8221;, por assim dizer, eles n\u00e3o foram os \u00fanicos. Outros podcasts da Goalhanger como &#8220;The Rest Is History\u201d e \u201cThe Rest Is Entertainment\u201d tamb\u00e9m est\u00e3o fazendo um sucesso massivo por l\u00e1.<\/p>\n<p>Ent\u00e3o, se j\u00e1 n\u00e3o era considerada uma gigante do entretenimento antes, nesses dois \u00faltimos meses a empresa se consolidou como uma produtora de m\u00eddia com alcance global.<\/p>\n<p><a href=\"https:\/\/podnoticias.com.br\/goalhanger-comemora-sucesso-recorde-de-podcasts-com-mais-de-21-milhoes-de-downloads\/\">Link<\/a><\/p>\n<p>5 &#8211; E j\u00e1 que a gente falou sobre o podcast &#8220;The Rest is History&#8221;, ele \u00e9 um bom gancho pra gente falar um pouco mais sobre a febre dos podcasts de Hist\u00f3ria.<\/p>\n<p>Se esse n\u00e3o \u00e9 um nicho que voc\u00ea acompanha, talvez voc\u00ea n\u00e3o saiba, mas os podcasts de Hist\u00f3ria est\u00e3o em alta no mundo todo &#8211; assim como o <em>true crime<\/em>. O g\u00eanero virou um favorito de p\u00fablico entre 2022 e 2024, e despertou a curiosidade de alguns especialistas pra entender por qu\u00ea.<\/p>\n<p>As hip\u00f3teses s\u00e3o v\u00e1rias: a primeira, \u00e9 que hist\u00f3ria \u00e9 um tema que t\u00e1 intimamente ligado com entretenimento. Afinal de contas, o que \u00e9 a hist\u00f3ria sen\u00e3o a fofoca do passado, n\u00e3o \u00e9? A gente \u00e9 movido pela informa\u00e7\u00e3o, e se essa informa\u00e7\u00e3o vem carregada de personalidade e pela <em>voz<\/em> de outra pessoa, a tend\u00eancia \u00e9 que a gente preste mais aten\u00e7\u00e3o.<\/p>\n<p>Outro motivo plaus\u00edvel, \u00e9 que os ouvintes procuram preencher as lacunas que foram deixadas pela educa\u00e7\u00e3o formal, j\u00e1 que n\u00e3o \u00e9 sobre qualquer tipo de Hist\u00f3ria que a gente aprende na escola. Por fim, a vida \u00fatil dos podcasts de hist\u00f3ria \u00e9 longa! A gente t\u00e1 falando do passado, ent\u00e3o n\u00e3o tem como um peda\u00e7o da hist\u00f3ria ficar &#8220;datado&#8221;. Ele sempre t\u00e1 l\u00e1, servindo de fonte, trazendo a mesma informa\u00e7\u00e3o que a gente j\u00e1 tem a 10, 100, 1000 anos &#8211; \u00e0s vezes de um jeito diferente.<\/p>\n<p>Os especialistas n\u00e3o v\u00eaem os podcasts hist\u00f3ricos ficando t\u00e3o populares quanto os outros g\u00eaneros, mas o tema com certeza n\u00e3o vai cair em desuso t\u00e3o cedo.<\/p>\n<p><a href=\"https:\/\/podnoticias.com.br\/o-que-ha-por-tras-do-sucesso-dos-podcasts-de-historia\/\">Link<\/a><\/p>\n<p>6 &#8211; Na semana passada foram oficialmente encerradas as inscri\u00e7\u00f5es para o Pr\u00eamio MPB &#8211; Melhores Podcasts do Brasil. O n\u00famero de podcasts participantes parecia estar bem est\u00e1vel, mas na \u00faltima semana, parece que muitos programas resolveram se inscrever de \u00faltima hora.<\/p>\n<p>A lista atualizada com todos os participantes est\u00e1 dispon\u00edvel no site oficial da premia\u00e7\u00e3o, lembrando que s\u00e3o 30 categorias diferentes.<\/p>\n<p>A vota\u00e7\u00e3o continua aberta at\u00e9 o dia 13 de setembro.<\/p>\n<p><a href=\"https:\/\/www.premiompb.com.br\/votar\">Link<\/a><\/p>\n<p><span style=\"color: #23238e;\"><strong>E MAIS:<\/strong><\/span><\/p>\n<p>7 &#8211; A Amazon Music lan\u00e7ou o &#8220;Topics&#8221;, um recurso de descoberta de podcasts que utiliza intelig\u00eancia artificial pra facilitar a explora\u00e7\u00e3o de conte\u00fados.<\/p>\n<p>O recurso est\u00e1 dispon\u00edvel nos Estados Unidos para iOS e Android, permitindo que os usu\u00e1rios naveguem pelos epis\u00f3dios com base em &#8220;tags&#8221; que s\u00e3o exibidas abaixo da descri\u00e7\u00e3o de cada epis\u00f3dio.<\/p>\n<p>Ao selecionar uma tag, o app mostra uma lista de epis\u00f3dios relacionados &#8211; do mesmo jeito que a gente fazia nos blogs desde o come\u00e7o dos anos 2000.<\/p>\n<p>A diferen\u00e7a \u00e9 que essa IA \u00e9 revisada com trabalho humano, que analisa as transcri\u00e7\u00f5es e descri\u00e7\u00f5es dos epis\u00f3dios para identificar se os t\u00f3picos-chave discutidos est\u00e3o (ou n\u00e3o) no mesmo tema. Ent\u00e3o vai ficar muito mais f\u00e1cil pro usu\u00e1rio encontrar conte\u00fados que ele j\u00e1 sabe que gosta, sem depender s\u00f3 da categoria escolhida para os podcasts.<\/p>\n<p>Afinal de contas, a gente sabe que n\u00e3o \u00e9 porque dois programas est\u00e3o na categoria &#8220;humor&#8221; que ambos v\u00e3o ser engra\u00e7ados&#8230;<\/p>\n<p><a href=\"https:\/\/podnoticias.com.br\/amazon-music-lanca-topics-recurso-com-ia-para-descoberta-de-podcasts\/\">Link<\/a><\/p>\n<p>8 &#8211; A plataforma de est\u00fadio online Auphonic criou uma nova fun\u00e7\u00e3o que ajuda a identificar e separar diferentes vozes em uma grava\u00e7\u00e3o mixada.<\/p>\n<p>Antes, essa fun\u00e7\u00e3o s\u00f3 funcionava bem em grava\u00e7\u00f5es captadas em faixas separadas. Agora, ela tamb\u00e9m pode ser usada em grava\u00e7\u00f5es onde todos os participantes est\u00e3o sendo gravados juntos.<\/p>\n<p>Com essa atualiza\u00e7\u00e3o, \u00e9 mais f\u00e1cil transcrever o \u00e1udio, porque o sistema consegue identificar quem est\u00e1 falando, o que facilita muito para reuni\u00f5es, entrevistas e podcasts, \u00e9 claro. A ferramenta se chama Auphonic Whisper ASR, e os usu\u00e1rios podem usar ela pra detectar quem est\u00e1 falando e ajustar manualmente ou automaticamente o n\u00famero de pessoas na grava\u00e7\u00e3o. Tamb\u00e9m \u00e9 poss\u00edvel editar nomes e corrigir erros na transcri\u00e7\u00e3o usando o editor.<\/p>\n<p>Parece um recurso promissor, ent\u00e3o vamos ver ao longo do tempo quais s\u00e3o os feedbacks dos clientes da Auphonic.<\/p>\n<p><a href=\"https:\/\/podnoticias.com.br\/auphonic-lanca-recurso-de-diarizacao-de-vozes-para-gravacoes-feitas-em-faixa-unica\/\">Link<\/a><\/p>\n<p>9 &#8211; A Podcast Discovery, principal ag\u00eancia de marketing de podcasts do Reino Unido, lan\u00e7ou o Virtual Studio, um est\u00fadio de podcast personalizado em 3D, projetado para melhorar a qualidade dos v\u00eddeos de podcasts que s\u00e3o gravados remotamente.<\/p>\n<p>Uma pesquisa que a empresa fez no final do ano passado, mostrou que clipes de podcasts gravados em est\u00fadios profissionais, tinham maior chance de viralizar do que aqueles feitos via webcam. Da\u00ed, saiu a ideia do est\u00fadio online, que inclui elementos de branding exclusivos para cada programa, e que garantem que a identidade visual dos podcasts continue vis\u00edvel mesmo nos v\u00eddeos que s\u00e3o cortados pras redes sociais.<\/p>\n<p>A configura\u00e7\u00e3o inclui c\u00e2mera e ilumina\u00e7\u00e3o, com op\u00e7\u00f5es de fundo verde, o que d\u00e1 a impress\u00e3o de que os participantes est\u00e3o na mesma sala, mesmo em grava\u00e7\u00f5es h\u00edbridas.<\/p>\n<p>Eu olhei as imagens do est\u00fadio e achei bem legal. N\u00e3o chega a ser a coisa mais convincente do mundo, mas adiciona uma camada de capricho pra capta\u00e7\u00e3o remota que fica bacana mesmo. N\u00e3o deve demorar muito pra gente ver a mesma tecnologia em outras plataformas.<\/p>\n<p><a href=\"https:\/\/podnoticias.com.br\/podcast-discovery-lanca-estudio-virtual\/\">Link<\/a><\/p>\n<p><span style=\"color: #23238e;\"><strong>HOJE NO GIRO SOBRE PESSOAS QUE FAZEM A M\u00cdDIA:<\/strong><\/span><\/p>\n<p>10 &#8211; A Centauro Brasil Cursos anunciou um workshop chamado \u201c<strong>Podcast: Do Conceito \u00e0 Execu\u00e7\u00e3o<\/strong>\u201d ministrada pelo Cido Tavares, que \u00e9 um narrador com experi\u00eancia em r\u00e1dios, e pelo Danilo Battistini, produtor de \u00e1udio, podcaster, nosso amigo e tamb\u00e9m colunista aqui do Pod Not\u00edcias.<\/p>\n<p>Durante a aula de 2 horas, os participantes v\u00e3o aprender a estruturar um podcast, desde a escolha do tema at\u00e9 a cria\u00e7\u00e3o da identidade visual e da identidade sonora. N\u00e3o \u00e9 preciso ter qualquer qualifica\u00e7\u00e3o anterior com podcasts, o curso \u00e9 totalmente amig\u00e1vel pra iniciantes &#8211; ent\u00e3o olha a\u00ed, mais uma dica bacana pra voc\u00ea que est\u00e1 pensando em come\u00e7ar agora o seu podcast.<\/p>\n<p>Tamb\u00e9m v\u00e3o ser discutidos detalhes sobre produ\u00e7\u00e3o, pesquisa, roteiriza\u00e7\u00e3o e plataformas de hospedagem.<\/p>\n<p>O curso acontece dia 28 de agosto, e as inscri\u00e7\u00f5es s\u00e3o feitas no site da Centauro Brasil Cursos. O custo da masterclass \u00e9 de apenas R$ 79,90.<\/p>\n<p><a href=\"https:\/\/podnoticias.com.br\/masterclass-podcast-do-conceito-a-execucao-sera-ministrada-por-cido-tavares-e-danilo-battistini-em-agosto\/\">Link<\/a><\/p>\n<p>11 &#8211; E na nossa Caixa de perguntas do Instagram na semana passada, a gente perguntou pra voc\u00ea <strong>se voc\u00ea usa algum recurso de IA pro seu podcast e, se sim, qual recurso.<\/strong><\/p>\n<p>O campe\u00e3o de men\u00e7\u00f5es, para a surpresa de ningu\u00e9m, foi o ChatGPT, que os nossos ouvintes usam como ferramenta de pesquisa preliminar, apoio com roteiros, textos de introdu\u00e7\u00e3o e textos de conclus\u00e3o dos seus podcasts. Outro recurso mencionado mais de uma vez foi o .Craig, pra capta\u00e7\u00e3o em m\u00faltiplas faixas. Mas gente, Craig em 2024? A grava\u00e7\u00e3o feita no Discord fica toda meio cagada, n\u00e3o faz isso n\u00e3o, tem muitos m\u00e9todos melhores a\u00ed pra captar uma conversa&#8230; Eu vou deixar pra explorar isso melhor em um epis\u00f3dio pr\u00f3ximo l\u00e1 do Curso de Podcast. Eu aviso voc\u00ea aqui quando esse epis\u00f3dio estiver no ar. Tamb\u00e9m rolou uma men\u00e7\u00e3o honrosa pro Adobe Enhance pra tratamento de \u00e1udio.<\/p>\n<p>E pra essa semana, pra come\u00e7ar com o p\u00e9 direito, a gente vai inverter a ordem dos bois e colocar a carruagem na frente, ent\u00e3o \u00e9 o seguinte: <b>Voc\u00ea \u00e9 quem vai fazer as perguntas na nossa Caixinha de Perguntas<\/b>, que a gente vai usar pra te dar as respostas. Voc\u00ea tem alguma d\u00favida de produ\u00e7\u00e3o? Alguma curiosidade sobre podcast? Sobre a gente? Sobre mim? N\u00e3o importa. Precisa de ajuda com algum processo no seu programa, que talvez a gente ou nossos ouvintes possam te ajudar? Ent\u00e3o manda l\u00e1 pra gente! Essa semana a gente vai interagir de uma forma diferente.<\/p>\n<p>Mesmo que agora as perguntas estejam na sua m\u00e3o, a Caixinha de Perguntas vai ficar aberta nos stories do Instagram do Pod Not\u00edcias por somente 24 horas, ent\u00e3o n\u00e3o deixe de acessar l\u00e1 ainda hoje (segunda-feira!) pra deixar a sua participa\u00e7\u00e3o, em <strong>@pod.noticias<\/strong>, e tamb\u00e9m seguir a gente pra voc\u00ea ficar sempre por dentro dos acontecimentos mais importantes do mercado de podcast.<\/p>\n<p><a href=\"https:\/\/www.instagram.com\/pod.noticias\">Instagram do Pod Not\u00edcias<\/a><\/p>\n<p><strong><span style=\"color: #23238e;\">SOBRE LAN\u00c7AMENTOS:<\/span><\/strong><\/p>\n<p>12 &#8211; A terceira temporada do podcast Falando de Prop\u00f3sito, do Senac RJ, estreou com novidades: a apresentadora B\u00e1rbara Bono agora divide a casa com um novo co-host: o Julio de S\u00e1.<\/p>\n<p>A temporada explora temas como o futuro do trabalho, tecnologia e muito mais, com uma lista de convidados de peso. Mais uma vez, o ouvinte vai poder acompanhar insights sobre como os seus prop\u00f3sitos se relacionam com seu plano de carreira e o cotidiano.<\/p>\n<p>O Falando de Prop\u00f3sito j\u00e1 est\u00e1 dispon\u00edvel no Spotify e tamb\u00e9m no YouTube.<\/p>\n<p><a href=\"https:\/\/podnoticias.com.br\/nova-temporada-do-podcast-falando-de-proposito-do-senac-rj-estreia-com-novidades\/\">Link<\/a><\/p>\n<p>13 &#8211; E no \u00faltimo dia 5, o podcast \u201cgenoc\u00eddios.BR\u201d estreou sua nova temporada, focando nas viol\u00eancias sistem\u00e1ticas do Brasil. Com seis epis\u00f3dios, a s\u00e9rie explora genoc\u00eddios contra ind\u00edgenas, negros, LGBT&#8217;s+ e mulheres, al\u00e9m de quest\u00f5es de intoler\u00e2ncia e extremismo religioso. O programa vai aprofundar o debate sobre genoc\u00eddio, suas defini\u00e7\u00f5es e seus impactos.<\/p>\n<p>O epis\u00f3dio de estreia revisitou o Massacre de Haximu de 1993, e inclui entrevistas com Luciano Mariz Maia, Fernanda Frizzo Bragato e Ormuzd Alves.<\/p>\n<p>O podcast \u00e9 produzido pela R\u00e1dio Tert\u00falia, em uma colabora\u00e7\u00e3o com o <strong>Podcast Direitos Humanos em Ac\u00e3o<\/strong> e o <strong>Guilhotina<\/strong>.<\/p>\n<p>Os epis\u00f3dios s\u00e3o lan\u00e7ados quinzenalmente \u00e0s segundas-feiras nos canais do Guilhotina, em todas as principais plataformas de \u00e1udio.<\/p>\n<p><a href=\"https:\/\/podnoticias.com.br\/novo-podcast-genocidios-br-debate-sobre-violencia-sistemica-no-brasil\/\">Link<\/a><\/p>\n<p><strong><span style=\"color: #23238e;\">RECOMENDA\u00c7\u00c3O NACIONAL:<\/span><\/strong><\/p>\n<p>14 &#8211; E voc\u00ea sabia que o p\u00fablico millennial \u00e9 a maior parcela de ouvintes de podcast no mundo todo? A gente j\u00e1 comentou sobre isso aqui no Pod Not\u00edcias algumas vezes &#8211; a m\u00e9dia de idade da maioria dos ouvintes de podcast, \u00e9 por volta dos 30 e poucos anos. E adivinha s\u00f3? A recomenda\u00e7\u00e3o nacional dessa semana vai especialmente pra esse exato p\u00fablico.<\/p>\n<p>\u00c9 o podcast\u00a0<strong>De Repente Cringe<\/strong>, comandado pelas irm\u00e3s Luisa e Marianna. E aqui eu vou ser obrigado a abrir umas aspas pra explicar o significado da palavra &#8220;cringe&#8221;: \u00e9 aquilo que outra pessoa faz, que te causa vergonha alheia, mas geralmente, a pessoa que supostamente deveria estar com vergonha, n\u00e3o est\u00e1 nem a\u00ed, basicamente \u00e9 isso a\u00ed.<\/p>\n<div class=\"group\/conversation-turn relative flex w-full min-w-0 flex-col agent-turn\">\n<div class=\"flex-col gap-1 md:gap-3\">\n<div class=\"flex max-w-full flex-col flex-grow\">\n<div class=\"min-h-[20px] text-message flex w-full flex-col items-end gap-2 whitespace-pre-wrap break-words [.text-message+&amp;]:mt-5 overflow-x-auto\" dir=\"auto\" data-message-author-role=\"assistant\" data-message-id=\"904dbd37-000f-4cfa-b63f-854d3d620609\">\n<div class=\"flex w-full flex-col gap-1 empty:hidden first:pt-[3px]\">\n<div class=\"markdown prose w-full break-words dark:prose-invert light\">\n<p>Se voc\u00ea t\u00e1 nessa turma que se sente um pouco perdido depois dos 30 e quer explorar o lado \u201ccringe\u201d da vida adulta, o programa \u00e9 a sua companhia ideal. Ele \u00e9 um espa\u00e7o bem-humorado pra discutir comportamento, relacionamentos, maternidade, carreira e muito mais.<\/p>\n<p>Novos epis\u00f3dios s\u00e3o publicados duas vezes ao m\u00eas, em todas as principais plataformas de podcast e tamb\u00e9m em v\u00eddeo no YouTube.<\/p>\n<p>N\u00e3o deixa de conhecer o De Repente Cringe e de adicionar aos seus favoritos no seu agregador de podcast. Se voc\u00ea n\u00e3o gostar do conte\u00fado, das duas uma: ou \u00e9 novo demais pra entender, ou ent\u00e3o percebeu que tamb\u00e9m \u00e9 cringe. Mas eu, como cinquent\u00e3o, te digo que n\u00e3o tem nada de errado nisso.<\/p>\n<\/div>\n<\/div>\n<\/div>\n<\/div>\n<\/div>\n<\/div>\n<p><a href=\"https:\/\/open.spotify.com\/show\/3SM7Yncsb0T1GPVBEkxenb\">Link<\/a><\/p>\n<p>Lembrando que se voc\u00ea quiser anunciar a sua marca, produto ou servi\u00e7o com a gente aqui no Pod Not\u00edcias \u2013 tanto no podcast como no nosso site \u2013 e atingir um p\u00fablico qualificado que se interessa pelo podcast aqui no Brasil, manda um e-mail pro <strong>contato@podnoticias.com.br<\/strong>, que n\u00f3s vamos ter o maior prazer em conversar com voc\u00ea sobre todas as op\u00e7\u00f5es de publicidade. E caso voc\u00ea queira colaborar com a gente com texto, sugest\u00e3o de pauta ou envio de not\u00edcias, tamb\u00e9m vai ser muito bem-vindo e pode fazer isso atrav\u00e9s do mesmo e-mail.<\/p>\n<p><span style=\"font-weight: 400;\">E assim a gente fecha esta vig\u00e9sima sexta edi\u00e7\u00e3o do <strong>Pod Not\u00edcias<\/strong>. Acesse <a href=\"https:\/\/podnoticias.com.br\" target=\"_blank\" rel=\"noopener\"><strong>podnoticias.com.br<\/strong><\/a> para ter acesso \u00e0 \u00edntegra das not\u00edcias com todas as fontes e a transcri\u00e7\u00e3o completa do epis\u00f3dio, al\u00e9m dos artigos dos nossos colunistas e todos os links relacionados.<\/span><\/p>\n<p><span style=\"color: #23238e;\"><strong>Acompanhe o Pod Not\u00edcias diariamente:<\/strong><\/span><br \/>\n&#8211; <a href=\"https:\/\/t.me\/podnoticias\" target=\"_blank\" rel=\"noopener\">Canal p\u00fablico do Telegram<\/a><br \/>\n&#8211; <a href=\"https:\/\/www.instagram.com\/pod.noticias\/\">Instagram<\/a><br \/>\n&#8211; <a href=\"https:\/\/www.linkedin.com\/showcase\/pod-not%C3%ADcias\/\">Page do Linkedin<\/a><\/p>\n<p><span style=\"color: #23238e;\"><strong>Ou\u00e7a o Pod Not\u00edcias nos principais agregadores:<\/strong><\/span><br \/>\n&#8211; <a href=\"https:\/\/open.spotify.com\/show\/1swQFRqVxPiXUxdFAR5y4h\">Spotify<\/a><br \/>\n&#8211; <a href=\"https:\/\/podcasts.apple.com\/us\/podcast\/castnews-not%C3%ADcias-para-podcasters\/id1667164896\">Apple Podcasts<\/a><br \/>\n&#8211; <a href=\"https:\/\/www.deezer.com\/br\/show\/5671107\">Deezer<\/a><br \/>\n&#8211; <a href=\"https:\/\/music.amazon.com.br\/podcasts\/cdb06c29-e2c3-425b-8098-3be0eabc24ce\/\">Amazon Music<\/a><br \/>\n&#8211; <a href=\"https:\/\/pca.st\/mgdrc8vq\">PocketCasts<\/a><\/p>\n<p><span style=\"color: #23238e;\"><strong>O Pod Not\u00edcias \u00e9 uma produ\u00e7\u00e3o original da <a href=\"https:\/\/radiofobia.com.br\">R\u00e1diofobia Podcast e Multim\u00eddia<\/a> e publicado pela <a href=\"https:\/\/radiofobia.com.br\/podcast\">R\u00e1diofobia Podcast Network<\/a>, e conta com as colabora\u00e7\u00f5es de:<\/strong><\/span><br \/>\n&#8211; <a href=\"https:\/\/www.instagram.com\/camilanfs\/\"><strong>Camila Nogueira<\/strong> &#8211; arte<\/a><br \/>\n&#8211; <a href=\"https:\/\/www.instagram.com\/duhsierra\/\"><strong>Eduardo Sierra<\/strong> &#8211; edi\u00e7\u00e3o<\/a><br \/>\n&#8211; <a href=\"https:\/\/www.instagram.com\/lana_tavora\/\"><strong>Lana T\u00e1vora<\/strong> &#8211; pesquisa, pauta e reda\u00e7\u00e3o final<\/a><br \/>\n&#8211; <a href=\"https:\/\/leolopes.com.br\/\"><strong>Leo Lopes<\/strong> &#8211; dire\u00e7\u00e3o geral e apresenta\u00e7\u00e3o<\/a><br \/>\n&#8211; <a href=\"https:\/\/www.instagram.com\/thiagomiro\/\"><strong>Thiago Miro<\/strong> &#8211; pesquisa<\/a><\/p>\n<p><span style=\"color: #23238e;\"><strong>Publicidade:<\/strong><\/span><br \/>\n<a href=\"https:\/\/radiofobia.com.br\/contato\" target=\"_blank\" rel=\"noopener noreferrer\"><strong>Entre em contato<\/strong><\/a> e saiba como <em>anunciar sua marca, produto ou servi\u00e7o<\/em> no <strong>Pod Not\u00edcias<\/strong>.<\/p>\n","protected":false},"excerpt":{"rendered":"<p>Hoje \u00e9 segunda-feira, dia 12 de agosto de 2024 e esta \u00e9 a nossa vig\u00e9sima sexta edi\u00e7\u00e3o!<\/p>\n","protected":false},"author":2,"featured_media":29921,"comment_status":"open","ping_status":"closed","sticky":false,"template":"","format":"standard","meta":{"footnotes":""},"categories":[3059,13],"tags":[],"class_list":["post-29920","post","type-post","status-publish","format-standard","has-post-thumbnail","hentry","category-pod-noticias","category-podcast"],"_links":{"self":[{"href":"https:\/\/radiofobia.com.br\/podcast\/wp-json\/wp\/v2\/posts\/29920","targetHints":{"allow":["GET"]}}],"collection":[{"href":"https:\/\/radiofobia.com.br\/podcast\/wp-json\/wp\/v2\/posts"}],"about":[{"href":"https:\/\/radiofobia.com.br\/podcast\/wp-json\/wp\/v2\/types\/post"}],"author":[{"embeddable":true,"href":"https:\/\/radiofobia.com.br\/podcast\/wp-json\/wp\/v2\/users\/2"}],"replies":[{"embeddable":true,"href":"https:\/\/radiofobia.com.br\/podcast\/wp-json\/wp\/v2\/comments?post=29920"}],"version-history":[{"count":1,"href":"https:\/\/radiofobia.com.br\/podcast\/wp-json\/wp\/v2\/posts\/29920\/revisions"}],"predecessor-version":[{"id":29922,"href":"https:\/\/radiofobia.com.br\/podcast\/wp-json\/wp\/v2\/posts\/29920\/revisions\/29922"}],"wp:featuredmedia":[{"embeddable":true,"href":"https:\/\/radiofobia.com.br\/podcast\/wp-json\/wp\/v2\/media\/29921"}],"wp:attachment":[{"href":"https:\/\/radiofobia.com.br\/podcast\/wp-json\/wp\/v2\/media?parent=29920"}],"wp:term":[{"taxonomy":"category","embeddable":true,"href":"https:\/\/radiofobia.com.br\/podcast\/wp-json\/wp\/v2\/categories?post=29920"},{"taxonomy":"post_tag","embeddable":true,"href":"https:\/\/radiofobia.com.br\/podcast\/wp-json\/wp\/v2\/tags?post=29920"}],"curies":[{"name":"wp","href":"https:\/\/api.w.org\/{rel}","templated":true}]}}