{"id":29923,"date":"2024-08-13T10:00:13","date_gmt":"2024-08-13T13:00:13","guid":{"rendered":"https:\/\/radiofobia.com.br\/podcast\/?p=29923"},"modified":"2024-08-12T17:54:28","modified_gmt":"2024-08-12T20:54:28","slug":"voz-off-084-moises-da-rocha","status":"publish","type":"post","link":"https:\/\/radiofobia.com.br\/podcast\/2024\/08\/voz-off-084-moises-da-rocha\/","title":{"rendered":"VOZ OFF 084 &#8211; Mois\u00e9s da Rocha"},"content":{"rendered":"<p><iframe title=\"VOZ 0FF 084 - Mois\u00e9s da Rocha\" src=\"https:\/\/omny.fm\/shows\/voz-off\/voz-0ff-084-mois-s-da-rocha\/embed\" width=\"100%\" height=\"180\" frameborder=\"0\"><\/iframe><\/p>\n<p><em><strong>Sauda\u00e7\u00f5es, ouvintes apaixonados por locu\u00e7\u00e3o. Est\u00e1 NO AR o\u00a0<\/strong><\/em><em><strong>84\u00ba podcast VOZ OFF!<\/strong><\/em><\/p>\n<p>Neste epis\u00f3dio<span style=\"color: #666666;\">, <strong><a href=\"https:\/\/twitter.com\/antonioviviani\" target=\"_blank\" rel=\"noopener noreferrer\" data-saferedirecturl=\"https:\/\/www.google.com\/url?q=https:\/\/twitter.com\/antonioviviani&amp;source=gmail&amp;ust=1547142011247000&amp;usg=AFQjCNGZ8kg3VQj-BI_K7dDR21HNmPxEOA\">Ant\u00f4nio Viviani<\/a>\u00a0<\/strong>e\u00a0<strong><a href=\"https:\/\/twitter.com\/nicolalauletta\" target=\"_blank\" rel=\"noopener noreferrer\" data-saferedirecturl=\"https:\/\/www.google.com\/url?q=https:\/\/twitter.com\/nicolalauletta&amp;source=gmail&amp;ust=1547142011247000&amp;usg=AFQjCNEexDjV314C4BXxGZ5bnNDyXJ1YVg\">Nicola Lauletta<\/a> <\/strong><\/span>conversam com mais uma grande voz do r\u00e1dio!<\/p>\n<p>Nascido em Ourinhos, interior do Estado de S\u00e3o Paulo, filho de pais ferrovi\u00e1rios, seu pai descendente de tupis-guaranis, sua m\u00e3e descendente de mo\u00e7ambicanos, ambos de forma\u00e7\u00e3o metodista, faziam quest\u00e3o que ele estudasse desde pequeno, tanto que entrou no prim\u00e1rio j\u00e1 sabendo ler e escrever, e cresceu participando de grupos vocais na igreja que frequentava, os famosos orfe\u00f5es, onde aprendeu a cantar e narrar, e a desenvolver a sua voz privilegiada.<\/p>\n<p>Trabalhava na adolesc\u00eancia como auxiliar de escrit\u00f3rio e pretendia seguir a carreira militar, quando veio para S\u00e3o Paulo e se alistou no ex\u00e9rcito para fazer o servi\u00e7o militar obrigat\u00f3rio. L\u00e1 fez curso para cabo e ao fazer coment\u00e1rios que desagradaram alguns superiores, sentiu que poderia sofrer san\u00e7\u00f5es, mas com a ajuda de um amigo de farda, conseguiu ser enviado para a troca de guarda no Canal de Suez, onde permaneceu fora do pa\u00eds durante o ano de 1964.<\/p>\n<p>L\u00e1 fora, participou de grupos vocais com colegas militares, foi crooner de um conjunto musical, os Brazilian Boys, e na volta ao Brasil, vendo a situa\u00e7\u00e3o em que se encontrava o pa\u00eds, prevendo que poderia ter problemas, se desligou do ex\u00e9rcito, e come\u00e7ou a tentar uma carreira de cantor.<\/p>\n<p>Entrou em contato com pessoal da sua igreja que tinha acabado de comprar a R\u00e1dio Cometa AM, para tentar fazer l\u00e1 um programa musical, mas com a sa\u00edda de Francisco Petr\u00f4nio que era locutor de um programa musical, e por ter uma boa voz, foi convidado a tentar substitu\u00ed-lo, e assim iniciou uma carreira de muito sucesso na locu\u00e7\u00e3o, que continua at\u00e9 hoje.<\/p>\n<p>Quem pede passagem para nos contar essa hist\u00f3ria de sucesso \u00e9 o grande <strong>Mois\u00e9s da Rocha<\/strong>.<\/p>\n<p>A conversa aconteceu em julho de 2024 e voc\u00ea vai saber que da Cometa, ele foi para a Jovem Pan, onde aprendeu muito, trabalhou e conviveu com grandes nomes do r\u00e1dio AM, foi dirigente sindical, trabalhou na Gazeta, Difusora, e na R\u00e1dio USP, onde comanda desde 1977 at\u00e9 hoje, um programa de enorme sucesso: O Samba Pede Passagem.<\/p>\n<p>Com a gente, e pra voc\u00eas: <strong>MOIS\u00c9S DA ROCHA<\/strong>!<\/p>\n<p><strong style=\"color: #990000;\">Para seguir nas redes sociais:<\/strong><br \/>\n&#8211; <a href=\"https:\/\/www.facebook.com\/podcastvozoff\/\" target=\"_blank\" rel=\"noopener noreferrer\">Curta a p\u00e1gina do podcast <strong>Voz Off<\/strong> no Facebook<\/a><br \/>\n&#8211; <a href=\"https:\/\/twitter.com\/podcastvozoff\" target=\"_blank\" rel=\"noopener noreferrer\">Siga o <strong>@podcastvozoff<\/strong> no Twitter<\/a><br \/>\n&#8211; <a href=\"https:\/\/www.facebook.com\/antoniovivianilocutor\/\" target=\"_blank\" rel=\"noopener noreferrer\">Curta a p\u00e1gina do <strong>Antonio Viviani<\/strong> no Facebook<\/a><br \/>\n&#8211; <a href=\"https:\/\/twitter.com\/antonioviviani\" target=\"_blank\" rel=\"noopener noreferrer\">Siga o <strong>@antonioviviani<\/strong> no Twitter<\/a><br \/>\n&#8211; <a href=\"https:\/\/www.instagram.com\/antonio.viviani\/\" target=\"_blank\" rel=\"noopener noreferrer\">Siga o <strong>@antonio.viviani<\/strong> no Instagram<\/a><br \/>\n&#8211; <a href=\"https:\/\/twitter.com\/nicolalauletta\" target=\"_blank\" rel=\"noopener noreferrer\">Siga o <strong>@nicolalauletta<\/strong> no Twitter<\/a><br \/>\n&#8211; <a href=\"https:\/\/www.facebook.com\/EchosStudios\" target=\"_blank\" rel=\"noopener noreferrer\">Curta a p\u00e1gina do <strong>Echo&#8217;s Studio<\/strong> no Facebook<\/a><br \/>\n&#8211; <a href=\"https:\/\/www.facebook.com\/vozaobra\/\" target=\"_blank\" rel=\"noopener noreferrer\">Curta a p\u00e1gina do <strong>Workshop de Locu\u00e7\u00e3o Voz A Obra<\/strong>\u00a0no Facebook<\/a><br \/>\n&#8211; <a href=\"http:\/\/leolop.es\/textosentido\" target=\"_blank\" rel=\"noopener noreferrer\">Ou\u00e7a tamb\u00e9m o podcast <strong>TEXTO SENTIDO<\/strong> com Ant\u00f4nio Viviani<\/a><\/p>\n<p><strong style=\"color: #990000;\">Assine o FEED do Voz Off:<\/strong><br \/>\nPara ouvir o Voz Off no seu agregador de podcasts preferido, <a href=\"http:\/\/leolop.es\/feedvozoff\" target=\"_blank\" rel=\"noopener noreferrer\"><strong>clique aqui e assine o nosso FEED<\/strong><\/a>!<\/p>\n<p><strong style=\"color: #990000;\">Assine e avalie nosso podcast no iTunes:<\/strong><br \/>\nSe voc\u00ea usa o<strong> iTunes<\/strong> no seu computador, tablet ou smartphone, <a href=\"https:\/\/itunes.apple.com\/us\/podcast\/id1252595385\" target=\"_blank\" rel=\"noopener noreferrer\"><strong>assine e avalie nosso podcast clicando aqui<\/strong><\/a>!<\/p>\n<p><strong style=\"color: #990000;\">Voz Off no Spotify:<\/strong><br \/>\nCaso prefira ouvir o <strong>Voz Off <\/strong>no<strong> Spotify<\/strong>, <a href=\"https:\/\/open.spotify.com\/show\/16gSvztELYfMu42Vu22gug?si=UW6_DO3bQwaYUt4aNjb4TQ\" target=\"_blank\" rel=\"noopener noreferrer\"><strong>\u00e9 s\u00f3 clicar aqui e assinar o nosso podcast no servi\u00e7o de streaming<\/strong><\/a>!<\/p>\n<p><span style=\"color: #990000;\"><strong>E-mails:<\/strong><\/span><br \/>\nMande seu feedback pra gente atrav\u00e9s do e-mail\u00a0<a href=\"mailto:podcastvozoff@gmail.com\"><strong>podcastvozoff@gmail.com<\/strong><\/a>!<\/p>\n<p><span style=\"color: #990000;\"><strong>Publicidade:<\/strong><\/span><br \/>\n<a href=\"http:\/\/leolop.es\/rfcontato\" target=\"_blank\" rel=\"noopener noreferrer\"><strong>Entre em contato<\/strong><\/a> e saiba como <em>anunciar sua marca, produto ou servi\u00e7o em nossos podcasts<\/em>.<\/p>\n","protected":false},"excerpt":{"rendered":"<p>Mois\u00e9s da Rocha \u00e9 o dono da voz deste m\u00eas para o papo com Ant\u00f4nio Viviani e Nicola Lauletta!<\/p>\n","protected":false},"author":2,"featured_media":29924,"comment_status":"open","ping_status":"closed","sticky":false,"template":"","format":"standard","meta":{"footnotes":""},"categories":[13,1220],"tags":[],"class_list":["post-29923","post","type-post","status-publish","format-standard","has-post-thumbnail","hentry","category-podcast","category-vozoff"],"_links":{"self":[{"href":"https:\/\/radiofobia.com.br\/podcast\/wp-json\/wp\/v2\/posts\/29923","targetHints":{"allow":["GET"]}}],"collection":[{"href":"https:\/\/radiofobia.com.br\/podcast\/wp-json\/wp\/v2\/posts"}],"about":[{"href":"https:\/\/radiofobia.com.br\/podcast\/wp-json\/wp\/v2\/types\/post"}],"author":[{"embeddable":true,"href":"https:\/\/radiofobia.com.br\/podcast\/wp-json\/wp\/v2\/users\/2"}],"replies":[{"embeddable":true,"href":"https:\/\/radiofobia.com.br\/podcast\/wp-json\/wp\/v2\/comments?post=29923"}],"version-history":[{"count":2,"href":"https:\/\/radiofobia.com.br\/podcast\/wp-json\/wp\/v2\/posts\/29923\/revisions"}],"predecessor-version":[{"id":29927,"href":"https:\/\/radiofobia.com.br\/podcast\/wp-json\/wp\/v2\/posts\/29923\/revisions\/29927"}],"wp:featuredmedia":[{"embeddable":true,"href":"https:\/\/radiofobia.com.br\/podcast\/wp-json\/wp\/v2\/media\/29924"}],"wp:attachment":[{"href":"https:\/\/radiofobia.com.br\/podcast\/wp-json\/wp\/v2\/media?parent=29923"}],"wp:term":[{"taxonomy":"category","embeddable":true,"href":"https:\/\/radiofobia.com.br\/podcast\/wp-json\/wp\/v2\/categories?post=29923"},{"taxonomy":"post_tag","embeddable":true,"href":"https:\/\/radiofobia.com.br\/podcast\/wp-json\/wp\/v2\/tags?post=29923"}],"curies":[{"name":"wp","href":"https:\/\/api.w.org\/{rel}","templated":true}]}}