{"id":29929,"date":"2024-08-19T07:00:30","date_gmt":"2024-08-19T10:00:30","guid":{"rendered":"https:\/\/radiofobia.com.br\/podcast\/?p=29929"},"modified":"2024-08-16T17:38:55","modified_gmt":"2024-08-16T20:38:55","slug":"pod-noticias-027-anuncios-em-podcast-podem-reter-mais-atencao-que-na-tv","status":"publish","type":"post","link":"https:\/\/radiofobia.com.br\/podcast\/2024\/08\/pod-noticias-027-anuncios-em-podcast-podem-reter-mais-atencao-que-na-tv\/","title":{"rendered":"Pod Not\u00edcias 027 &#8211; An\u00fancios em podcast podem reter mais aten\u00e7\u00e3o que na TV"},"content":{"rendered":"<p><iframe title=\"Pod Not\u00edcias 027 - An\u00fancios em podcast podem reter mais aten\u00e7\u00e3o que na TV\" src=\"https:\/\/omny.fm\/shows\/podnoticias\/pod-not-cias-027-an-ncios-em-podcast-podem-reter-m\/embed\" width=\"100%\" height=\"180\" frameborder=\"0\" data-mce-fragment=\"1\"><\/iframe><\/p>\n<p><a href=\"http:\/\/leolop.es\/novocurso\"><img fetchpriority=\"high\" decoding=\"async\" class=\"aligncenter size-full wp-image-1018\" src=\"https:\/\/podnoticias.com.br\/wp-content\/uploads\/2024\/05\/publi_content_academy_0724.gif\" alt=\"Curso Podcast para Todos, com Leo Lopes - Content Academy\" width=\"948\" height=\"250\" \/><\/a><\/p>\n<p><span style=\"color: #23238e;\"><strong>Ol\u00e1, eu sou <a href=\"https:\/\/leolopes.com.br\" target=\"_blank\" rel=\"noopener\">Leo Lopes<\/a> e est\u00e1 no ar o POD NOT\u00cdCIAS, o podcast semanal que traz at\u00e9 voc\u00ea um resumo de tudo que acontece de mais importante no mercado de podcasts no Brasil e no mundo!<\/strong><\/span><\/p>\n<p><span style=\"color: #23238e;\"><strong>Hoje \u00e9 segunda-feira, dia 19 de agosto de 2024 e esta \u00e9 a nossa vig\u00e9sima s\u00e9tima edi\u00e7\u00e3o!<\/strong><\/span><\/p>\n<p>Este epis\u00f3dio conta com o apoio da <a href=\"https:\/\/www.contentacademy.com.br\/\"><strong>CONTENT ACADEMY<\/strong><\/a>, uma plataforma de cursos online voltada para quem quer trabalhar com cria\u00e7\u00e3o de conte\u00fado, onde o mais legal \u00e9 que os professores s\u00e3o os pr\u00f3prios criadores e os profissionais que trabalham com eles. Ent\u00e3o tem curso de <strong>True Crime com o Ivan Mizanzuk do Projeto Humanos<\/strong>, tem <strong>Webjornalismo independente com o Alvaro e a Ana do Meteoro Brasil<\/strong>, tem <strong>Storytelling com o Kenji do Normose<\/strong>, tem curso de <strong>Edi\u00e7\u00e3o de v\u00eddeo para Youtube com o Will do Jogatina Maneira<\/strong>, tem tamb\u00e9m o meu curso <a href=\"https:\/\/leolop.es\/novocurso\" target=\"_blank\" rel=\"noopener\"><strong>Podcast para todos<\/strong> (que t\u00e1 com uma mega promo\u00e7\u00e3o por tempo limitado)<\/a> e mais um monte de cursos incr\u00edveis! Ent\u00e3o entra l\u00e1 no site pra dar uma conferida em <a href=\"https:\/\/www.contentacademy.com.br\/\"><strong>contentacademy.com.br<\/strong><\/a>!<\/p>\n<p>1 &#8211; Come\u00e7ando a edi\u00e7\u00e3o de hoje, a gente vai trazer pra voc\u00ea os dados mais recentes de uma pesquisa sobre an\u00fancios em podcasts.<\/p>\n<p>De acordo com um estudo feito pela empresa Adelaide Metrics, os n\u00edveis de reten\u00e7\u00e3o de aten\u00e7\u00e3o da publicidade em \u00e1udio digital j\u00e1 s\u00e3o compar\u00e1veis aos da TV. \u00c9 isso mesmo, a gente j\u00e1 est\u00e1 batendo de frente com o meio de publicidade mais tradicional de todos! E esses an\u00fancios n\u00e3o s\u00f3 capturam a aten\u00e7\u00e3o dos ouvintes; eles tamb\u00e9m tendem a ser muito menos ignorados que as propagandas da TV. O que faz total sentido, j\u00e1 que a gente criou a cultura de usar o intervalo comercial da televis\u00e3o pra fazer outras coisas, e com o \u00e1udio isso acaba n\u00e3o sendo necess\u00e1rio.<\/p>\n<p>Mas a pesquisa n\u00e3o parou s\u00f3 nesse comparativo, n\u00e3o. A publicidade em podcasts tamb\u00e9m foi colocada lado-a-lado com outros formatos de m\u00eddia, como banners, v\u00eddeos online e est\u00e1ticos patrocinados. E, \u00e9 claro, tamb\u00e9m saiu na frente em custo-benef\u00edcio: o gasto mensal com publicidade em podcasts e no YouTube fica entre U$700 &#8211; U$900 d\u00f3lares, enquanto pra se chegar aos mesmos resultados anunciando no Facebook, Reddit e TikTok, as marcas teriam que desembolsar de 2mil a U$2.700 d\u00f3lares &#8211; em CADA plataforma.<\/p>\n<p>Ou seja, trocando os an\u00fancios nas redes sociais por an\u00fancios em podcasts, as marcas podem economizar at\u00e9 70% do investimento. Olha a\u00ed, t\u00e1 vendo? Voc\u00ea est\u00e1 esperando o qu\u00ea pra anunciar a sua marca, seu produto ou o seu servi\u00e7o com a gente aqui no Pod Not\u00edcias? Vem pra c\u00e1, que a gente tem um p\u00fablico extremamente qualificado que se interessa pelo mercado de podcasts aqui no Brasil. Manda um e-mail pra gente em <strong>contato@podnoticias.com.br<\/strong> que a gente vai ter o maior prazer em conversar com voc\u00ea sobre todas as possibilidades de an\u00fancios aqui no podcast e tamb\u00e9m no nosso site, em <a href=\"https:\/\/podnoticias.com.br\/\">podnoticias.com.br<\/a> .<\/p>\n<p>Bom, voltando pra not\u00edcia, n\u00e3o \u00e9 preciso ser nenhum g\u00eanio da matem\u00e1tica pra ver que essa \u00e9 uma troca (70% de economia) que vale muito a pena. E levando em conta que a efici\u00eancia da propaganda em podcasts \u00e9 quase a mesma da TV, simplesmente n\u00e3o existe desculpa pros an\u00fancios em \u00e1udio n\u00e3o serem considerados (e implementados, por que n\u00e3o?).<\/p>\n<p><a href=\"https:\/\/podnoticias.com.br\/anuncios-de-podcast-modelo-e-a-nova-fronteira-da-atencao-publicitaria\/\">Link<\/a><\/p>\n<p>2 &#8211; Nos \u00faltimos anos, o Spotify foi a plataforma que mais movimentou a ind\u00fastria de podcasts na Am\u00e9rica Latina. Mas ser\u00e1 que isso \u00e9 uma coisa boa? De acordo com o jornalista colombiano Stan Alcorn, n\u00e3o muito.<\/p>\n<p>Tanto aqui no Brasil quanto em outros pa\u00edses latinos, entre 2020 e 2022 o Spotify movimentou bastante coisa relacionada ao nosso mercado. A empresa criou est\u00fadios, firmou parcerias, come\u00e7ou a investir em produ\u00e7\u00f5es originais, deu voz \u00e0 diversidade, como no caso do podcast &#8220;Mujeres Valientes&#8221; sobre as mulheres ind\u00edgenas Triqui&#8230; Enfim, fez algum barulho. Teve at\u00e9 alguns eventos grandes aqui no Brasil, tamb\u00e9m, como o <strong>Spotify for Podcasters Summit &#8211; 2019<\/strong> que eu estava presente, participando de mesa de debate e trabalhando pro Spotify, inclusive.<\/p>\n<p>S\u00f3 que, de algum tempo pra c\u00e1, o Spotify t\u00eam reduzido essa movimenta\u00e7\u00e3o e todo esse apoio ao podcasting. V\u00e1rios contratos foram encerrados, originais Spotify foram deixados de lado, e atualmente muitos criadores de conte\u00fado que produziam pra plataforma ficaram sem financiamento. Essa \u00faltima parte, aqui no Brasil, at\u00e9 que est\u00e1 mais ou menos controlada. Mas v\u00e1rias produ\u00e7\u00f5es da Col\u00f4mbia, Venezuela e Chile est\u00e3o vendo as portas se fecharem na cara deles mesmo.<\/p>\n<p>E \u00e9 a\u00ed que est\u00e1 o problema. O dom\u00ednio que o Spotify criou na Am\u00e9rica Latina criou uma depend\u00eancia, que agora, com essa sa\u00edda-pela-direita da empresa, no melhor estilo Le\u00e3o da Montanha, t\u00e1 deixando um vazio no mercado. Ficou no p\u00e9 do criador de conte\u00fado latino buscar alternativas e repensar toda a sua estrat\u00e9gia pra conseguir se sustentar sem qualquer suporte do Spotify.<\/p>\n<p>Mais uma vez a m\u00e3o invis\u00edvel do mercado est\u00e1 dando um tapinha de luva de pelica na nossa ind\u00fastria, mas a gente vai conseguir contornar, como sempre fizemos nesses quase 20 anos.<\/p>\n<p><a href=\"https:\/\/podnoticias.com.br\/spotify-impulsiona-e-abandona-o-boom-dos-podcasts-na-america-latina\/\">Link<\/a><\/p>\n<p>3 &#8211; E a Headliner anunciou uma parceria com o Canva para facilitar a cria\u00e7\u00e3o de audiogramas ainda mais personalizados. \u00d4 ferramenta legal que \u00e9 o Headliner, n\u00e9?<\/p>\n<p>Antes, os usu\u00e1rios do Headliner podiam acessar o Canva pelo site, mas tinham que ser redirecionados pra uma p\u00e1gina separada. Agora, as ferramentas de design do Canva foram integradas na pr\u00f3pria plataforma, olha que legal. A parceria foi feita com o intuito de trazer recursos de design mais sofisticados pra quem usa o Headliner, com mais possibilidades de personaliza\u00e7\u00e3o e uso da pr\u00f3pria identidade visual.<\/p>\n<p>Ent\u00e3o agora n\u00f3s, podcasters, selecionamos o epis\u00f3dio que queremos transformar em v\u00eddeo, fazemos todas as edi\u00e7\u00f5es no visual do audiograma com as ferramentas do Canva, e exportamos o v\u00eddeo normalmente.<\/p>\n<p>Al\u00e9m disso, a Headliner tamb\u00e9m lan\u00e7ou uma ferramenta de gera\u00e7\u00e3o de v\u00eddeos a partir de texto, que atualmente est\u00e1 em fase beta. O &#8220;text-to-video&#8221;, como \u00e9 chamado, \u00e9 processado por intelig\u00eancia artificial e por enquanto s\u00f3 est\u00e1 dispon\u00edvel para usu\u00e1rios Pro.<\/p>\n<p><a href=\"https:\/\/podnoticias.com.br\/novidades-headliner-parceria-com-canva-e-recurso-text-to-video\/\">Link<\/a><\/p>\n<p><span style=\"color: #23238e;\"><strong>AINDA EM NOT\u00cdCIAS DA SEMANA:<\/strong><\/span><\/p>\n<p>4 &#8211; A Apple anunciou que a partir de novembro desse ano, vai exigir que o Patreon use o sistema de compras dentro do aplicativo iOS, aplicando uma taxa de 30% sobre todas as novas assinaturas feitas na plataforma. Olha <em>que<\/em> <em>coisinha<\/em>, n\u00e9.<\/p>\n<p>Segundo a Apple, nesse primeiro momento a mudan\u00e7a n\u00e3o vai afetar quem j\u00e1 \u00e9 membro, mas a ideia \u00e9 que todos os criadores de conte\u00fado que usam o Patreon adotem o modelo de assinatura, eliminando outros formatos de cobran\u00e7a at\u00e9 novembro de 2025.<\/p>\n<p>Eu n\u00e3o preciso nem dizer que 30% de adicional em pagamentos n\u00e3o \u00e9 pouca coisa. Pra diminuir o impacto da decis\u00e3o da Apple, o Patreon est\u00e1 desenvolvendo uma ferramenta opcional para permitir que criadores aumentem os pre\u00e7os das assinaturas &#8211; exclusivamente no iOS. Olha a\u00ed a Apple inflacionando as assinaturas do Patreon&#8230;<\/p>\n<p>Num comunicado de imprensa do Patreon eles deixaram claro que a mudan\u00e7a n\u00e3o foi planejada em conjunto, e que isso tamb\u00e9m acabou sendo uma dor de cabe\u00e7a pra eles, mas a plataforma de assinaturas prometeu que vai apoiar os criadores de conte\u00fado durante a transi\u00e7\u00e3o.<\/p>\n<p>Quer dizer; a gente tenta ganhar, paga a comiss\u00e3o devida pro Patreon, a\u00ed vem a Apple que s\u00f3 t\u00e1 reproduzindo conte\u00fado l\u00e1 na ponta e quer cobrar tamb\u00e9m. A\u00ed complica, n\u00e9!<\/p>\n<p><a href=\"https:\/\/podnoticias.com.br\/apple-exigira-que-patreon-use-sistema-de-compras-no-aplicativo-ios\/\">Link<\/a><\/p>\n<p>5 &#8211; E depois de uma primeira edi\u00e7\u00e3o bem-sucedida em junho desse ano, o Spotify marcou o segundo evento &#8220;Podcast ao Vivo&#8221; pro dia 28 de setembro.<\/p>\n<p>O evento vai acontecer na Unibes Cultural, em S\u00e3o Paulo, e vai contar com a presen\u00e7a de uma nova safra de podcasters populares. Alguns dos nomes confirmados s\u00e3o Bianca DellaFancy, Fab\u00e3o, Jenny Prioli, Mab\u00ea Bonaf\u00e9 e Ju Cassini. Ent\u00e3o a gente j\u00e1 sabe a\u00ed alguns dos temas de podcast que v\u00e3o estar nessa edi\u00e7\u00e3o: humor, cultura pop e true crime.<\/p>\n<p>Os ingressos j\u00e1 est\u00e3o \u00e0 venda no site Ingresse, com valores entre R$30 e R$60 por sess\u00e3o.<\/p>\n<p><a href=\"https:\/\/podnoticias.com.br\/segunda-edicao-do-podcast-ao-vivo-do-spotify-ganha-data-em-setembro\/\">Link<\/a><\/p>\n<p>6 &#8211; Um relat\u00f3rio da ag\u00eancia de publicidade Oxford Road revelou que o aumento de 39% na quantidade de an\u00fancios em podcasts desde 2021 at\u00e9 agora, pode estar prejudicando o desempenho publicit\u00e1rio.<\/p>\n<p>O estudo, chamado \u201cThe Danger of Rising PodLoad\u201d, alertou que uma alta carga de an\u00fancios pode diminuir a efic\u00e1cia das campanhas &#8211; at\u00e9 a\u00ed nada que n\u00e3o seja \u00f3bvio, porque qualquer publicidade excessiva pode ter o efeito contr\u00e1rio.<\/p>\n<p>Para evitar esse problema, a ag\u00eancia sugere limitar os an\u00fancios a 6 minutos por hora, distribu\u00eddos de forma equilibrada nos programas. Basicamente, mantendo na m\u00e9dia &#8220;saud\u00e1vel&#8221; de an\u00fancios pra audi\u00eancia.<\/p>\n<p>\u00c9 claro que isso n\u00e3o seria um problema se a publicidade em podcasts n\u00e3o estivesse concentrada nos mesmos 100 programas de sempre, mas essa \u00e9 uma tecla que a gente ainda vai ter que bater bastante at\u00e9 ver uma mudan\u00e7a de verdade, porque os investimentos v\u00e3o quase sempre pras mesmas m\u00e3os &#8211; ou pras mesmas vozes.<\/p>\n<p><a href=\"https:\/\/podnoticias.com.br\/aumento-de-anuncios-em-podcasts-ameaca-desempenho-publicitario-afirma-relatorio\/\">Link<\/a><\/p>\n<p><span style=\"color: #23238e;\"><strong>E MAIS:<\/strong><\/span><\/p>\n<p>7 &#8211; No segundo trimestre de 2024, a empresa iHeartMedia anunciou que teve um crescimento de 8% na receita de podcasts, com um total de U$ 105 milh\u00f5es de d\u00f3lares, ou 11% do seu faturamento total. A receita geral da empresa foi de U$ 929 milh\u00f5es, com um aumento de 1% em rela\u00e7\u00e3o ao mesmo per\u00edodo de 2023.<\/p>\n<p>O Grupo de \u00c1udio Digital da empresa, que inclui podcasts, teve uma receita de U$286 milh\u00f5es e, um ajuste de lucro de 32%.<\/p>\n<p>Ou seja, nada mal. E mesmo assim, os respons\u00e1veis financeiros da iHeart esperam que at\u00e9 o final desse ano, sejam adicionados mais 2 d\u00edgitos na receita de podcasts.<\/p>\n<p>Ambiciosos? Talvez, mas seja l\u00e1 o que eles estejam fazendo internamente com a produ\u00e7\u00e3o de m\u00eddia deles, est\u00e1 dando certo pra empresa.<\/p>\n<p><a href=\"https:\/\/podnoticias.com.br\/iheartmedia-registra-crescimento-de-receita-2024\/\">Link<\/a><\/p>\n<p>8 &#8211; Os dados mais recentes do site Listen Notes sugerem que julho de 2024 teve o menor n\u00famero de \u201cnovos podcasts\u201d deste ano \u2013 o n\u00famero foi mais de 60% menor em rela\u00e7\u00e3o ao ano passado.<\/p>\n<p>S\u00f3 que, tecnicamente, esse n\u00famero s\u00f3 se refere a \u201cnovos feeds\u201d, ent\u00e3o a contagem fica comprometida, porque muitos novos podcasts foram lan\u00e7ados em feeds de programas que j\u00e1 existem, ou feeds de programas que foram replanejados antes desse per\u00edodo.<\/p>\n<p>A publica\u00e7\u00e3o de novos epis\u00f3dios de podcast tamb\u00e9m deu uma desacelerada: de acordo com o \u00cdndice de Podcast do Listen Notes, julho teve uma queda de 6% na compara\u00e7\u00e3o de ano-ap\u00f3s-ano.<\/p>\n<p>Mas vale lembrar aqui que ano passado aconteceu a mesma coisa, e o n\u00famero de novos podcasts e novos epis\u00f3dios lan\u00e7ados voltou a crescer em agosto.<\/p>\n<p>Ent\u00e3o, aparentemente, julho \u00e9 realmente o &#8220;m\u00eas do com\u00e9rcio fraco&#8221; pro podcasting em geral.<\/p>\n<p><a href=\"https:\/\/podnoticias.com.br\/listen-notes-sugere-que-julho-teve-o-menor-numero-de-novos-podcasts-este-ano\/\">Link<\/a><\/p>\n<p>9 &#8211; O Hollywood Reporter publicou recentemente sobre \u201cAs pessoas mais poderosas do podcasting em 2024\u201d, esse \u00e9 o t\u00edtulo do artigo. Os nomes mencionados foram uma mistura de executivos da ind\u00fastria e apresentadores de podcast. N\u00e3o, eu n\u00e3o estava l\u00e1.<\/p>\n<p>E \u00e9 claro que n\u00e3o \u00e9 surpresa nenhuma que uma lista feita nos Estados Unidos ia ser composta por 90% por estadunidenses n\u00e9&#8230; Mas, pra n\u00e3o dizer que a lista foi totalmente americanizada, ela conta com 2 indicados brit\u00e2nicos &#8211; <em>que moram nos Estados Unidos<\/em>. \u00c9 incr\u00edvel como eles nem tentam, n\u00e9?<\/p>\n<p>Enfim, as pessoas citadas na lista foram entrevistadas pelo Hollywood Reporter sobre qual a opini\u00e3o delas em ouvir podcasts na velocidade 1.5x. Pegando na ferida!<\/p>\n<p>A Julia Louis-Dreyfus, do podcast Wiser Than Me, disse que nem sabe o que \u00e9 a velocidade 1.5x, pra ela isso n\u00e3o existe (muito legal Julia Louis-Dreyfus, gosto muito de voc\u00ea!).<\/p>\n<p>O apresentador Bill Simmons disse que ouvir no 1.5x \u00e9 coisa de sociopatas (concordo!). J\u00e1 o Ben Shapiro disse que acha a velocidade 1,5x &#8220;muito lenta&#8221;. Ent\u00e3o, segundo o Bill, ele pode <em><strong>ou n\u00e3o<\/strong><\/em> ser um sociopata.<\/p>\n<p><a href=\"https:\/\/podnoticias.com.br\/os-nomes-mais-importantes-do-podcasting-em-2024\/\">Link<\/a><\/p>\n<p><span style=\"color: #23238e;\"><strong>HOJE NO GIRO SOBRE PESSOAS QUE FAZEM A M\u00cdDIA:<\/strong><\/span><\/p>\n<p>10 &#8211; Na \u00faltima sexta-feira, dia 16 de agosto, a Blimunda Editora realizou um evento na Livraria da Vila, em S\u00e3o Paulo, pra celebrar e promover o livro &#8220;Feminismos e Podcasts&#8221;.<\/p>\n<p>Quem esteve presente nesse evento foi nossa colunista e amiga querida, advogada cansada Aline Hack, a pr\u00f3pria organizadora do livro. Al\u00e9m dela, a querida Ira Croft do Mundo Freak tamb\u00e9m marcou presen\u00e7a por l\u00e1, pra discutir com o p\u00fablico sobre o uso do podcast como uma ferramenta de milit\u00e2ncia feminista, pesquisa e educa\u00e7\u00e3o.<\/p>\n<p>O evento foi gratuito e aberto ao p\u00fablico. Teve roda de conversa, sess\u00e3o de aut\u00f3grafo, foto com as autoras&#8230; Um encontro muito legal, eu queria ter ido, mas n\u00e3o pude, infelizmente. E pros ouvintes de podcast \u00e9 muito bacana poder encontrar com as suas hosts preferidas, e \u00e9 claro, tamb\u00e9m pros leitores do livro Feminismos e Podcasts.<\/p>\n<p>A gente anunciou o encontro com anteced\u00eancia no nosso portal de not\u00edcias, em <strong>podnoticias.com.br<\/strong>, ent\u00e3o se voc\u00ea gosta de acompanhar esses eventos, fica ligado aqui no Pod Not\u00edcias que voc\u00ea vai estar sempre bem informado(a) e n\u00e3o vai perder nenhuma novidade da podosfera brasileira.<\/p>\n<p>Eu recomendo que voc\u00ea entre no nosso <strong>canal p\u00fablico do Telegram<\/strong> (<a href=\"http:\/\/t.me\/podnoticias\">t.me\/podnoticias<\/a>) porque l\u00e1 tem um botzinho maroto, toda vez que tem uma not\u00edcia nova no portal, voc\u00ea recebe ali uma notifica\u00e7\u00e3o no seu celular em primeira m\u00e3o, ent\u00e3o voc\u00ea vai estar sempre bem informado sobre tudo o que est\u00e1 acontecendo \u00e0 medida que as not\u00edcias s\u00e3o publicadas no site.<\/p>\n<p><a href=\"https:\/\/podnoticias.com.br\/livro-feminismos-e-podcasts-tera-sessao-de-autografos-e-roda-de-conversa-na-livraria-da-vila\/\">Link<\/a><\/p>\n<p><strong><span style=\"color: #23238e;\">SOBRE LAN\u00c7AMENTOS:<\/span><\/strong><\/p>\n<p>11 &#8211; Na semana passada foi publicado nas plataformas de \u00e1udio o primeiro epis\u00f3dio do podcast <strong>ATRApaiLHADO<\/strong>, apresentado por Deco Neves.<\/p>\n<p>O podcast mergulha fundo no tema de paternidade ativa e participativa. At\u00e9 porque ser pai n\u00e3o \u00e9 uma tarefa f\u00e1cil, e falar sobre isso \u00e9 extremamente necess\u00e1rio (eu falo isso como pai de tr\u00eas meninos!), assim como estudar e se preparar pra isso.<\/p>\n<p>Em cada epis\u00f3dio, o intuito do ATRApaiLHADO \u00e9 compartilhar hist\u00f3rias, dicas e entrevistas com especialistas e principalmente <em><strong>m\u00e3es<\/strong><\/em>, sobre a jornada de criar uma crian\u00e7a da melhor forma poss\u00edvel.<\/p>\n<p>Muito legal a proposta, vale muito a pena conferir. O podcast j\u00e1 est\u00e1 dispon\u00edvel em v\u00eddeo no YouTube, e em \u00e1udio no Spotify.<\/p>\n<p><a href=\"https:\/\/podnoticias.com.br\/atrapailhado-lancamento\/\">Link<\/a><\/p>\n<p>12 &#8211; E na \u00faltima ter\u00e7a-feira foi ao ar o podcast <strong>Imigra\u00e7\u00e3o no Ar<\/strong>, comandado pelo jornalista Moacir Fritzen, e que celebra os 200 anos da imigra\u00e7\u00e3o alem\u00e3 no Brasil.<\/p>\n<p>O programa \u00e9 publicado no canal do Jornal NH e vai ter ao todo 6 epis\u00f3dios, lan\u00e7ados semanalmente \u00e0s ter\u00e7as-feiras. O podcast faz parte de uma s\u00e9rie de a\u00e7\u00f5es realizadas pelo Grupo Sinos pra homenagear os imigrantes nesse bicenten\u00e1rio, e tem apoio da empresa alem\u00e3 de ferramentas Stihl.<\/p>\n<p>Ent\u00e3o se voc\u00ea quiser saber mais sobre a imigra\u00e7\u00e3o alem\u00e3 no Brasil e acompanhar as entrevistas com convidados que vivem nessa realidade, n\u00e3o deixa de conferir.<\/p>\n<p><a href=\"https:\/\/www.abcmais.com\/brasil\/rio-grande-do-sul\/podcast-imigracao-no-ar-estreia-nesta-terca-feira\/\">Link<\/a><\/p>\n<p><strong><span style=\"color: #23238e;\">RECOMENDA\u00c7\u00c3O NACIONAL:<\/span><\/strong><\/p>\n<p>13 &#8211; E na recomenda\u00e7\u00e3o nacional dessa semana, a gente vai dar mais um merecido espa\u00e7o para a divulga\u00e7\u00e3o cient\u00edfica!<\/p>\n<p>Se voc\u00ea gosta &#8211; ou quer saber mais &#8211; sobre astronomia e o universo, a indica\u00e7\u00e3o vai pro podcast <strong>Miss\u00e3o Exoplaneta<\/strong>, apresentado pela Julia Brazolim.<\/p>\n<p>O programa publica de 1 a 2 epis\u00f3dios por m\u00eas, e os temas s\u00e3o variados: j\u00e1 foi falado sobre o Programa Nacional de Atividades Espaciais, as atividades da Ag\u00eancia Espacial Brasileira, e at\u00e9 um Top 10 melhores filmes de fic\u00e7\u00e3o cient\u00edfica sobre o fim do mundo &#8211; mas \u00e9 claro que no feed deles tem muito mais informa\u00e7\u00e3o que isso.<\/p>\n<p>O Miss\u00e3o Exoplaneta \u00e9 um programa muito did\u00e1tico, educativo e f\u00e1cil de ouvir. Ent\u00e3o se voc\u00ea tem interesse nas estrelas, no cosmos ou em qualquer coisa referente \u00e0s ci\u00eancias do espa\u00e7o, n\u00e3o deixa de assinar o feed no seu agregador de podcast favorito, porque o podcast est\u00e1 dispon\u00edvel em todas as principais plataformas de \u00e1udio.<\/p>\n<p><a href=\"https:\/\/open.spotify.com\/show\/1bc7jcMu5aSOsZ2fVquKXA\">Link<\/a><\/p>\n<p>Eu j\u00e1 falei l\u00e1 no come\u00e7o, mas falo aqui mais uma vez: se voc\u00ea quiser anunciar a sua marca, produto ou servi\u00e7o com a gente aqui no Pod Not\u00edcias \u2013 tanto no podcast como no nosso site \u2013 e atingir um p\u00fablico qualificado que se interessa pelo podcast aqui no Brasil, manda um e-mail pro <strong>contato@podnoticias.com.br<\/strong>, que n\u00f3s vamos ter o maior prazer em conversar com voc\u00ea sobre as nossas op\u00e7\u00f5es de publicidade. E caso voc\u00ea queira colaborar com a gente com texto, sugest\u00e3o de pauta ou envio de not\u00edcias, tamb\u00e9m vai ser muito bem-vindo e pode fazer isso atrav\u00e9s do mesmo e-mail.<\/p>\n<p><span style=\"font-weight: 400;\">E assim a gente fecha esta vig\u00e9sima s\u00e9tima edi\u00e7\u00e3o do <strong>Pod Not\u00edcias<\/strong>. Acesse <a href=\"https:\/\/podnoticias.com.br\" target=\"_blank\" rel=\"noopener\"><strong>podnoticias.com.br<\/strong><\/a> para ter acesso \u00e0 \u00edntegra das not\u00edcias com todas as fontes e a transcri\u00e7\u00e3o completa do epis\u00f3dio, al\u00e9m dos artigos dos nossos colunistas e todos os links relacionados.<\/span><\/p>\n<p><span style=\"color: #23238e;\"><strong>Acompanhe o Pod Not\u00edcias diariamente:<\/strong><\/span><br \/>\n&#8211; <a href=\"https:\/\/t.me\/podnoticias\" target=\"_blank\" rel=\"noopener\">Canal p\u00fablico do Telegram<\/a><br \/>\n&#8211; <a href=\"https:\/\/www.instagram.com\/pod.noticias\/\">Instagram<\/a><br \/>\n&#8211; <a href=\"https:\/\/www.linkedin.com\/showcase\/pod-not%C3%ADcias\/\">Page do Linkedin<\/a><\/p>\n<p><span style=\"color: #23238e;\"><strong>Ou\u00e7a o Pod Not\u00edcias nos principais agregadores:<\/strong><\/span><br \/>\n&#8211; <a href=\"https:\/\/open.spotify.com\/show\/1swQFRqVxPiXUxdFAR5y4h\">Spotify<\/a><br \/>\n&#8211; <a href=\"https:\/\/podcasts.apple.com\/us\/podcast\/castnews-not%C3%ADcias-para-podcasters\/id1667164896\">Apple Podcasts<\/a><br \/>\n&#8211; <a href=\"https:\/\/www.deezer.com\/br\/show\/5671107\">Deezer<\/a><br \/>\n&#8211; <a href=\"https:\/\/music.amazon.com.br\/podcasts\/cdb06c29-e2c3-425b-8098-3be0eabc24ce\/\">Amazon Music<\/a><br \/>\n&#8211; <a href=\"https:\/\/pca.st\/mgdrc8vq\">PocketCasts<\/a><\/p>\n<p><span style=\"color: #23238e;\"><strong>O Pod Not\u00edcias \u00e9 uma produ\u00e7\u00e3o original da <a href=\"https:\/\/radiofobia.com.br\">R\u00e1diofobia Podcast e Multim\u00eddia<\/a> e publicado pela <a href=\"https:\/\/radiofobia.com.br\/podcast\">R\u00e1diofobia Podcast Network<\/a>, e conta com as colabora\u00e7\u00f5es de:<\/strong><\/span><br \/>\n&#8211; <a href=\"https:\/\/www.instagram.com\/camilanfs\/\"><strong>Camila Nogueira<\/strong> &#8211; arte<\/a><br \/>\n&#8211; <a href=\"https:\/\/www.instagram.com\/duhsierra\/\"><strong>Eduardo Sierra<\/strong> &#8211; edi\u00e7\u00e3o<\/a><br \/>\n&#8211; <a href=\"https:\/\/www.instagram.com\/lana_tavora\/\"><strong>Lana T\u00e1vora<\/strong> &#8211; pesquisa, pauta e reda\u00e7\u00e3o final<\/a><br \/>\n&#8211; <a href=\"https:\/\/leolopes.com.br\/\"><strong>Leo Lopes<\/strong> &#8211; dire\u00e7\u00e3o geral e apresenta\u00e7\u00e3o<\/a><br \/>\n&#8211; <a href=\"https:\/\/www.instagram.com\/thiagomiro\/\"><strong>Thiago Miro<\/strong> &#8211; pesquisa<\/a><\/p>\n<p><span style=\"color: #23238e;\"><strong>Publicidade:<\/strong><\/span><br \/>\n<a href=\"https:\/\/radiofobia.com.br\/contato\" target=\"_blank\" rel=\"noopener noreferrer\"><strong>Entre em contato<\/strong><\/a> e saiba como <em>anunciar sua marca, produto ou servi\u00e7o<\/em> no <strong>Pod Not\u00edcias<\/strong>.<\/p>\n","protected":false},"excerpt":{"rendered":"<p>Hoje \u00e9 segunda-feira, dia 19 de agosto de 2024 e esta \u00e9 a nossa vig\u00e9sima s\u00e9tima edi\u00e7\u00e3o!<\/p>\n","protected":false},"author":2,"featured_media":29930,"comment_status":"open","ping_status":"closed","sticky":false,"template":"","format":"standard","meta":{"footnotes":""},"categories":[3059,13],"tags":[],"class_list":["post-29929","post","type-post","status-publish","format-standard","has-post-thumbnail","hentry","category-pod-noticias","category-podcast"],"_links":{"self":[{"href":"https:\/\/radiofobia.com.br\/podcast\/wp-json\/wp\/v2\/posts\/29929","targetHints":{"allow":["GET"]}}],"collection":[{"href":"https:\/\/radiofobia.com.br\/podcast\/wp-json\/wp\/v2\/posts"}],"about":[{"href":"https:\/\/radiofobia.com.br\/podcast\/wp-json\/wp\/v2\/types\/post"}],"author":[{"embeddable":true,"href":"https:\/\/radiofobia.com.br\/podcast\/wp-json\/wp\/v2\/users\/2"}],"replies":[{"embeddable":true,"href":"https:\/\/radiofobia.com.br\/podcast\/wp-json\/wp\/v2\/comments?post=29929"}],"version-history":[{"count":1,"href":"https:\/\/radiofobia.com.br\/podcast\/wp-json\/wp\/v2\/posts\/29929\/revisions"}],"predecessor-version":[{"id":29931,"href":"https:\/\/radiofobia.com.br\/podcast\/wp-json\/wp\/v2\/posts\/29929\/revisions\/29931"}],"wp:featuredmedia":[{"embeddable":true,"href":"https:\/\/radiofobia.com.br\/podcast\/wp-json\/wp\/v2\/media\/29930"}],"wp:attachment":[{"href":"https:\/\/radiofobia.com.br\/podcast\/wp-json\/wp\/v2\/media?parent=29929"}],"wp:term":[{"taxonomy":"category","embeddable":true,"href":"https:\/\/radiofobia.com.br\/podcast\/wp-json\/wp\/v2\/categories?post=29929"},{"taxonomy":"post_tag","embeddable":true,"href":"https:\/\/radiofobia.com.br\/podcast\/wp-json\/wp\/v2\/tags?post=29929"}],"curies":[{"name":"wp","href":"https:\/\/api.w.org\/{rel}","templated":true}]}}