{"id":29995,"date":"2024-09-10T10:00:33","date_gmt":"2024-09-10T13:00:33","guid":{"rendered":"https:\/\/radiofobia.com.br\/podcast\/?p=29995"},"modified":"2024-09-09T14:52:27","modified_gmt":"2024-09-09T17:52:27","slug":"voz-off-085-beto-hora","status":"publish","type":"post","link":"https:\/\/radiofobia.com.br\/podcast\/2024\/09\/voz-off-085-beto-hora\/","title":{"rendered":"VOZ OFF 085 &#8211; Beto Hora"},"content":{"rendered":"<p><iframe title=\"VOZ 0FF 085 - Beto Hora\" src=\"https:\/\/omny.fm\/shows\/voz-off\/voz-0ff-085-beto-hora\/embed\" width=\"100%\" height=\"180\" frameborder=\"0\"><\/iframe><\/p>\n<p><em><strong>Sauda\u00e7\u00f5es, ouvintes apaixonados por locu\u00e7\u00e3o. Est\u00e1 NO AR o\u00a0<\/strong><\/em><em><strong>85\u00ba podcast VOZ OFF!<\/strong><\/em><\/p>\n<p>Neste epis\u00f3dio<span style=\"color: #666666;\">, <strong><a href=\"https:\/\/twitter.com\/antonioviviani\" target=\"_blank\" rel=\"noopener noreferrer\" data-saferedirecturl=\"https:\/\/www.google.com\/url?q=https:\/\/twitter.com\/antonioviviani&amp;source=gmail&amp;ust=1547142011247000&amp;usg=AFQjCNGZ8kg3VQj-BI_K7dDR21HNmPxEOA\">Ant\u00f4nio Viviani<\/a>\u00a0<\/strong>e\u00a0<strong><a href=\"https:\/\/twitter.com\/nicolalauletta\" target=\"_blank\" rel=\"noopener noreferrer\" data-saferedirecturl=\"https:\/\/www.google.com\/url?q=https:\/\/twitter.com\/nicolalauletta&amp;source=gmail&amp;ust=1547142011247000&amp;usg=AFQjCNEexDjV314C4BXxGZ5bnNDyXJ1YVg\">Nicola Lauletta<\/a> <\/strong><\/span>conversam com mais uma grande voz do r\u00e1dio e da publicidade!<\/p>\n<p>Nascido em S\u00e3o Paulo &#8211; Capital, desde pequeno foi morar na Zona Leste onde fez muitos amigos que mant\u00e9m at\u00e9 hoje, e deu os primeiros passos na \u00e1rea da publicidade que havia despertado nele grande interesse.<\/p>\n<p>Mudou-se para Itanha\u00e9m, na Baixada Santista, porque era bem vi\u00e1vel economicamente quando entrou na faculdade de propaganda em Santos, e para ganhar a vida montou uma f\u00e1brica de blocos de concreto, que encerrou as atividades no Plano Collor.<\/p>\n<p>Como ele mesmo fala, sempre foi um grande bagunceiro, sempre brincou com amigos, imitando, fazendo goza\u00e7\u00f5es e por gostar de r\u00e1dio e humor, resolveu tentar a sorte voltando para S\u00e3o Paulo e procurando coloca\u00e7\u00e3o em alguma r\u00e1dio.<\/p>\n<p>Por meio de contatos com amigos acabou por trabalhar na Jovem Pan com o diretor da r\u00e1dio &#8211; o Tutinha &#8211; o auxiliando no Programa Djalma Jorge, o seu programa de humor. Depois, j\u00e1 mais experiente, foi para a Metropolitana FM onde conseguiu se desenvolver ainda mais no humor.<\/p>\n<p>Por meio de amigos, e por sua grande capacidade de criar tipos, vozes especiais e imita\u00e7\u00f5es, come\u00e7ou a fazer muitas propagandas e deu t\u00e3o certo que se viu obrigado a deixar a r\u00e1dio.<\/p>\n<p>Ao ser convidado para fazer um show de humor numa conven\u00e7\u00e3o empresarial, conheceu seu grande parceiro nessa atividade, o saudoso Alaor Coutinho, e formou uma dupla de muito sucesso, que al\u00e9m das empresas, era constantemente convidada para se apresentar na televis\u00e3o, tendo participado de in\u00fameros programas de apresentadores famosos.<\/p>\n<p>Quem vai nos contar essa hist\u00f3ria de sucesso \u00e9 o grande <strong>Beto Hora<\/strong>!<\/p>\n<p>A conversa aconteceu em <strong>15 de agosto de 2024<\/strong> e voc\u00ea vai saber que sua fama de grande imitador se espalhou rapidamente no meio publicit\u00e1rio, at\u00e9 que foi convidado pelo L\u00e9lio Teixeira para voltar ao r\u00e1dio num programa de futebol e humor: o Na Geral, que est\u00e1 no ar entre idas e vindas h\u00e1 mais de 20 anos, sempre fazendo muito sucesso!<\/p>\n<p>Com a gente, e pra voc\u00eas: <strong>BETO HORA<\/strong>!<\/p>\n<p><strong style=\"color: #990000;\">Para seguir nas redes sociais:<\/strong><br \/>\n&#8211; <a href=\"https:\/\/www.facebook.com\/podcastvozoff\/\" target=\"_blank\" rel=\"noopener noreferrer\">Curta a p\u00e1gina do podcast <strong>Voz Off<\/strong> no Facebook<\/a><br \/>\n&#8211; <a href=\"https:\/\/twitter.com\/podcastvozoff\" target=\"_blank\" rel=\"noopener noreferrer\">Siga o <strong>@podcastvozoff<\/strong> no Twitter<\/a><br \/>\n&#8211; <a href=\"https:\/\/www.facebook.com\/antoniovivianilocutor\/\" target=\"_blank\" rel=\"noopener noreferrer\">Curta a p\u00e1gina do <strong>Antonio Viviani<\/strong> no Facebook<\/a><br \/>\n&#8211; <a href=\"https:\/\/twitter.com\/antonioviviani\" target=\"_blank\" rel=\"noopener noreferrer\">Siga o <strong>@antonioviviani<\/strong> no Twitter<\/a><br \/>\n&#8211; <a href=\"https:\/\/www.instagram.com\/antonio.viviani\/\" target=\"_blank\" rel=\"noopener noreferrer\">Siga o <strong>@antonio.viviani<\/strong> no Instagram<\/a><br \/>\n&#8211; <a href=\"https:\/\/twitter.com\/nicolalauletta\" target=\"_blank\" rel=\"noopener noreferrer\">Siga o <strong>@nicolalauletta<\/strong> no Twitter<\/a><br \/>\n&#8211; <a href=\"https:\/\/www.facebook.com\/EchosStudios\" target=\"_blank\" rel=\"noopener noreferrer\">Curta a p\u00e1gina do <strong>Echo&#8217;s Studio<\/strong> no Facebook<\/a><br \/>\n&#8211; <a href=\"https:\/\/www.facebook.com\/vozaobra\/\" target=\"_blank\" rel=\"noopener noreferrer\">Curta a p\u00e1gina do <strong>Workshop de Locu\u00e7\u00e3o Voz A Obra<\/strong>\u00a0no Facebook<\/a><br \/>\n&#8211; <a href=\"http:\/\/leolop.es\/textosentido\" target=\"_blank\" rel=\"noopener noreferrer\">Ou\u00e7a tamb\u00e9m o podcast <strong>TEXTO SENTIDO<\/strong> com Ant\u00f4nio Viviani<\/a><\/p>\n<p><strong style=\"color: #990000;\">Assine o FEED do Voz Off:<\/strong><br \/>\nPara ouvir o Voz Off no seu agregador de podcasts preferido, <a href=\"http:\/\/leolop.es\/feedvozoff\" target=\"_blank\" rel=\"noopener noreferrer\"><strong>clique aqui e assine o nosso FEED<\/strong><\/a>!<\/p>\n<p><strong style=\"color: #990000;\">Assine e avalie nosso podcast no iTunes:<\/strong><br \/>\nSe voc\u00ea usa o<strong> iTunes<\/strong> no seu computador, tablet ou smartphone, <a href=\"https:\/\/itunes.apple.com\/us\/podcast\/id1252595385\" target=\"_blank\" rel=\"noopener noreferrer\"><strong>assine e avalie nosso podcast clicando aqui<\/strong><\/a>!<\/p>\n<p><strong style=\"color: #990000;\">Voz Off no Spotify:<\/strong><br \/>\nCaso prefira ouvir o <strong>Voz Off <\/strong>no<strong> Spotify<\/strong>, <a href=\"https:\/\/open.spotify.com\/show\/16gSvztELYfMu42Vu22gug?si=UW6_DO3bQwaYUt4aNjb4TQ\" target=\"_blank\" rel=\"noopener noreferrer\"><strong>\u00e9 s\u00f3 clicar aqui e assinar o nosso podcast no servi\u00e7o de streaming<\/strong><\/a>!<\/p>\n<p><span style=\"color: #990000;\"><strong>E-mails:<\/strong><\/span><br \/>\nMande seu feedback pra gente atrav\u00e9s do e-mail\u00a0<a href=\"mailto:podcastvozoff@gmail.com\"><strong>podcastvozoff@gmail.com<\/strong><\/a>!<\/p>\n<p><span style=\"color: #990000;\"><strong>Publicidade:<\/strong><\/span><br \/>\n<a href=\"http:\/\/leolop.es\/rfcontato\" target=\"_blank\" rel=\"noopener noreferrer\"><strong>Entre em contato<\/strong><\/a> e saiba como <em>anunciar sua marca, produto ou servi\u00e7o em nossos podcasts<\/em>.<\/p>\n","protected":false},"excerpt":{"rendered":"<p>Ant\u00f4nio Viviani\u00a0e\u00a0Nicola Lauletta conversam com mais uma grande voz do r\u00e1dio e da publicidade: o locutor e imitador Beto Hora!<\/p>\n","protected":false},"author":2,"featured_media":29996,"comment_status":"open","ping_status":"closed","sticky":false,"template":"","format":"standard","meta":{"footnotes":""},"categories":[13,1220],"tags":[],"class_list":["post-29995","post","type-post","status-publish","format-standard","has-post-thumbnail","hentry","category-podcast","category-vozoff"],"_links":{"self":[{"href":"https:\/\/radiofobia.com.br\/podcast\/wp-json\/wp\/v2\/posts\/29995","targetHints":{"allow":["GET"]}}],"collection":[{"href":"https:\/\/radiofobia.com.br\/podcast\/wp-json\/wp\/v2\/posts"}],"about":[{"href":"https:\/\/radiofobia.com.br\/podcast\/wp-json\/wp\/v2\/types\/post"}],"author":[{"embeddable":true,"href":"https:\/\/radiofobia.com.br\/podcast\/wp-json\/wp\/v2\/users\/2"}],"replies":[{"embeddable":true,"href":"https:\/\/radiofobia.com.br\/podcast\/wp-json\/wp\/v2\/comments?post=29995"}],"version-history":[{"count":2,"href":"https:\/\/radiofobia.com.br\/podcast\/wp-json\/wp\/v2\/posts\/29995\/revisions"}],"predecessor-version":[{"id":29998,"href":"https:\/\/radiofobia.com.br\/podcast\/wp-json\/wp\/v2\/posts\/29995\/revisions\/29998"}],"wp:featuredmedia":[{"embeddable":true,"href":"https:\/\/radiofobia.com.br\/podcast\/wp-json\/wp\/v2\/media\/29996"}],"wp:attachment":[{"href":"https:\/\/radiofobia.com.br\/podcast\/wp-json\/wp\/v2\/media?parent=29995"}],"wp:term":[{"taxonomy":"category","embeddable":true,"href":"https:\/\/radiofobia.com.br\/podcast\/wp-json\/wp\/v2\/categories?post=29995"},{"taxonomy":"post_tag","embeddable":true,"href":"https:\/\/radiofobia.com.br\/podcast\/wp-json\/wp\/v2\/tags?post=29995"}],"curies":[{"name":"wp","href":"https:\/\/api.w.org\/{rel}","templated":true}]}}