{"id":30023,"date":"2024-09-30T07:00:52","date_gmt":"2024-09-30T10:00:52","guid":{"rendered":"https:\/\/radiofobia.com.br\/podcast\/?p=30023"},"modified":"2024-09-27T15:13:51","modified_gmt":"2024-09-27T18:13:51","slug":"pod-noticias-33-contagem-regressiva-para-os-20-anos-de-podcast-no-brasil","status":"publish","type":"post","link":"https:\/\/radiofobia.com.br\/podcast\/2024\/09\/pod-noticias-33-contagem-regressiva-para-os-20-anos-de-podcast-no-brasil\/","title":{"rendered":"Pod Not\u00edcias 33 &#8211; Contagem regressiva para os 20 anos de podcast no Brasil"},"content":{"rendered":"<p><iframe title=\"Pod Not\u00edcias 33 - Contagem regressiva para os 20 anos de podcast no Brasil\" src=\"https:\/\/omny.fm\/shows\/podnoticias\/pod-not-cias-33-contagem-regressiva-para-os-20-ano\/embed\" width=\"100%\" height=\"180\" frameborder=\"0\" data-mce-fragment=\"1\"><\/iframe><\/p>\n<p><span style=\"color: #23238e;\"><strong>Ol\u00e1, eu sou <a href=\"https:\/\/leolopes.com.br\" target=\"_blank\" rel=\"noopener\">Leo Lopes<\/a> e est\u00e1 no ar o POD NOT\u00cdCIAS, o podcast semanal que traz at\u00e9 voc\u00ea um resumo de tudo que acontece de mais importante no mercado de podcasts no Brasil e no mundo!<\/strong><\/span><\/p>\n<p><span style=\"color: #23238e;\"><strong>Hoje \u00e9 segunda-feira, dia 30 de setembro de 2024 e esta \u00e9 a nossa trig\u00e9sima terceira edi\u00e7\u00e3o!<\/strong><\/span><\/p>\n<p>Este epis\u00f3dio conta com o apoio da <a href=\"https:\/\/www.contentacademy.com.br\/\"><strong>CONTENT ACADEMY<\/strong><\/a>, uma plataforma de cursos online voltada para quem quer trabalhar com cria\u00e7\u00e3o de conte\u00fado que tem na plataforma cursos como <strong>True Crime com o Ivan Mizanzuk, <\/strong><strong>Webjornalismo independente com Alvaro e Ana do Meteoro Brasil<\/strong>, <strong>Storytelling com o Kenji do Normose<\/strong>, <strong>Edi\u00e7\u00e3o de v\u00eddeo para Youtube com o Will do Jogatina Maneira<\/strong>, o meu curso <a href=\"https:\/\/leolop.es\/novocurso\" target=\"_blank\" rel=\"noopener\"><strong>Podcast para todos<\/strong> (que t\u00e1 com uma mega promo\u00e7\u00e3o por tempo limitado)<\/a> e mais um monte de cursos incr\u00edveis que voc\u00ea acessa em <a href=\"https:\/\/www.contentacademy.com.br\/\"><strong>contentacademy.com.br<\/strong><\/a>!<\/p>\n<p>O Pod Not\u00edcias tamb\u00e9m conta com o apoio da <a href=\"http:\/\/leolop.es\/hostgator\"><strong>HostGator<\/strong><\/a>, um dos melhores servi\u00e7os de hospedagem do mundo, onde n\u00f3s hospedamos o nosso site e que d\u00e1 para o nosso ouvinte a partir de 69 at\u00e9 74% de desconto em planos de hospedagem, al\u00e9m de contar gratuitamente com a rede global da CDN Cloudflare, que tem benef\u00edcios insuper\u00e1veis e podem ser ativados em um clique nos planos de hospedagem da HostGator. Garanta j\u00e1 seu desconto acessando <a href=\"https:\/\/podnoticias.com.br\"><strong>podnoticias.com.br<\/strong><\/a> e clicando no banner que fica no rodap\u00e9 da p\u00e1gina ou em qualquer postagem individual.<\/p>\n<p>1 &#8211; Hoje, dia 30 de setembro, \u00e9 celebrado o <em>International Podcast Day,<\/em> o Dia Internacional do Podcast. Essa data foi criada em 2014 como Podcast Day nos Estados Unidos por uma iniciativa de Steve Lee, do Netcast Studio. Em 2014 o Nedcast Studio tinha apenas um ano de exist\u00eancia mas j\u00e1 havia ganhado proje\u00e7\u00e3o global, impulsionado pelo apoio de podcasters de diferentes pa\u00edses. Apesar da relev\u00e2ncia, n\u00e3o havia uma justificativa clara para a escolha do 30 de setembro, que acabou se tornando uma data simb\u00f3lica para a m\u00eddia mundial.<\/p>\n<p>Aqui no Brasil muita gente celebra o dia 30 de setembro, mas voc\u00ea sabia que n\u00f3s temos aqui o <strong>NOSSO Dia do Podcast<\/strong>, que \u00e9 celebrado no dia <strong>21 de Outubro<\/strong>? E que diferente dos americanos, n\u00f3s temos uma excelente justificativa pra escolha dessa data como sendo o dia do podcast nacional, pois foi nesse dia em 2004 que foi publicado o primeiro epis\u00f3dio do primeiro podcast do Brasil, o Digital Minds do Danilo Medeiros?<\/p>\n<p>Pra contar a hist\u00f3ria por tr\u00e1s da escolha dessa data, nosso amigo <strong>Thiago Miro<\/strong> (que a partir desta edi\u00e7\u00e3o passa a ser tamb\u00e9m um colunista do Pod Not\u00edcias, al\u00e9m do trabalho na pesquisa, pauta e reda\u00e7\u00e3o) escreveu um artigo explicando como foi que n\u00f3s &#8211; e eu digo n\u00f3s porque eu tamb\u00e9m tive a minha parcela de participa\u00e7\u00e3o na escolha dessa data &#8211; discutimos o assunto entre os participantes mais ativos da podosfera em 2014 e batemos o martelo talvez na \u00fanica decis\u00e3o un\u00e2nime que os podcasters brasileiros tenham tomado at\u00e9 hoje em 20 anos&#8230;<\/p>\n<p>A partir de amanh\u00e3 come\u00e7a nossa contagem regressiva de 20 dias para celebrar os 20 anos de podcast no Brasil, e pra voc\u00ea conhecer essa hist\u00f3ria em detalhes, o link para o artigo do Miro est\u00e1 l\u00e1 na postagem deste epis\u00f3dio!<\/p>\n<p><a href=\"https:\/\/podnoticias.com.br\/a-origem-do-dia-do-podcast-brasileiro-a-historia-por-tras-da-escolha-do-21-de-outubro\/\">Link<\/a><\/p>\n<p>2 &#8211; O Spotify anunciou recentemente a introdu\u00e7\u00e3o de novas ferramentas anal\u00edticas para podcasters. Com o objetivo de melhorar a compreens\u00e3o sobre como os programas s\u00e3o descobertos e consumidos na plataforma, a principal novidade \u00e9 a visualiza\u00e7\u00e3o da jornada do p\u00fablico, que permite aos criadores conectar os pontos entre a descoberta e o consumo de seus conte\u00fados.<\/p>\n<p>Essa ferramenta se baseia nas an\u00e1lises de impress\u00f5es j\u00e1 existentes, mostrando n\u00e3o apenas onde os ouvintes encontram os programas, mas tamb\u00e9m quantas dessas impress\u00f5es se convertem em streams.<\/p>\n<p>Para aumentar o alcance e as impress\u00f5es, a Spotify sugere otimizar o SEO dos epis\u00f3dios, acompanhar tend\u00eancias e eventos relevantes, e investir em colabora\u00e7\u00f5es e promo\u00e7\u00f5es cruzadas com outros podcasters. Al\u00e9m disso, a empresa recomenda compartilhar links dos programas em outras plataformas e incentivar os ouvintes a seguir os programas no Spotify, o que pode aumentar significativamente a visibilidade e o engajamento.<\/p>\n<p>Segundo o Spotify, essa funcionalidade estar\u00e1 dispon\u00edvel nas pr\u00f3ximas semanas para todos os criadores, independentemente de onde hospedam seus programas.<\/p>\n<p><a href=\"https:\/\/podnoticias.com.br\/spotify-introduz-novas-metricas-de-conversao-para-podcasters\/\">Link<\/a><\/p>\n<p><span style=\"color: #23238e;\"><strong>AINDA EM NOT\u00cdCIAS DA SEMANA:<\/strong><\/span><\/p>\n<p>3 &#8211; A marca brasileira Oldbox Ribbon, criada pelo m\u00fasico e produtor Felipe Mafra, \u00e9 uma empresa especializada em microfones de fita feitos artesanalmente, um diferencial que tem conquistado produtores em todo o Brasil. Desde a cria\u00e7\u00e3o dos transformadores at\u00e9 a instala\u00e7\u00e3o manual das fitas, cada microfone \u00e9 produzido com a aten\u00e7\u00e3o e o carinho do pr\u00f3prio Felipe.<\/p>\n<p>A tecnologia dos microfones de fita &#8211; <em>ribbon microphones<\/em> em ingl\u00eas &#8211; foi desenvolvida pelos doutores Walter H. Schottky e Dr. Erwin Gerlach na Telefunken da Alemanha no come\u00e7o dos anos 1920, e foram muito usados entre as d\u00e9cadas de 1930 e 1950. O som natural gerado por esse tipo de microfone, principalmente pra voz, \u00e9 apreciado por muitos profissionais e locutores &#8211; eu, inclusive!<\/p>\n<p>Pois o Felipe anunciou a produ\u00e7\u00e3o de seu pr\u00f3prio podcast, com estreia prevista para breve, que ser\u00e1 gravado &#8211; \u00e9 claro &#8211; usando os microfones da sua marca. Durante o v\u00eddeo de an\u00fancio, o Mafra demonstrou a qualidade de som do microfone Oldbox Ativo, enfatizando sua performance impec\u00e1vel para grava\u00e7\u00f5es de voz e narra\u00e7\u00f5es, especialmente para podcasts. Ele explicou que o som gravado durante o v\u00eddeo n\u00e3o sofreu qualquer tipo de processamento, oferecendo aos ouvintes uma amostra real da qualidade ac\u00fastica do equipamento.<\/p>\n<p>O podcast, que contar\u00e1 com o microfone Oldbox RIbbon Ativo tanto para o apresentador quanto para os convidados, ser\u00e1 transmitido pelos canais da marca. Felipe tamb\u00e9m adiantou que mais novidades sobre o projeto est\u00e3o por vir, deixando os seguidores como eu ansiosos pelo lan\u00e7amento.<\/p>\n<p><a href=\"https:\/\/podnoticias.com.br\/oldbox-ribbon-anuncia-lancamento-de-podcast-oficial-com-foco-em-qualidade-de-audio\/\">Link<\/a><\/p>\n<p><span style=\"color: #23238e;\"><strong>E MAIS:<\/strong><\/span><\/p>\n<p>4 &#8211; Esta semana a gente publicou no nosso portal de not\u00edcias algumas mat\u00e9rias relacionadas ao segmento do podcast corporativo, que tem crescido muito ano ap\u00f3s ano. Na edi\u00e7\u00e3o de hoje n\u00f3s destacamos duas dessas mat\u00e9rias.<\/p>\n<p>Voc\u00ea sabe que a sigla B2B &#8211; que significa <em>&#8220;business to business&#8221;<\/em> &#8211; se refere a neg\u00f3cios em que o cliente final de uma empresa \u00e9 uma outra empresa e n\u00e3o uma pessoa f\u00edsica (que \u00e9 o modelo B2C, ou <em>&#8220;business to consumer&#8221;<\/em>). Na primeira mat\u00e9ria, n\u00f3s traduzimos um artigo do Nilay Parikh no Linkedin, que destaca que os podcasts B2B se consolidaram como uma ferramenta poderosa no arsenal de marketing das empresas em 2024. Com a capacidade \u00fanica de construir relacionamentos, estabelecer autoridade e oferecer um conte\u00fado valioso, eles rapidamente se tornaram indispens\u00e1veis nas estrat\u00e9gias de marketing atuais.<\/p>\n<p>O Nilay destaca tamb\u00e9m quarto fortes motivos pra sua empresa investir em podcasts B2B: engajamento aut\u00eantico, autoridade de segmento, reaproveitamento de conte\u00fado e segmenta\u00e7\u00e3o de nicho. Os detalhes sobre cada um desses motivos voc\u00ea confere l\u00e1 no nosso portal, o link direto est\u00e1 na descri\u00e7\u00e3o do epis\u00f3dio.<\/p>\n<p><a href=\"https:\/\/podnoticias.com.br\/a-ascensao-dos-podcasts-b2b-em-2024-essenciais-para-o-marketing-moderno\/\">Link<\/a><\/p>\n<p>5 &#8211; A segunda mat\u00e9ria \u00e9 uma an\u00e1lise sobre as vantagens da produ\u00e7\u00e3o pr\u00f3pria do seu podcast (ou <em>&#8220;in house&#8221;<\/em>, no caso de empresas) versus a contrata\u00e7\u00e3o de uma empresa ou profissional especializado pra auxiliar ou mesmo produzir tudo pra voc\u00ea.<\/p>\n<p>Ambas escolhas tem vantagens e desvantagens, e \u00e9 claro que eu vou resumir aqui pra voc\u00ea, mas tem muito mais na mat\u00e9ria completa do site, isso voc\u00ea j\u00e1 sabe, certo?<\/p>\n<p>A produ\u00e7\u00e3o pr\u00f3pria (ou <em>Do It Yourself<\/em>) traz como vantagens o custo reduzido e a autonomia, e como desvantagens o alto consumo de tempo, investimento em hardware e software e a qualidade inferior ao servi\u00e7o profissional.<\/p>\n<p>Inversamente, a contrata\u00e7\u00e3o de produ\u00e7\u00e3o profissional traz como vantagens uma qualidade profissional, menos estresse e economia de tempo, e como desvantagens unicamente o custo.<\/p>\n<p>Assim, se a sua empresa est\u00e1 disposta a investir parte do or\u00e7amento para produzir um conte\u00fado dentro dos melhores padr\u00f5es de qualidade do mercado, contratar um servi\u00e7o especializado \u00e9 sem sombra de d\u00favidas a melhor op\u00e7\u00e3o. E se esse for o seu caso, pode entrar em contato comigo atrav\u00e9s do link <a href=\"https:\/\/radiofobia.com.br\/contato\"><strong>https:\/\/radiofobia.com.br\/contato<\/strong><\/a> que eu mesmo vou lhe atender e n\u00f3s vamos montar um projeto de alto padr\u00e3o, com uma qualidade que h\u00e1 12 anos \u00e9 considerada refer\u00eancia no mercado nacional de produ\u00e7\u00e3o de podcasts!<\/p>\n<p><a href=\"https:\/\/podnoticias.com.br\/produzir-um-podcast-voce-mesmo-ou-contratar-uma-empresa-especializada\/\">Link<\/a><\/p>\n<p>6 &#8211; Outro artigo extremamente relevante que n\u00f3s preparamos esta semana foi destacando por que marca registrada e direitos autorais importam para podcasters.<\/p>\n<p>O podcasting \u00e9 mais do que apenas apertar o bot\u00e3o de grava\u00e7\u00e3o, \u00e9 sobre construir uma marca, criar conte\u00fado original e conectar-se com seu p\u00fablico. Mas \u00e0 medida que a ind\u00fastria de podcasting cresce, tamb\u00e9m aumentam os riscos de uso indevido da marca, roubo de conte\u00fado e disputas legais. Muitos podcasters se concentram em aumentar seu p\u00fablico, mas negligenciam os passos cr\u00edticos para proteger sua propriedade intelectual. As marcas registradas e os direitos autorais s\u00e3o ferramentas legais essenciais que todo podcaster deve usar para proteger seu trabalho e sua marca.<\/p>\n<p>No artigo voc\u00ea vai entender a rela\u00e7\u00e3o entre marca registrada e direito autoral, conhecer algumas armadilhas legais perigosas pra podcasters, al\u00e9m de entender por que voc\u00ea precisa de orienta\u00e7\u00e3o legal pra proteger o futuro do seu podcast. O link para o artigo completo, \u00e9 claro, est\u00e1 na descri\u00e7\u00e3o do epis\u00f3dio.<\/p>\n<p><a href=\"https:\/\/podnoticias.com.br\/por-que-marca-registrada-e-direitos-autorais-importam-para-podcasters\/\">Link<\/a><\/p>\n<p><span style=\"color: #23238e;\"><strong>HOJE NO GIRO SOBRE PESSOAS QUE FAZEM A M\u00cdDIA:<\/strong><\/span><\/p>\n<p>7 &#8211; Estreou semana passada o novo podcast investigativo da Globo intitulado &#8220;Opera\u00e7\u00e3o Prato&#8221;, que revisita o fen\u00f4meno conhecido como &#8220;chupa-chupa&#8221;, ocorrido em 1977 na cidade de Colares, Par\u00e1. Este fen\u00f4meno \u00e9 considerado o maior caso ufol\u00f3gico da hist\u00f3ria do Brasil, que envolveu avistamentos de objetos luminosos no c\u00e9u e relatos de ataques de luz que resultaram em queimaduras, paralisia, anemia e transtornos psicol\u00f3gicos nos moradores da regi\u00e3o. Esse fen\u00f4meno chamou a aten\u00e7\u00e3o nacional durante o per\u00edodo da ditadura militar e da Guerra Fria, e levou a For\u00e7a A\u00e9rea Brasileira a investigar os objetos voadores n\u00e3o identificados.<\/p>\n<p>&#8220;Opera\u00e7\u00e3o Prato&#8221; busca explorar as diversas teorias da conspira\u00e7\u00e3o que cercam o fen\u00f4meno at\u00e9 hoje, \u00e9 idealizado e apresentado pelo Andrei Fernandes e conta com dire\u00e7\u00e3o do Ivan Mizanzuk. Com produ\u00e7\u00e3o da Paratopia, o podcast ter\u00e1 dez epis\u00f3dios lan\u00e7ados semanalmente \u00e0s ter\u00e7as-feiras e est\u00e1 dispon\u00edvel gratuitamente na <a href=\"https:\/\/globo.com\/podcasts\"><strong>globo.com\/podcasts<\/strong><\/a> e nas principais plataformas de \u00e1udio.<\/p>\n<p><a href=\"https:\/\/podnoticias.com.br\/podcast-operacao-prato-explora-o-fenomeno-chupa-chupa\/\">Link<\/a><\/p>\n<p><strong><span style=\"color: #23238e;\">SOBRE LAN\u00c7AMENTOS:<\/span><\/strong><\/p>\n<p>8 &#8211; A RODE ampliou o seu portf\u00f3lio de consoles semana passada com o lan\u00e7amento do Rodecaster Video, um novo produto que promete transformar a maneira como criadores de conte\u00fado produzem v\u00eddeos, oferecendo funcionalidades profissionais em um dispositivo de mesa acess\u00edvel.<\/p>\n<p>Equipado com um poderoso processador de 8 n\u00facleos, o Rodecaster Video permite a troca entre at\u00e9 seis feeds de v\u00eddeo, com acesso r\u00e1pido a sete cenas personaliz\u00e1veis. Na parte traseira, o dispositivo conta com quatro entradas HDMI 1080p com conversor autom\u00e1tico de taxa de quadros, al\u00e9m de duas sa\u00eddas HDMI para monitoramento. O dispositivo tamb\u00e9m possui portas USB-C para conectar dispositivos de \u00e1udio da RODE e webcams, al\u00e9m de entradas XLR para microfones.<\/p>\n<p>Este lan\u00e7amento da RODE vem brigar com consoles da Roland e da Blackmagic, por exemplo, e promete democratizar o acesso a ferramentas profissionais e impulsionar ainda mais a criatividade e inova\u00e7\u00e3o no mercado de cria\u00e7\u00e3o de conte\u00fado, como j\u00e1 acontece na produ\u00e7\u00e3o de \u00e1udio com a Rodecaster Pro II.<\/p>\n<p>O Rodecaster Video j\u00e1 est\u00e1 dispon\u00edvel para compra, com um pre\u00e7o de lan\u00e7amento de $1.199!<\/p>\n<p><a href=\"https:\/\/podnoticias.com.br\/rodecaster-video-uma-revolucao-portatil-para-criadores-de-conteudo\/\">Link<\/a><\/p>\n<p>9 &#8211; \u00a0Estreou semana passada o podcast &#8220;Exaustas&#8221;, apresentado pelas atrizes e amigas Samara Felippo, Carolinie Figueiredo e Giselle Iti\u00e9. O podcast nasceu das lives semanais que as tr\u00eas amigas realizavam no Instagram entre 2021 e 2022, onde discutiam quest\u00f5es pessoais e sociais e se conectavam profundamente com seu p\u00fablico.<\/p>\n<p>O primeiro epis\u00f3dio do podcast publicado na \u00faltima quinta (26) tratou do sentimento de exaust\u00e3o e como ele se manifesta em cada uma das apresentadoras. Durante as discuss\u00f5es, elas v\u00e3o compartilhar experi\u00eancias pessoais, incluindo traumas, relacionamentos passados, luto, machismo e a objetifica\u00e7\u00e3o das mulheres, abordando temas como fam\u00edlia, maternidade, trabalho e sociedade.<\/p>\n<p>&#8216;Exaustas&#8217; \u00e9 um videocast original da Wondery, que \u00e9 o est\u00fadio de podcasts da Amazon, e j\u00e1 est\u00e1 dispon\u00edvel em todas as plataformas de streaming de \u00e1udio e no canal do YouTube da Wondery, com novos epis\u00f3dios lan\u00e7ados semanalmente \u00e0s quintas-feiras, \u00e0s 20h.<\/p>\n<p><a href=\"https:\/\/podnoticias.com.br\/samara-felippo-carolinie-figueiredo-e-giselle-itie-lancam-podcast-exaustas\/\">Link<\/a><\/p>\n<p><strong><span style=\"color: #23238e;\">RECOMENDA\u00c7\u00c3O NACIONAL:<\/span><\/strong><\/p>\n<p>10 &#8211; Voc\u00ea aperta o PLAY e logo de cara come\u00e7a a ouvir uma trilha que mistura sons do espa\u00e7o, fic\u00e7\u00e3o e um pouco de psicodelia.<\/p>\n<p>Depois de uma breve apresenta\u00e7\u00e3o voc\u00ea descobre que seu apresentador \u00e9 ningu\u00e9m menos que <strong>Ovnilton Roswelligton<\/strong>, pesquisador da hist\u00f3ria alien\u00edgena brasileira formado na UFO (que apesar do nome n\u00e3o tem nada a ver com ufologia, sendo a sigla de Universidade Federal de Olinda mesmo&#8230;). \u00c9 ele que, com sua voz anasalada e direto do C.U. (o Centro Ufol\u00f3gico de Varginha), ir\u00e1 lhe acompanhar ao longo dessa jornada, enquanto busca desvendar os mist\u00e9rios da <strong>U.A.I. &#8211; Unidade de Assist\u00eancia Intergal\u00e1ctica.<\/strong><\/p>\n<p>O formato do podcast se inspira em \u201cO Guia do Mochileiro das Gal\u00e1xias\u201d e mostra um esp\u00edrito bem humorado e irreverente ao misturar o imagin\u00e1rio brasileiro com um dos temas mais fortes do momento: a ufologia! Tudo isso com um impag\u00e1vel sotaque mineiro!<\/p>\n<p>O podcast conta com as vozes originais de profissionais como Jussara Marques, Diego Marques e Dl\u00e1igelles Silva e com a produ\u00e7\u00e3o de Bruno Luvizotto, Jo\u00e3o Bley e Pedro Penna, da Belel\u00e9u N\u00facleo Criativo.<\/p>\n<p>U.A.I. estreou dia 21 de setembro e j\u00e1 est\u00e1 dispon\u00edvel nas principais plataformas de \u00e1udio e tamb\u00e9m no YouTube.<\/p>\n<p><a href=\"https:\/\/podnoticias.com.br\/gosta-de-humor-mineires-e-ufologia-entao-ouve-esse-podcast-u-a-i\/\">Link<\/a><\/p>\n<p>E se voc\u00ea, assim como a <a href=\"http:\/\/leolop.es\/hostgator\"><strong>HostGator<\/strong><\/a> e a <strong><a href=\"https:\/\/www.contentacademy.com.br\/\">Content Academy<\/a><\/strong>, quiser anunciar a sua marca, produto ou servi\u00e7o com a gente aqui no Pod Not\u00edcias \u2013 tanto no podcast como no nosso site \u2013 e atingir um p\u00fablico qualificado que se interessa pelo podcast aqui no Brasil, manda um e-mail pro <strong>contato@podnoticias.com.br<\/strong>, que n\u00f3s vamos ter o maior prazer em conversar com voc\u00ea sobre as nossas op\u00e7\u00f5es de publicidade. E caso voc\u00ea queira colaborar com o Pod Not\u00edcias com texto, sugest\u00e3o de pauta ou envio de not\u00edcias, tamb\u00e9m vai ser muito bem-vindo e pode fazer isso atrav\u00e9s do mesmo e-mail.<\/p>\n<p><span style=\"font-weight: 400;\">E assim a gente fecha esta trig\u00e9sima terceira edi\u00e7\u00e3o do <strong>Pod Not\u00edcias<\/strong>. Acesse <a href=\"https:\/\/podnoticias.com.br\" target=\"_blank\" rel=\"noopener\"><strong>podnoticias.com.br<\/strong><\/a> para ter acesso \u00e0 \u00edntegra das not\u00edcias com todas as fontes e a transcri\u00e7\u00e3o completa do epis\u00f3dio, al\u00e9m dos artigos dos nossos colunistas e todos os links relacionados.<\/span><\/p>\n<p><span style=\"color: #23238e;\"><strong>Acompanhe o Pod Not\u00edcias diariamente:<\/strong><\/span><br \/>\n&#8211; <a href=\"https:\/\/t.me\/podnoticias\" target=\"_blank\" rel=\"noopener\">Canal p\u00fablico do Telegram<\/a><br \/>\n&#8211; <a href=\"https:\/\/www.instagram.com\/pod.noticias\/\">Instagram<\/a><br \/>\n&#8211; <a href=\"https:\/\/www.linkedin.com\/showcase\/pod-not%C3%ADcias\/\">Page do Linkedin<\/a><\/p>\n<p><span style=\"color: #23238e;\"><strong>Ou\u00e7a o Pod Not\u00edcias nos principais agregadores:<\/strong><\/span><br \/>\n&#8211; <a href=\"https:\/\/open.spotify.com\/show\/1swQFRqVxPiXUxdFAR5y4h\">Spotify<\/a><br \/>\n&#8211; <a href=\"https:\/\/podcasts.apple.com\/us\/podcast\/castnews-not%C3%ADcias-para-podcasters\/id1667164896\">Apple Podcasts<\/a><br \/>\n&#8211; <a href=\"https:\/\/www.deezer.com\/br\/show\/5671107\">Deezer<\/a><br \/>\n&#8211; <a href=\"https:\/\/music.amazon.com.br\/podcasts\/cdb06c29-e2c3-425b-8098-3be0eabc24ce\/\">Amazon Music<\/a><br \/>\n&#8211; <a href=\"https:\/\/pca.st\/mgdrc8vq\">PocketCasts<\/a><\/p>\n<p><span style=\"color: #23238e;\"><strong>O Pod Not\u00edcias \u00e9 uma produ\u00e7\u00e3o original da <a href=\"https:\/\/radiofobia.com.br\">R\u00e1diofobia Podcast e Multim\u00eddia<\/a> e publicado pela <a href=\"https:\/\/radiofobia.com.br\/podcast\">R\u00e1diofobia Podcast Network<\/a>, e conta com as colabora\u00e7\u00f5es de:<\/strong><\/span><br \/>\n&#8211; <a href=\"https:\/\/www.instagram.com\/camilanfs\/\"><strong>Camila Nogueira<\/strong> &#8211; arte<\/a><br \/>\n&#8211; <a href=\"https:\/\/www.instagram.com\/duhsierra\/\"><strong>Eduardo Sierra<\/strong> &#8211; edi\u00e7\u00e3o<\/a><br \/>\n&#8211; <a href=\"https:\/\/leolopes.com.br\/\"><strong>Leo Lopes<\/strong> &#8211; pesquisa, pauta, reda\u00e7\u00e3o final, dire\u00e7\u00e3o geral e apresenta\u00e7\u00e3o<\/a><br \/>\n&#8211; <a href=\"https:\/\/www.instagram.com\/thiagomiro\/\"><strong>Thiago Miro<\/strong> &#8211; pesquisa e reda\u00e7\u00e3o<\/a><\/p>\n<p><span style=\"color: #23238e;\"><strong>Publicidade:<\/strong><\/span><br \/>\n<a href=\"https:\/\/radiofobia.com.br\/contato\" target=\"_blank\" rel=\"noopener noreferrer\"><strong>Entre em contato<\/strong><\/a> e saiba como <em>anunciar sua marca, produto ou servi\u00e7o<\/em> no <strong>Pod Not\u00edcias<\/strong>.<\/p>\n","protected":false},"excerpt":{"rendered":"<p>Hoje \u00e9 segunda-feira, dia 30 de setembro de 2024 e esta \u00e9 a nossa trig\u00e9sima terceira edi\u00e7\u00e3o!<\/p>\n","protected":false},"author":2,"featured_media":30024,"comment_status":"open","ping_status":"closed","sticky":false,"template":"","format":"standard","meta":{"footnotes":""},"categories":[3059,13],"tags":[],"class_list":["post-30023","post","type-post","status-publish","format-standard","has-post-thumbnail","hentry","category-pod-noticias","category-podcast"],"_links":{"self":[{"href":"https:\/\/radiofobia.com.br\/podcast\/wp-json\/wp\/v2\/posts\/30023","targetHints":{"allow":["GET"]}}],"collection":[{"href":"https:\/\/radiofobia.com.br\/podcast\/wp-json\/wp\/v2\/posts"}],"about":[{"href":"https:\/\/radiofobia.com.br\/podcast\/wp-json\/wp\/v2\/types\/post"}],"author":[{"embeddable":true,"href":"https:\/\/radiofobia.com.br\/podcast\/wp-json\/wp\/v2\/users\/2"}],"replies":[{"embeddable":true,"href":"https:\/\/radiofobia.com.br\/podcast\/wp-json\/wp\/v2\/comments?post=30023"}],"version-history":[{"count":1,"href":"https:\/\/radiofobia.com.br\/podcast\/wp-json\/wp\/v2\/posts\/30023\/revisions"}],"predecessor-version":[{"id":30025,"href":"https:\/\/radiofobia.com.br\/podcast\/wp-json\/wp\/v2\/posts\/30023\/revisions\/30025"}],"wp:featuredmedia":[{"embeddable":true,"href":"https:\/\/radiofobia.com.br\/podcast\/wp-json\/wp\/v2\/media\/30024"}],"wp:attachment":[{"href":"https:\/\/radiofobia.com.br\/podcast\/wp-json\/wp\/v2\/media?parent=30023"}],"wp:term":[{"taxonomy":"category","embeddable":true,"href":"https:\/\/radiofobia.com.br\/podcast\/wp-json\/wp\/v2\/categories?post=30023"},{"taxonomy":"post_tag","embeddable":true,"href":"https:\/\/radiofobia.com.br\/podcast\/wp-json\/wp\/v2\/tags?post=30023"}],"curies":[{"name":"wp","href":"https:\/\/api.w.org\/{rel}","templated":true}]}}