{"id":30054,"date":"2024-10-14T07:00:22","date_gmt":"2024-10-14T10:00:22","guid":{"rendered":"https:\/\/radiofobia.com.br\/podcast\/?p=30054"},"modified":"2024-10-15T17:12:32","modified_gmt":"2024-10-15T20:12:32","slug":"pod-noticias-35-brasileiros-sao-os-que-mais-ouvem-podcast","status":"publish","type":"post","link":"https:\/\/radiofobia.com.br\/podcast\/2024\/10\/pod-noticias-35-brasileiros-sao-os-que-mais-ouvem-podcast\/","title":{"rendered":"Pod Not\u00edcias 35 &#8211; Brasileiros s\u00e3o os que mais ouvem podcast!"},"content":{"rendered":"<p><iframe title=\"Pod Not\u00edcias 35 - Brasileiros s\u00e3o os que mais ouvem podcast!\" src=\"https:\/\/omny.fm\/shows\/podnoticias\/pod-not-cias-35-brasileiros-s-o-os-que-mais-ouvem\/embed\" width=\"100%\" height=\"180\" frameborder=\"0\" data-mce-fragment=\"1\"><\/iframe><\/p>\n<p><span style=\"color: #23238e;\"><strong>Ol\u00e1, eu sou <a href=\"https:\/\/leolopes.com.br\" target=\"_blank\" rel=\"noopener\">Leo Lopes<\/a> e est\u00e1 no ar o POD NOT\u00cdCIAS, o podcast semanal que traz at\u00e9 voc\u00ea um resumo de tudo que acontece de mais importante no mercado de podcasts no Brasil e no mundo!<\/strong><\/span><\/p>\n<p><span style=\"color: #23238e;\"><strong>Hoje \u00e9 segunda-feira, dia 14 de outubro de 2024 e esta \u00e9 a nossa trig\u00e9sima quinta edi\u00e7\u00e3o!<\/strong><\/span><\/p>\n<p>1 &#8211; Faltando apenas uma semana pra celebrarmos os 20 anos de podcast no Brasil, a gente traz na manchete desta edi\u00e7\u00e3o uma not\u00edcia que pra n\u00f3s n\u00e3o \u00e9 nenhuma novidade: o Brasil se destaca como l\u00edder no consumo de podcasts, com 50% da popula\u00e7\u00e3o ouvindo esse formato de m\u00eddia, de acordo com dados recentes da Statista. Este n\u00famero coloca o nosso pa\u00eds \u00e0 frente de outras na\u00e7\u00f5es, evidenciando uma tend\u00eancia crescente entre os brasileiros de buscar informa\u00e7\u00e3o e entretenimento por meio de conte\u00fados em \u00e1udio.<\/p>\n<p>Os dados revelam que, enquanto o Brasil lidera, outros pa\u00edses apresentam varia\u00e7\u00f5es significativas no consumo de podcasts. Na Espanha, por exemplo, 45% dos entrevistados ouvem podcasts, com uma pequena parcela dedicando mais de 11 horas semanais a essa atividade. Nos Estados Unidos, o consumo \u00e9 um pouco mais modesto, com 32% da popula\u00e7\u00e3o engajada. J\u00e1 na Coreia do Sul, apenas 18% dos entrevistados relataram ouvir podcasts ocasionalmente.<\/p>\n<p>Plataformas como Spotify e Apple Podcasts t\u00eam desempenhado um papel crucial na populariza\u00e7\u00e3o dos podcasts no Brasil, facilitando o acesso a uma ampla variedade de conte\u00fados.<\/p>\n<p>O sucesso dos podcasts no Brasil sugere que o formato continuar\u00e1 a crescer, impulsionado pela facilidade de acesso e pela diversidade de temas dispon\u00edveis. Este fen\u00f4meno destaca a import\u00e2ncia dos podcasts como uma ferramenta de comunica\u00e7\u00e3o moderna, capaz de alcan\u00e7ar diferentes segmentos da popula\u00e7\u00e3o de maneira eficaz.<\/p>\n<p>\u00c9 2024 se consolidando finalmente como &#8220;o ano do podcast no Brasil&#8221;!<\/p>\n<p><a href=\"https:\/\/podnoticias.com.br\/brasil-lidera-consumo-de-podcasts-no-mundo\/\">Link<\/a><\/p>\n<p>2 &#8211; O lan\u00e7amento do iOS 18 trouxe grandes novidades, como o Apple Intelligence e suporte ao RCS, mas tamb\u00e9m n\u00e3o est\u00e1 isento de problemas. Um dos bugs mais frustrantes est\u00e1 afetando os usu\u00e1rios do Apple Podcasts, onde epis\u00f3dios est\u00e3o sendo marcados como \u201creproduzidos\u201d automaticamente, mesmo que o ouvinte n\u00e3o tenha dado play.<\/p>\n<p>Diversos usu\u00e1rios relataram que, ap\u00f3s concluir um epis\u00f3dio, o aplicativo sugere automaticamente o pr\u00f3ximo. No entanto, se o usu\u00e1rio escolher ouvir outro epis\u00f3dio, o epis\u00f3dio sugerido acaba sendo falsamente marcado como \u201creproduzido\u201d. Esse bug tem causado confus\u00e3o, j\u00e1 que muitos voltam ao aplicativo e percebem que \u201cperderam\u201d epis\u00f3dios que nunca ouviram. Para os amantes de podcasts, \u00e9 como pular uma m\u00fasica que estavam ansiosos para ouvir sem perceber.<\/p>\n<p>O problema tem afetado n\u00e3o s\u00f3 a reprodu\u00e7\u00e3o autom\u00e1tica, mas tamb\u00e9m a organiza\u00e7\u00e3o da fila de epis\u00f3dios, com relatos de epis\u00f3dios desaparecendo ou sendo marcados como reproduzidos sem que o usu\u00e1rio tenha feito nada. Alguns tentaram desativar a reprodu\u00e7\u00e3o cont\u00ednua, mas, em muitos casos, o bug persiste, tornando dif\u00edcil para os ouvintes acompanhar seus programas favoritos.<\/p>\n<p>Embora o bug ainda n\u00e3o tenha gerado uma ampla repercuss\u00e3o, ele est\u00e1 se tornando cada vez mais comum \u00e0 medida que mais usu\u00e1rios atualizam para o iOS 18. E, apesar de alguns beta testers do iOS 18.1 relatarem uma solu\u00e7\u00e3o parcial no beta 5, muitos usu\u00e1rios continuam enfrentando o problema.<\/p>\n<p>A Apple reconheceu o problema e afirmou que uma corre\u00e7\u00e3o ser\u00e1 implementada na atualiza\u00e7\u00e3o do iOS 18.1, trazendo al\u00edvio aos f\u00e3s de podcasts que esperam por uma solu\u00e7\u00e3o r\u00e1pida para n\u00e3o \u201cperderem\u201d seus epis\u00f3dios favoritos.<\/p>\n<p><a href=\"https:\/\/podnoticias.com.br\/bug-no-ios-18-afeta-usuarios-do-apple-podcasts-marcando-episodios-como-reproduzidos-sem-serem-ouvidos\/\">Link<\/a><\/p>\n<p><span style=\"color: #23238e;\"><strong>AINDA EM NOT\u00cdCIAS DA SEMANA:<\/strong><\/span><\/p>\n<p>3 &#8211; A vice-presidente dos Estados Unidos, Kamala Harris, fez uma participa\u00e7\u00e3o especial no podcast Call Her Daddy, onde conversou com a anfitri\u00e3 Alex Cooper sobre temas que v\u00e3o al\u00e9m da pol\u00edtica convencional. Durante o epis\u00f3dio, Kamala abordou quest\u00f5es importantes para as mulheres, como sa\u00fade mental, direitos reprodutivos e a import\u00e2ncia de tomar decis\u00f5es aut\u00f4nomas sobre o pr\u00f3prio corpo.<\/p>\n<p>Kamala compartilhou hist\u00f3rias pessoais, incluindo sua inspira\u00e7\u00e3o para se tornar promotora de justi\u00e7a e seu trabalho na defesa dos mais vulner\u00e1veis. Ela falou sobre o impacto de sua m\u00e3e em sua vida e como isso moldou sua vis\u00e3o sobre a responsabilidade individual e o poder de tomar decis\u00f5es informadas. A vice-presidente tamb\u00e9m discutiu os desafios enfrentados pelas mulheres nos Estados Unidos, destacando a luta pelo direito ao aborto e a import\u00e2ncia do voto para garantir que suas vozes sejam ouvidas.<\/p>\n<p>A apari\u00e7\u00e3o de Kamala no podcast \u00e9 uma tentativa de se conectar diretamente com uma nova audi\u00eancia, principalmente de mulheres jovens, abordando temas complexos de uma forma acess\u00edvel e pessoal. Para ela, \u00e9 fundamental que o p\u00fablico, especialmente as mulheres, se sinta representado e empoderado em um momento crucial para a pol\u00edtica americana.<\/p>\n<p>O epis\u00f3dio de Call Her Daddy com a vice-presidente americana est\u00e1 dispon\u00edvel no Spotify.<\/p>\n<p><a href=\"https:\/\/podnoticias.com.br\/kamala-harris-discute-direitos-das-mulheres-e-saude-mental-em-participacao-no-podcast-call-her-daddy\/\">Link<\/a><\/p>\n<p>4 &#8211; Os podcasts de true crime se destacaram como um dos g\u00eaneros mais populares nos Estados Unidos, representando 25% dos 451 podcasts de l\u00edngua inglesa mais bem avaliados em 2022, segundo dados da Statista. Desde o lan\u00e7amento de \u201cSerial\u201d h\u00e1 uma d\u00e9cada, o interesse do p\u00fablico por hist\u00f3rias reais de crimes cresceu significativamente, influenciando o panorama dos podcasts.<\/p>\n<p>O sucesso de \u201cSerial\u201d n\u00e3o apenas popularizou o g\u00eanero, mas tamb\u00e9m demonstrou o impacto dos podcasts em eventos do mundo real. O caso de Adnan Syed, tema central do podcast, foi reaberto, resultando em sua liberta\u00e7\u00e3o em 2022 ap\u00f3s mais de duas d\u00e9cadas na pris\u00e3o. Al\u00e9m do true crime, outros g\u00eaneros como pol\u00edtica e governo, entretenimento\/cultura pop, autoajuda e relacionamentos, e esportes tamb\u00e9m se destacam, conforme pesquisa do Pew Research Center.<\/p>\n<p>Os dados ressaltam a capacidade dos criadores de podcasts de true crime em capturar a imagina\u00e7\u00e3o do p\u00fablico com narrativas envolventes e, muitas vezes, perturbadoras. Essa popularidade cont\u00ednua sublinha a efic\u00e1cia do formato em manter os ouvintes engajados.<\/p>\n<p>A predomin\u00e2ncia dos podcasts de true crime reflete uma mudan\u00e7a nas prefer\u00eancias de m\u00eddia, com os ouvintes buscando conte\u00fado que informe e entretenha simultaneamente. Com novos casos e formatos surgindo, o g\u00eanero deve continuar a influenciar tanto o mercado de podcasts quanto a percep\u00e7\u00e3o p\u00fablica de casos criminais reais.<\/p>\n<p><a href=\"https:\/\/podnoticias.com.br\/podcasts-de-true-crime-dominam-o-cenario-americano\/\">Link<\/a><\/p>\n<p><span style=\"color: #23238e;\"><strong>E MAIS:<\/strong><\/span><\/p>\n<p>5 &#8211; O Outubro Rosa \u00e9 uma campanha mundial realizada durante todo o m\u00eas de outubro para conscientizar a popula\u00e7\u00e3o sobre a import\u00e2ncia da preven\u00e7\u00e3o e do diagn\u00f3stico precoce do c\u00e2ncer de mama, uma iniciativa criada nos anos 90 nos Estados Unidos que busca alertar as mulheres e a sociedade em geral sobre a necessidade de exames regulares e cuidados com a sa\u00fade, destacando o autoexame e mamografias como principais aliados na luta contra essa doen\u00e7a.<\/p>\n<p>O principal objetivo da campanha \u00e9 reduzir as taxas de mortalidade por c\u00e2ncer de mama, promovendo a detec\u00e7\u00e3o precoce, que aumenta consideravelmente as chances de tratamento eficaz e cura. No Brasil, o c\u00e2ncer de mama \u00e9 o segundo tipo mais comum entre as mulheres, e o Inca estima que mais de 66 mil novos casos s\u00e3o diagnosticados anualmente. Al\u00e9m de oferecer informa\u00e7\u00f5es sobre preven\u00e7\u00e3o, o Outubro Rosa tamb\u00e9m destaca a import\u00e2ncia de pol\u00edticas p\u00fablicas de sa\u00fade que garantam o acesso aos exames e ao tratamento adequado.<\/p>\n<p>Se voc\u00ea quer saber mais sobre o tema, aqui est\u00e3o quatro epis\u00f3dios de podcasts que abordam a conscientiza\u00e7\u00e3o, preven\u00e7\u00e3o e hist\u00f3rias inspiradoras de mulheres que enfrentaram o c\u00e2ncer de mama:<\/p>\n<ol>\n<li><a href=\"https:\/\/open.spotify.com\/episode\/3u7RifmbQp0BtqPa3QxQbT?si=dbtZD7ToS-SUr58zsc3Fxg\">\u00c9 Legal, Mas Pod? \u2013 Artigo 473 da CLT, inciso XII<\/a><br \/>\nNeste epis\u00f3dio, Ana Carol Martins e Otavio Calvet discutem o Artigo 473 da CLT que garante at\u00e9 tr\u00eas dias de licen\u00e7a remunerada a cada 12 meses para realiza\u00e7\u00e3o de exames preventivos de c\u00e2ncer, abordando tamb\u00e9m a import\u00e2ncia do Outubro Rosa para todos os g\u00eaneros.<\/li>\n<li><a href=\"https:\/\/open.spotify.com\/episode\/5ilvl5uN5XiZj79zXgBJPT?si=sy53bj4GSF-BqwsReLtFDA\">SUSCast \u2013 Outubro Rosa, C\u00e2ncer de Mama e o SUS<\/a><br \/>\nEste epis\u00f3dio foca nas pol\u00edticas de sa\u00fade p\u00fablica para o tratamento do c\u00e2ncer de mama no Brasil, explicando como o SUS desempenha um papel crucial na preven\u00e7\u00e3o, diagn\u00f3stico e tratamento da doen\u00e7a.<\/li>\n<li><a href=\"https:\/\/open.spotify.com\/episode\/2TH9CY4FBnqPsLbbjNkQVy?si=AqEgaVTER_GsE7uTLb_qeA\">Louca \u00e9 a M\u00e3e \u2013 Maternidade e C\u00e2ncer de Mama<\/a><br \/>\nNeste epis\u00f3dio, Mirian Revers e Gabriela Sakalauskas recebem convidadas para compartilhar suas experi\u00eancias de luta contra o c\u00e2ncer de mama, discutindo o impacto da doen\u00e7a na maternidade e na vida familiar.<\/li>\n<li><a href=\"https:\/\/open.spotify.com\/episode\/2hIRwv1SJVbL20O87vqdoq?si=nSp-aiQGSKiLCxuiTakHIA\">Podcast IFF\/Fiocruz \u2013 Sa\u00fade em Foco: Outubro Rosa<\/a><br \/>\nCom participa\u00e7\u00e3o de especialistas como a mastologista Viviane Esteves, este epis\u00f3dio do podcast da Fiocruz oferece uma abordagem informativa sobre a preven\u00e7\u00e3o do c\u00e2ncer de mama e o impacto das campanhas do Outubro Rosa.<\/li>\n<\/ol>\n<p>Esses podcasts oferecem uma vis\u00e3o ampla e variada sobre o c\u00e2ncer de mama e a import\u00e2ncia do Outubro Rosa, proporcionando informa\u00e7\u00f5es valiosas e depoimentos que ressaltam a necessidade de cuidar da sa\u00fade. Todos os links est\u00e3o na descri\u00e7\u00e3o do epis\u00f3dio.<\/p>\n<p><a href=\"https:\/\/podnoticias.com.br\/outubro-rosa-podcasts-para-conscientizar-e-prevenir-o-cancer-de-mama\/\">Link<\/a><\/p>\n<p>6 &#8211; \u00c0 medida que os canais de m\u00eddia tradicionais perdem relev\u00e2ncia, os podcasts emergem como uma for\u00e7a vibrante e influente nas rela\u00e7\u00f5es p\u00fablicas. Oferecendo conte\u00fado imersivo e de alta qualidade diretamente aos ouvintes, os podcasts est\u00e3o revolucionando a forma como as marcas interagem e constroem relacionamentos com seus p\u00fablicos-alvo.<\/p>\n<p>A gente preparou uma mat\u00e9ria sobre esse tema, destacando pontos como a ascens\u00e3o acelerada do podcasting nos \u00faltimos dez anos, gra\u00e7as a fatores como acessibilidade, conte\u00fado diversificado e audi\u00e7\u00e3o sob demanda e o seu uso como ferramenta de RP pra construir narrativas impactantes, humanizar a marca e alcan\u00e7ar p\u00fablicos de nicho.<\/p>\n<p>O link pro artigo completo do site do Pod Not\u00edcias, que n\u00e3o \u00e9 por nada n\u00e3o mas foi feito com todo o capricho, voc\u00ea encontra aqui na descri\u00e7\u00e3o deste epis\u00f3dio.<\/p>\n<p><a href=\"https:\/\/podnoticias.com.br\/o-podcasting-como-ferramenta-de-rp-para-aumentar-o-engajamento-do-publico\/\">Link<\/a><\/p>\n<p><span style=\"color: #23238e;\"><strong>HOJE NO GIRO SOBRE PESSOAS QUE FAZEM A M\u00cdDIA:<\/strong><\/span><\/p>\n<p>7 &#8211; Todd Cochrane, uma das figuras mais influentes e pioneiras do mundo do podcasting, est\u00e1 celebrando 20 anos de atua\u00e7\u00e3o na ind\u00fastria. Ele iniciou sua jornada em 2004, quando o podcasting ainda era uma m\u00eddia desconhecida e cheia de incertezas. Hoje, duas d\u00e9cadas depois, ele se consagra como uma voz essencial e respeitada no setor, ajudando a moldar o futuro do podcasting com seu trabalho na Blubrry e o seu popular podcast Geek News Central, em mais de 1700 epis\u00f3dios.<\/p>\n<p>Em uma recente mensagem para seu p\u00fablico, Cochrane refletiu sobre o impacto que o podcasting teve em sua vida e carreira, mencionando a import\u00e2ncia da conex\u00e3o com sua comunidade, que ele carinhosamente chama de \u201cOhana\u201d, uma palavra havaiana para fam\u00edlia. Ele afirma que sua conex\u00e3o com a audi\u00eancia sempre foi sua for\u00e7a motriz, destacando que compartilhar suas opini\u00f5es e insights sobre o mundo da tecnologia foi, e continua sendo, sua grande paix\u00e3o.<\/p>\n<p>Ao longo de sua trajet\u00f3ria, um dos pilares de sua evolu\u00e7\u00e3o como podcaster foi o apoio cont\u00ednuo de seu patrocinador, GoDaddy, que acredita no poder do podcasting desde 2005. Gra\u00e7as a essa parceria de longa data, Cochrane p\u00f4de experimentar, inovar e crescer, levando esse conhecimento para os podcasters que hoje ele atende atrav\u00e9s da empresa de hospedagem Blubrry, da qual \u00e9 CEO.<\/p>\n<p>Ap\u00f3s duas d\u00e9cadas de sucesso, Todd Cochrane est\u00e1 longe de desacelerar. Ele segue comprometido com o crescimento do podcasting e encorajou sua comunidade a continuar \u201ctornando o imposs\u00edvel, poss\u00edvel\u201d nos pr\u00f3ximos 20 anos. Com um legado de inova\u00e7\u00e3o e uma presen\u00e7a fundamental na ind\u00fastria, Todd Cochrane certamente continuar\u00e1 a ser uma for\u00e7a impulsionadora para o futuro do podcasting.<\/p>\n<p>Fica aqui nossos parab\u00e9ns ao Todd, com quem eu tenho a honra de me relacionar h\u00e1 mais de 10 anos, pelos seus 20 anos de podcast! Semana que vem o Brasil te alcan\u00e7a!<\/p>\n<p><a href=\"https:\/\/podnoticias.com.br\/todd-cochrane-comemora-20-anos-no-podcasting-e-reflete-sobre-sua-trajetoria-pioneira\/\">Link<\/a><\/p>\n<p><strong><span style=\"color: #23238e;\">SOBRE LAN\u00c7AMENTOS:<\/span><\/strong><\/p>\n<p>8 &#8211; Os atores Nelson Freitas e Stepan Nercessian uniram for\u00e7as para lan\u00e7ar o podcast &#8220;Retiro O Que Eu Disse&#8221;, que tem como objetivo homenagear as hist\u00f3rias das personalidades ligadas ao Retiro dos Artistas, uma institui\u00e7\u00e3o carioca que acolhe profissionais das artes em situa\u00e7\u00e3o de vulnerabilidade. O podcast, al\u00e9m de ser uma oportunidade para compartilhar hist\u00f3rias marcantes da trajet\u00f3ria de grandes artistas, tamb\u00e9m visa arrecadar recursos para o Retiro, disponibilizando um QR code durante as transmiss\u00f5es para doa\u00e7\u00f5es.<\/p>\n<p>As grava\u00e7\u00f5es do podcast come\u00e7aram no final de setembro no MultiStudios, um est\u00fadio de vidro especializado em grava\u00e7\u00f5es audiovisuais no shopping ParkJacarepagu\u00e1, na Zona Oeste do Rio de Janeiro. O projeto tem uma abordagem \u00fanica, com epis\u00f3dios gravados semanalmente e a participa\u00e7\u00e3o de convidados especiais ligados \u00e0 institui\u00e7\u00e3o, como Alexandre Regis, Anselmo Vasconcelos e Raul Gazolla.<\/p>\n<p>O lan\u00e7amento nas plataformas digitais ainda est\u00e1 em defini\u00e7\u00e3o, mas o p\u00fablico j\u00e1 pode acompanhar as grava\u00e7\u00f5es ao vivo no ParkJacarepagu\u00e1. O podcast Retiro O Que Eu Disse promete emocionar e divertir, enquanto cumpre sua miss\u00e3o de apoiar uma das institui\u00e7\u00f5es mais importantes para o setor art\u00edstico do Brasil.<\/p>\n<p><a href=\"https:\/\/podnoticias.com.br\/nelson-freitas-e-stepan-nercessian-lancam-podcast-em-apoio-ao-retiro-dos-artistas\/\">Link<\/a><\/p>\n<p>9 &#8211; O Servi\u00e7o Nacional de Aprendizagem Rural (Senar-RS) est\u00e1 expandindo sua presen\u00e7a na Expointer 2024 com o lan\u00e7amento do podcast Talk Agro, uma s\u00e9rie de bate-papos t\u00e9cnicos gravados durante o evento no Parque de Exposi\u00e7\u00f5es Assis Brasil. O programa \u00e9 uma extens\u00e3o das palestras t\u00e9cnicas realizadas no Audit\u00f3rio da Casa do Senar, e traz especialistas discutindo temas ligados \u00e0 dissemina\u00e7\u00e3o de novas tecnologias, produtividade e rentabilidade no agroneg\u00f3cio.<\/p>\n<p>O Talk Agro est\u00e1 programado para abordar temas relevantes ao agroneg\u00f3cio em cinco epis\u00f3dios. Entre os pr\u00f3ximos temas, est\u00e3o pecu\u00e1ria sustent\u00e1vel, solos e gest\u00e3o. Cada conversa conta com especialistas renomados que compartilham seus conhecimentos pr\u00e1ticos e experi\u00eancias no campo.<\/p>\n<p>A produ\u00e7\u00e3o, que envolve capta\u00e7\u00e3o, edi\u00e7\u00e3o e distribui\u00e7\u00e3o, \u00e9 realizada pela equipe da Padrinho Conte\u00fado e Assessoria. A media\u00e7\u00e3o \u00e9 conduzida pelo jornalista Pedro Pereira, com pesquisa e roteiro de Gabriela Perufo, e t\u00e9cnica e finaliza\u00e7\u00e3o de Felipe Vilella e Bruna Gon\u00e7alves.<\/p>\n<p>O Talk Agro tem o objetivo de levar o conhecimento compartilhado na feira para al\u00e9m do evento. O primeiro epis\u00f3dio estreou em 19 de setembro e todos est\u00e3o sendo disponibilizados quinzenalmente no YouTube e no Spotify.<\/p>\n<p><a href=\"https:\/\/podnoticias.com.br\/senar-rs-lanca-podcast-talk-agro-com-episodios-tecnicos-gravados-na-expointer-2024\/\">Link<\/a><\/p>\n<p><strong><span style=\"color: #23238e;\">RECOMENDA\u00c7\u00c3O NACIONAL:<\/span><\/strong><\/p>\n<p>10 &#8211; A nossa recomenda\u00e7\u00e3o nacional da semana vai para um podcast que est\u00e1 concluindo sua primeira temporada abordando um tema extremamente importante pra todo trabalhador: o planejamento de sua aposentadoria volunt\u00e1ria. Sim, porque n\u00f3s s\u00f3 temos duas op\u00e7\u00f5es: ou a gente aprende a planejar a nossa aposentadoria enquanto ainda estamos trabalhando, pra podermos ter um final de vida mais confort\u00e1vel, ou a gente vai acabar invariavelmente se aposentando com muito, muito pouco, ou com quase nada na maioria das vezes.<\/p>\n<p>\u00c9 isso que o podcast Tabula Rasa se prop\u00f5e desde julho deste ano. Idealizado pelo economista carioca Felipe Ferreira e produzido aqui na R\u00e1diofobia Podcast e Multim\u00eddia, o podcast apresentou em sua primeira temporada o &#8220;Mito do Jovem Aposentado&#8221;, refletindo sobre os meios para elaborar um plano de carreira para se aposentar voluntariamente e alcan\u00e7ar a sonhada liberdade e independ\u00eancia para priorizar a pr\u00f3pria agenda numa fase senior de recome\u00e7o, com base na experi\u00eancia do pr\u00f3prio Felipe depois de mais de 35 anos de carreira nos setores industrial, de servi\u00e7os, educacional, tecnologia e financeiro, no Brasil e no exterior.<\/p>\n<p>Depois de 12 epis\u00f3dios, o Tabula Rasa se aproxima da segunda temporada preparando uma s\u00e9rie de entrevistas com profissionais que v\u00e3o ampliar ainda mais nossa consci\u00eancia sobre o que fazer para planejar nossa aposentadoria volunt\u00e1ria enquanto ainda d\u00e1 tempo.<\/p>\n<p>Tabula Rasa \u00e9 publicado semanalmente \u00e0s ter\u00e7as-feiras pela R\u00e1diofobia Podcast Network e est\u00e1 dispon\u00edvel no YouTube e em todas as plataformas de \u00e1udio.<\/p>\n<p><a href=\"https:\/\/www.tabularasasenior.com.br\/\">Link<\/a><\/p>\n<p>Este epis\u00f3dio contou com o apoio da <a href=\"https:\/\/www.contentacademy.com.br\/\"><strong>CONTENT ACADEMY<\/strong><\/a>, uma plataforma de cursos online voltada para quem quer trabalhar com cria\u00e7\u00e3o de conte\u00fado que tem na plataforma cursos como <strong>True Crime com o Ivan Mizanzuk, <\/strong><strong>Webjornalismo independente com Alvaro e Ana do Meteoro Brasil<\/strong>, <strong>Storytelling com o Kenji do Normose<\/strong>, <strong>Edi\u00e7\u00e3o de v\u00eddeo para Youtube com o Will do Jogatina Maneira<\/strong>, o meu curso <a href=\"https:\/\/leolop.es\/novocurso\" target=\"_blank\" rel=\"noopener\"><strong>Podcast para todos<\/strong> (que t\u00e1 com uma mega promo\u00e7\u00e3o por tempo limitado)<\/a> e mais um monte de cursos incr\u00edveis que voc\u00ea acessa em <a href=\"https:\/\/www.contentacademy.com.br\/\"><strong>contentacademy.com.br<\/strong><\/a>!<\/p>\n<p>O Pod Not\u00edcias tamb\u00e9m conta com o apoio da <a href=\"http:\/\/leolop.es\/hostgator\"><strong>HostGator<\/strong><\/a>, um dos melhores servi\u00e7os de hospedagem do mundo, onde n\u00f3s hospedamos o nosso site e que d\u00e1 para o nosso ouvinte a partir de 69 at\u00e9 74% de desconto em planos de hospedagem, al\u00e9m de contar gratuitamente com a rede global da CDN Cloudflare, que tem benef\u00edcios insuper\u00e1veis e podem ser ativados em um clique nos planos de hospedagem da HostGator. Garanta j\u00e1 seu desconto acessando <a href=\"https:\/\/podnoticias.com.br\"><strong>podnoticias.com.br<\/strong><\/a> e clicando no banner que fica no rodap\u00e9 da p\u00e1gina ou em qualquer postagem individual.<\/p>\n<p>Se voc\u00ea, assim como a <a href=\"http:\/\/leolop.es\/hostgator\"><strong>HostGator<\/strong><\/a> e a <strong><a href=\"https:\/\/www.contentacademy.com.br\/\">Content Academy<\/a><\/strong>, quiser anunciar a sua marca, produto ou servi\u00e7o com a gente aqui no Pod Not\u00edcias \u2013 tanto no podcast como no nosso site \u2013 e atingir um p\u00fablico qualificado que se interessa pelo podcast aqui no Brasil, manda um e-mail pro <strong>contato@podnoticias.com.br<\/strong>, que n\u00f3s vamos ter o maior prazer em conversar com voc\u00ea sobre as nossas op\u00e7\u00f5es de publicidade. E caso voc\u00ea queira colaborar com o Pod Not\u00edcias com texto, sugest\u00e3o de pauta ou envio de not\u00edcias, tamb\u00e9m vai ser muito bem-vindo e pode fazer isso atrav\u00e9s do mesmo e-mail.<\/p>\n<p><span style=\"font-weight: 400;\">E assim a gente fecha esta trig\u00e9sima quinta edi\u00e7\u00e3o do <strong>Pod Not\u00edcias<\/strong>. Acesse <a href=\"https:\/\/podnoticias.com.br\" target=\"_blank\" rel=\"noopener\"><strong>podnoticias.com.br<\/strong><\/a> para ter acesso \u00e0 \u00edntegra das not\u00edcias com todas as fontes e a transcri\u00e7\u00e3o completa do epis\u00f3dio, al\u00e9m dos artigos dos nossos colunistas e todos os links relacionados.<\/span><\/p>\n<p><span style=\"color: #23238e;\"><strong>Acompanhe o Pod Not\u00edcias diariamente:<\/strong><\/span><br \/>\n&#8211; <a href=\"https:\/\/t.me\/podnoticias\" target=\"_blank\" rel=\"noopener\">Canal p\u00fablico do Telegram<\/a><br \/>\n&#8211; <a href=\"https:\/\/www.instagram.com\/pod.noticias\/\">Instagram<\/a><br \/>\n&#8211; <a href=\"https:\/\/www.linkedin.com\/showcase\/pod-not%C3%ADcias\/\">Page do Linkedin<\/a><\/p>\n<p><span style=\"color: #23238e;\"><strong>Ou\u00e7a o Pod Not\u00edcias nos principais agregadores:<\/strong><\/span><br \/>\n&#8211; <a href=\"https:\/\/open.spotify.com\/show\/1swQFRqVxPiXUxdFAR5y4h\">Spotify<\/a><br \/>\n&#8211; <a href=\"https:\/\/podcasts.apple.com\/us\/podcast\/castnews-not%C3%ADcias-para-podcasters\/id1667164896\">Apple Podcasts<\/a><br \/>\n&#8211; <a href=\"https:\/\/www.deezer.com\/br\/show\/5671107\">Deezer<\/a><br \/>\n&#8211; <a href=\"https:\/\/music.amazon.com.br\/podcasts\/cdb06c29-e2c3-425b-8098-3be0eabc24ce\/\">Amazon Music<\/a><br \/>\n&#8211; <a href=\"https:\/\/pca.st\/mgdrc8vq\">PocketCasts<\/a><\/p>\n<p><span style=\"color: #23238e;\"><strong>O Pod Not\u00edcias \u00e9 uma produ\u00e7\u00e3o original da <a href=\"https:\/\/radiofobia.com.br\">R\u00e1diofobia Podcast e Multim\u00eddia<\/a> e publicado pela <a href=\"https:\/\/radiofobia.com.br\/podcast\">R\u00e1diofobia Podcast Network<\/a>, e conta com as colabora\u00e7\u00f5es de:<\/strong><\/span><br \/>\n&#8211; <a href=\"https:\/\/www.instagram.com\/camilanfs\/\"><strong>Camila Nogueira<\/strong> &#8211; arte<\/a><br \/>\n&#8211; <a href=\"https:\/\/www.instagram.com\/duhsierra\/\"><strong>Eduardo Sierra<\/strong> &#8211; edi\u00e7\u00e3o<\/a><br \/>\n&#8211; <a href=\"https:\/\/leolopes.com.br\/\"><strong>Leo Lopes<\/strong> &#8211; pesquisa, pauta, reda\u00e7\u00e3o final, dire\u00e7\u00e3o geral e apresenta\u00e7\u00e3o<\/a><br \/>\n&#8211; <a href=\"https:\/\/www.instagram.com\/thiagomiro\/\"><strong>Thiago Miro<\/strong> &#8211; pesquisa e reda\u00e7\u00e3o<\/a><\/p>\n<p><span style=\"color: #23238e;\"><strong>Publicidade:<\/strong><\/span><br \/>\n<a href=\"https:\/\/radiofobia.com.br\/contato\" target=\"_blank\" rel=\"noopener noreferrer\"><strong>Entre em contato<\/strong><\/a> e saiba como <em>anunciar sua marca, produto ou servi\u00e7o<\/em> no <strong>Pod Not\u00edcias<\/strong>.<\/p>\n","protected":false},"excerpt":{"rendered":"<p>Hoje \u00e9 segunda-feira, dia 14 de outubro de 2024 e esta \u00e9 a nossa trig\u00e9sima quinta edi\u00e7\u00e3o!<\/p>\n","protected":false},"author":2,"featured_media":30055,"comment_status":"open","ping_status":"closed","sticky":false,"template":"","format":"standard","meta":{"footnotes":""},"categories":[3059,13],"tags":[],"class_list":["post-30054","post","type-post","status-publish","format-standard","has-post-thumbnail","hentry","category-pod-noticias","category-podcast"],"_links":{"self":[{"href":"https:\/\/radiofobia.com.br\/podcast\/wp-json\/wp\/v2\/posts\/30054","targetHints":{"allow":["GET"]}}],"collection":[{"href":"https:\/\/radiofobia.com.br\/podcast\/wp-json\/wp\/v2\/posts"}],"about":[{"href":"https:\/\/radiofobia.com.br\/podcast\/wp-json\/wp\/v2\/types\/post"}],"author":[{"embeddable":true,"href":"https:\/\/radiofobia.com.br\/podcast\/wp-json\/wp\/v2\/users\/2"}],"replies":[{"embeddable":true,"href":"https:\/\/radiofobia.com.br\/podcast\/wp-json\/wp\/v2\/comments?post=30054"}],"version-history":[{"count":1,"href":"https:\/\/radiofobia.com.br\/podcast\/wp-json\/wp\/v2\/posts\/30054\/revisions"}],"predecessor-version":[{"id":30056,"href":"https:\/\/radiofobia.com.br\/podcast\/wp-json\/wp\/v2\/posts\/30054\/revisions\/30056"}],"wp:featuredmedia":[{"embeddable":true,"href":"https:\/\/radiofobia.com.br\/podcast\/wp-json\/wp\/v2\/media\/30055"}],"wp:attachment":[{"href":"https:\/\/radiofobia.com.br\/podcast\/wp-json\/wp\/v2\/media?parent=30054"}],"wp:term":[{"taxonomy":"category","embeddable":true,"href":"https:\/\/radiofobia.com.br\/podcast\/wp-json\/wp\/v2\/categories?post=30054"},{"taxonomy":"post_tag","embeddable":true,"href":"https:\/\/radiofobia.com.br\/podcast\/wp-json\/wp\/v2\/tags?post=30054"}],"curies":[{"name":"wp","href":"https:\/\/api.w.org\/{rel}","templated":true}]}}